{"id":52602,"date":"2019-08-20T13:47:11","date_gmt":"2019-08-20T16:47:11","guid":{"rendered":"http:\/\/catolicanet.net\/wp-cnet\/?p=52602"},"modified":"2019-08-20T13:47:11","modified_gmt":"2019-08-20T16:47:11","slug":"seminarista-com-doenca-terminal-sera-ordenado-sacerdote","status":"publish","type":"post","link":"https:\/\/catolicanet.net\/wp-cnet\/seminarista-com-doenca-terminal-sera-ordenado-sacerdote\/","title":{"rendered":"Seminarista com doen\u00e7a terminal ser\u00e1 ordenado sacerdote"},"content":{"rendered":"<p>Um jovem seminarista com doen\u00e7a terminal receber\u00e1 a ordena\u00e7\u00e3o diaconal e sacerdotal nos pr\u00f3ximos dias na Col\u00f4mbia, depois de uma consulta realizada ao Vaticano.<\/p>\n<p>Trata-se de Diego Omar Pe\u00f1a Navia, um jovem seminarista da Diocese de Garz\u00f3n, Huila (Col\u00f4mbia), que ser\u00e1 ordenado di\u00e1cono em 21 de agosto e sacerdote no dia seguinte.<\/p>\n<h6><em>Cortesia: Semin\u00e1rio Conciliar Maria Imaculada<\/em><\/h6>\n<p>&#8220;Diego Omar ser\u00e1 ordenado antes de concluir todo o seu tempo de forma\u00e7\u00e3o, porque h\u00e1 v\u00e1rios meses est\u00e1 sofrendo com uma doen\u00e7a terminal, que o uniu e configurou de maneira especial ao nosso Senhor Jesus Cristo, morto e ressuscitado\u201d, menciona o comunicado da Diocese de Garz\u00f3n.<\/p>\n<p>Devido \u00e0 situa\u00e7\u00e3o delicada do seminarista, o Bispo de Garz\u00f3n, Dom Fabio Duque Jaramillo, consultou a Congrega\u00e7\u00e3o para o Culto Divino e a Disciplina dos sacramentos sobre a possibilidade de conceder-lhe a ordena\u00e7\u00e3o diaconal e sacerdotal.<\/p>\n<p>\u201cA raz\u00e3o fundamental desta decis\u00e3o tomada pelo Senhor Bispo e que a igreja universal confirmou descobre nele o chamado do Senhor a ser presb\u00edtero; n\u00e3o apenas para esta vida, mas tamb\u00e9m para a eternidade\u201d, assegurou. Do mesmo modo, afirmou que o seminarista \u201cd\u00e1 os sinais da f\u00e9 para receber o sacramento da Ordem\u201d.<\/p>\n<p><img loading=\"lazy\" decoding=\"async\" class=\"aligncenter size-full wp-image-52605\" src=\"http:\/\/catolicanet.net\/wp-cnet\/wp-content\/uploads\/Seminario-Conciliar-Maria-Inmaculada-3.jpg\" alt=\"\" width=\"1032\" height=\"774\" srcset=\"https:\/\/catolicanet.net\/wp-cnet\/wp-content\/uploads\/Seminario-Conciliar-Maria-Inmaculada-3.jpg 1032w, https:\/\/catolicanet.net\/wp-cnet\/wp-content\/uploads\/Seminario-Conciliar-Maria-Inmaculada-3-300x225.jpg 300w, https:\/\/catolicanet.net\/wp-cnet\/wp-content\/uploads\/Seminario-Conciliar-Maria-Inmaculada-3-768x576.jpg 768w, https:\/\/catolicanet.net\/wp-cnet\/wp-content\/uploads\/Seminario-Conciliar-Maria-Inmaculada-3-1024x768.jpg 1024w, https:\/\/catolicanet.net\/wp-cnet\/wp-content\/uploads\/Seminario-Conciliar-Maria-Inmaculada-3-600x450.jpg 600w, https:\/\/catolicanet.net\/wp-cnet\/wp-content\/uploads\/Seminario-Conciliar-Maria-Inmaculada-3-80x60.jpg 80w, https:\/\/catolicanet.net\/wp-cnet\/wp-content\/uploads\/Seminario-Conciliar-Maria-Inmaculada-3-265x198.jpg 265w, https:\/\/catolicanet.net\/wp-cnet\/wp-content\/uploads\/Seminario-Conciliar-Maria-Inmaculada-3-696x522.jpg 696w, https:\/\/catolicanet.net\/wp-cnet\/wp-content\/uploads\/Seminario-Conciliar-Maria-Inmaculada-3-560x420.jpg 560w\" sizes=\"auto, (max-width: 1032px) 100vw, 1032px\" \/><\/p>\n<h6><em>Cortesia: Semin\u00e1rio Conciliar Maria Imaculada<\/em><\/h6>\n<p>A Diocese de Garz\u00f3n convidou a comunidade para participar das celebra\u00e7\u00f5es. Diego Pe\u00f1a ser\u00e1 ordenado di\u00e1cono na quarta-feira, 21 de agosto, \u00e0s 10h, na Capela do Semin\u00e1rio Maior Diocesano; j\u00e1 a ordena\u00e7\u00e3o sacerdotal ocorrer\u00e1 na quinta-feira, 22 de agosto, na Igreja Catedral de S\u00e3o Miguel Arcanjo de Garz\u00f3n.<\/p>\n<p>\u201cDeus chama e coloca em quem Ele escolheu muitos de seus tesouros de gra\u00e7a e amor. Com o desejo de servir ao Senhor da vida, muitos homens e mulheres come\u00e7am os processos de forma\u00e7\u00e3o para consagrar toda a sua vida na Igreja ao servi\u00e7o de Deus\u201d, assinalou a Diocese.<\/p>\n<p>Nesse sentido, recordou que \u201co Senhor mostra de modo particular o caminho da cruz para muitos de seus escolhidos para cham\u00e1-los a configurar-se plenamente com seu mist\u00e9rio de entrega e amor, um itiner\u00e1rio que o pr\u00f3prio Jesus percorreu para nos dar exemplo e nos ensinar a maneira como temos que enfrentar o caminho da vontade de Deus\u201d.<\/p>\n<p><img loading=\"lazy\" decoding=\"async\" class=\"aligncenter size-full wp-image-52604\" src=\"http:\/\/catolicanet.net\/wp-cnet\/wp-content\/uploads\/Seminario-Conciliar-Maria-Inmaculada-2.jpg\" alt=\"\" width=\"720\" height=\"1280\" srcset=\"https:\/\/catolicanet.net\/wp-cnet\/wp-content\/uploads\/Seminario-Conciliar-Maria-Inmaculada-2.jpg 720w, https:\/\/catolicanet.net\/wp-cnet\/wp-content\/uploads\/Seminario-Conciliar-Maria-Inmaculada-2-169x300.jpg 169w, https:\/\/catolicanet.net\/wp-cnet\/wp-content\/uploads\/Seminario-Conciliar-Maria-Inmaculada-2-576x1024.jpg 576w, https:\/\/catolicanet.net\/wp-cnet\/wp-content\/uploads\/Seminario-Conciliar-Maria-Inmaculada-2-432x768.jpg 432w, https:\/\/catolicanet.net\/wp-cnet\/wp-content\/uploads\/Seminario-Conciliar-Maria-Inmaculada-2-600x1067.jpg 600w, https:\/\/catolicanet.net\/wp-cnet\/wp-content\/uploads\/Seminario-Conciliar-Maria-Inmaculada-2-696x1237.jpg 696w, https:\/\/catolicanet.net\/wp-cnet\/wp-content\/uploads\/Seminario-Conciliar-Maria-Inmaculada-2-236x420.jpg 236w\" sizes=\"auto, (max-width: 720px) 100vw, 720px\" \/><\/p>\n<h6><em>Cortesia: Semin\u00e1rio Conciliar Maria Imaculada<\/em><\/h6>\n<p>\u201cEste \u00e9 o caso de Diego Omar, que foi visitado pela enfermidade e teve a oportunidade de viver em sua carne a entrega amorosa de Deus pela humanidade, configurando-se plenamente com o mist\u00e9rio da Cruz\u201d, explicaram.<\/p>\n<p>Pe\u00f1a poder\u00e1 ser ordenado di\u00e1cono e sacerdote, apesar de n\u00e3o ter conclu\u00eddo os estudos do semin\u00e1rio. &#8220;Este \u00e9 um acontecimento de f\u00e9 que envolve todos os batizados em ora\u00e7\u00e3o e louvor a Deus que concede um novo sacerdote \u00e0 nossa Igreja Particular&#8221;, indicaram.<\/p>\n<p>&#8220;A maturidade em sua vida crist\u00e3 e a maneira como enfrentou sua doen\u00e7a s\u00e3o um sinal para a comunidade crist\u00e3 do chamado do Senhor ao Sacerd\u00f3cio&#8221;, assinalou a Diocese.<\/p>\n<p>Diego Omar ingressou no Semin\u00e1rio Conciliar Maria Imaculada de Garz\u00f3n em 1\u00ba de fevereiro de 2015 e atualmente est\u00e1 no terceiro ano de Filosofia.<\/p>\n<p><img loading=\"lazy\" decoding=\"async\" class=\"aligncenter size-full wp-image-52603\" src=\"http:\/\/catolicanet.net\/wp-cnet\/wp-content\/uploads\/Seminario-Conciliar-Maria-Inmaculada-6.jpg\" alt=\"\" width=\"1280\" height=\"720\" srcset=\"https:\/\/catolicanet.net\/wp-cnet\/wp-content\/uploads\/Seminario-Conciliar-Maria-Inmaculada-6.jpg 1280w, https:\/\/catolicanet.net\/wp-cnet\/wp-content\/uploads\/Seminario-Conciliar-Maria-Inmaculada-6-300x169.jpg 300w, https:\/\/catolicanet.net\/wp-cnet\/wp-content\/uploads\/Seminario-Conciliar-Maria-Inmaculada-6-768x432.jpg 768w, https:\/\/catolicanet.net\/wp-cnet\/wp-content\/uploads\/Seminario-Conciliar-Maria-Inmaculada-6-1024x576.jpg 1024w, https:\/\/catolicanet.net\/wp-cnet\/wp-content\/uploads\/Seminario-Conciliar-Maria-Inmaculada-6-600x338.jpg 600w, https:\/\/catolicanet.net\/wp-cnet\/wp-content\/uploads\/Seminario-Conciliar-Maria-Inmaculada-6-696x392.jpg 696w, https:\/\/catolicanet.net\/wp-cnet\/wp-content\/uploads\/Seminario-Conciliar-Maria-Inmaculada-6-1068x601.jpg 1068w, https:\/\/catolicanet.net\/wp-cnet\/wp-content\/uploads\/Seminario-Conciliar-Maria-Inmaculada-6-747x420.jpg 747w\" sizes=\"auto, (max-width: 1280px) 100vw, 1280px\" \/><\/p>\n<h6><em>Cortesia: Semin\u00e1rio Conciliar Maria Imaculada<\/em><\/h6>\n","protected":false},"excerpt":{"rendered":"<p>Um jovem seminarista com doen\u00e7a terminal receber\u00e1 a ordena\u00e7\u00e3o diaconal e sacerdotal nos pr\u00f3ximos dias na Col\u00f4mbia, depois de uma consulta realizada ao Vaticano. Trata-se de Diego Omar Pe\u00f1a Navia, um jovem seminarista da Diocese de Garz\u00f3n, Huila (Col\u00f4mbia), que ser\u00e1 ordenado di\u00e1cono em 21 de agosto e sacerdote no dia seguinte. Cortesia: Semin\u00e1rio Conciliar [&hellip;]<\/p>\n","protected":false},"author":1,"featured_media":52606,"comment_status":"open","ping_status":"closed","sticky":false,"template":"","format":"standard","meta":{"footnotes":""},"categories":[4],"tags":[],"class_list":["post-52602","post","type-post","status-publish","format-standard","has-post-thumbnail","hentry","category-cotidiano"],"_links":{"self":[{"href":"https:\/\/catolicanet.net\/wp-cnet\/wp-json\/wp\/v2\/posts\/52602","targetHints":{"allow":["GET"]}}],"collection":[{"href":"https:\/\/catolicanet.net\/wp-cnet\/wp-json\/wp\/v2\/posts"}],"about":[{"href":"https:\/\/catolicanet.net\/wp-cnet\/wp-json\/wp\/v2\/types\/post"}],"author":[{"embeddable":true,"href":"https:\/\/catolicanet.net\/wp-cnet\/wp-json\/wp\/v2\/users\/1"}],"replies":[{"embeddable":true,"href":"https:\/\/catolicanet.net\/wp-cnet\/wp-json\/wp\/v2\/comments?post=52602"}],"version-history":[{"count":1,"href":"https:\/\/catolicanet.net\/wp-cnet\/wp-json\/wp\/v2\/posts\/52602\/revisions"}],"predecessor-version":[{"id":52607,"href":"https:\/\/catolicanet.net\/wp-cnet\/wp-json\/wp\/v2\/posts\/52602\/revisions\/52607"}],"wp:featuredmedia":[{"embeddable":true,"href":"https:\/\/catolicanet.net\/wp-cnet\/wp-json\/wp\/v2\/media\/52606"}],"wp:attachment":[{"href":"https:\/\/catolicanet.net\/wp-cnet\/wp-json\/wp\/v2\/media?parent=52602"}],"wp:term":[{"taxonomy":"category","embeddable":true,"href":"https:\/\/catolicanet.net\/wp-cnet\/wp-json\/wp\/v2\/categories?post=52602"},{"taxonomy":"post_tag","embeddable":true,"href":"https:\/\/catolicanet.net\/wp-cnet\/wp-json\/wp\/v2\/tags?post=52602"}],"curies":[{"name":"wp","href":"https:\/\/api.w.org\/{rel}","templated":true}]}}