{"id":52584,"date":"2019-08-20T11:56:03","date_gmt":"2019-08-20T14:56:03","guid":{"rendered":"http:\/\/catolicanet.net\/wp-cnet\/?p=52584"},"modified":"2019-08-20T11:56:03","modified_gmt":"2019-08-20T14:56:03","slug":"papa-francisco-clama-por-um-novo-humanismo","status":"publish","type":"post","link":"https:\/\/catolicanet.net\/wp-cnet\/papa-francisco-clama-por-um-novo-humanismo\/","title":{"rendered":"Papa Francisco clama por um novo humanismo"},"content":{"rendered":"<div class=\"article__subTitle\">Com um pref\u00e1cio de seu pr\u00f3prio punho, o Papa Francisco apresenta um livro que re\u00fane cinco anos de reflex\u00e3o sobre o trabalho de milhares de associa\u00e7\u00f5es que, atuando como \u201cuma alavanca de transforma\u00e7\u00e3o social\u201d, lutam por um estilo de desenvolvimento justo e inclusivo.<\/div>\n<div class=\"title__separator\"><\/div>\n<div class=\"article__text\">\n<p><b>Cidade do Vaticano<\/b><\/p>\n<p>O profundo valor e os desafios de centenas de associa\u00e7\u00f5es sociais que lutam contra a exclus\u00e3o no mundo \u00e9 o tema central do pref\u00e1cio que o Papa Francisco escreveu para o livro \u201cA irrup\u00e7\u00e3o dos Movimentos Populares: <i>Rerum novarum<\/i> do nosso tempo\u201d.<\/p>\n<p>Esta edi\u00e7\u00e3o, preparada pela Pontif\u00edcia Comiss\u00e3o para a Am\u00e9rica Latina, oferece os principais pronunciamentos feitos nos Encontros Mundiais que, desde 2014, reuniu milhares de representantes de Movimentos Populares em diversas partes do continente americano.<\/p>\n<div>\n<div class=\"article__embed article__embed--unwrap article__embed--dark\">\n<div class=\"article__innerTitle\">Ou\u00e7a a reportagem<\/div>\n<!--[if lt IE 9]><script>document.createElement('audio');<\/script><![endif]-->\n<audio class=\"wp-audio-shortcode\" id=\"audio-52584-1\" preload=\"none\" style=\"width: 100%;\" controls=\"controls\"><source type=\"audio\/mpeg\" src=\"https:\/\/media.vaticannews.va\/media\/audio\/s1\/2019\/08\/19\/16\/135179884_F135179884.mp3?_=1\" \/><a href=\"https:\/\/media.vaticannews.va\/media\/audio\/s1\/2019\/08\/19\/16\/135179884_F135179884.mp3\">https:\/\/media.vaticannews.va\/media\/audio\/s1\/2019\/08\/19\/16\/135179884_F135179884.mp3<\/a><\/audio>\n<\/div>\n<\/div>\n<h2>Alavanca de grande transforma\u00e7\u00e3o social<\/h2>\n<p>O Santo Padre come\u00e7a a sua reflex\u00e3o afirmando que as pessoas que vivem nas periferias territoriais e existenciais n\u00e3o s\u00e3o s\u00f3 um setor da popula\u00e7\u00e3o que deve ser alcan\u00e7ada pela Igreja, mas s\u00e3o \u201cuma semente, uma renova\u00e7\u00e3o que, como o gr\u00e3o de mostarda, dar\u00e1 muito fruto\u00bb, porque os concebe como \u00abalavanca de uma grande transforma\u00e7\u00e3o social\u00bb.<\/p>\n<p>Assim, n\u00e3o s\u00e3o atores passivos ou meros receptores de assist\u00eancia social, que devem resignar-se a contemplar como as elites administram a ordem mundial, mas s\u00e3o verdadeiros protagonistas ativos, agentes do futuro da humanidade, cuja \u201crebeli\u00e3o pac\u00edfica\u201d, \u00e0 imagem de Jesus manso e humilde, conta com a solidariedade incondicional do Santo Padre.<\/p>\n<p>Francisco reconhece nesta articula\u00e7\u00e3o dos movimentos sociais de car\u00e1cter transnacional e transcultural aquele \u201cmodelo poli\u00e9drico\u201d ao qual fez refer\u00eancia em sua exorta\u00e7\u00e3o apost\u00f3lica <i>Evangelii Gaudium<\/i> (n\u00ba2), e que se constitui a partir de um paradigma social baseado na cultura do encontro.<\/p>\n<h2>Sentinelas<\/h2>\n<p>Para o Papa, esta pluralidade de movimentos, cujas experi\u00eancias de luta pela justi\u00e7a ficam plasmadas no livro, \u00abrepresentam uma grande alternativa social, um grito profundo, um marco, uma esperan\u00e7a de que \u201ctudo pode mudar\u201d\u00bb. Seu modo de resistir ao modelo reinante por meio de um testemunho de trabalho e sofrimento os revela \u2013 segundo Francisco &#8211; como \u201csentinelas\u201d de um futuro melhor.<\/p>\n<p>Reafirmando sua convic\u00e7\u00e3o de que a humanidade enfrenta atualmente uma transforma\u00e7\u00e3o de \u00e9poca caracterizada pelo medo, pela xenofobia e pelo racismo, o Santo Padre garante que os \u00abMovimentos Populares podem representar uma fonte de energia moral para revitalizar nossas democracias\u00bb.<\/p>\n<h2>Ant\u00eddoto aos populismos<\/h2>\n<p>De fato, em meio a uma sociedade global ferida por uma economia cada vez mais distante da \u00e9tica, afirma que estes agregados sociais podem exercer a fun\u00e7\u00e3o de um ant\u00eddoto contra os populismos e a pol\u00edtica do espet\u00e1culo, j\u00e1 que privilegiam a participa\u00e7\u00e3o da cidadania, com uma consci\u00eancia mais positiva sobre o outro. Essa \u00e9 a consequ\u00eancia da promo\u00e7\u00e3o de uma \u201cfor\u00e7a do n\u00f3s\u201d, que se op\u00f5e \u00e0 \u201ccultura do eu\u201d.<\/p>\n<p>Ao finalizar suas palavras, o Santo Padre enfatiza o tema do trabalho humano como um daqueles direitos sagrados que deve ser preservado em cada pessoa. Frente \u00e0s concre\u00e7\u00f5es pr\u00e1ticas de teses neoliberais e neoestatais, que sufocam e oprimem as pessoas em suas experi\u00eancias profissionais, Francisco clama por um \u00abnovo humanismo, que coloque fim ao analfabetismo da compaix\u00e3o e ao progressivo eclipse da cultura e da no\u00e7\u00e3o de bem\u00bb.<\/p>\n<\/div>\n","protected":false},"excerpt":{"rendered":"<p>Com um pref\u00e1cio de seu pr\u00f3prio punho, o Papa Francisco apresenta um livro que re\u00fane cinco anos de reflex\u00e3o sobre o trabalho de milhares de associa\u00e7\u00f5es que, atuando como \u201cuma alavanca de transforma\u00e7\u00e3o social\u201d, lutam por um estilo de desenvolvimento justo e inclusivo. Cidade do Vaticano O profundo valor e os desafios de centenas de [&hellip;]<\/p>\n","protected":false},"author":1,"featured_media":52586,"comment_status":"open","ping_status":"closed","sticky":false,"template":"","format":"standard","meta":{"footnotes":""},"categories":[3],"tags":[],"class_list":["post-52584","post","type-post","status-publish","format-standard","has-post-thumbnail","hentry","category-vaticano"],"_links":{"self":[{"href":"https:\/\/catolicanet.net\/wp-cnet\/wp-json\/wp\/v2\/posts\/52584","targetHints":{"allow":["GET"]}}],"collection":[{"href":"https:\/\/catolicanet.net\/wp-cnet\/wp-json\/wp\/v2\/posts"}],"about":[{"href":"https:\/\/catolicanet.net\/wp-cnet\/wp-json\/wp\/v2\/types\/post"}],"author":[{"embeddable":true,"href":"https:\/\/catolicanet.net\/wp-cnet\/wp-json\/wp\/v2\/users\/1"}],"replies":[{"embeddable":true,"href":"https:\/\/catolicanet.net\/wp-cnet\/wp-json\/wp\/v2\/comments?post=52584"}],"version-history":[{"count":1,"href":"https:\/\/catolicanet.net\/wp-cnet\/wp-json\/wp\/v2\/posts\/52584\/revisions"}],"predecessor-version":[{"id":52588,"href":"https:\/\/catolicanet.net\/wp-cnet\/wp-json\/wp\/v2\/posts\/52584\/revisions\/52588"}],"wp:featuredmedia":[{"embeddable":true,"href":"https:\/\/catolicanet.net\/wp-cnet\/wp-json\/wp\/v2\/media\/52586"}],"wp:attachment":[{"href":"https:\/\/catolicanet.net\/wp-cnet\/wp-json\/wp\/v2\/media?parent=52584"}],"wp:term":[{"taxonomy":"category","embeddable":true,"href":"https:\/\/catolicanet.net\/wp-cnet\/wp-json\/wp\/v2\/categories?post=52584"},{"taxonomy":"post_tag","embeddable":true,"href":"https:\/\/catolicanet.net\/wp-cnet\/wp-json\/wp\/v2\/tags?post=52584"}],"curies":[{"name":"wp","href":"https:\/\/api.w.org\/{rel}","templated":true}]}}