{"id":52581,"date":"2019-08-20T09:41:15","date_gmt":"2019-08-20T12:41:15","guid":{"rendered":"http:\/\/catolicanet.net\/wp-cnet\/?p=52581"},"modified":"2019-08-20T09:41:15","modified_gmt":"2019-08-20T12:41:15","slug":"epidemia-de-ebola-continua-na-rep-democratica-do-congo-alertam-missionarios-salesianos","status":"publish","type":"post","link":"https:\/\/catolicanet.net\/wp-cnet\/epidemia-de-ebola-continua-na-rep-democratica-do-congo-alertam-missionarios-salesianos\/","title":{"rendered":"Epidemia de Ebola continua na Rep. Democr\u00e1tica do Congo, alertam mission\u00e1rios salesianos"},"content":{"rendered":"<p>Desde 18 de julho, quando foi confirmado o primeiro caso de Ebola na Rep\u00fablica Democr\u00e1tica do Congo, os mission\u00e1rios salesianos no pa\u00eds trabalham para controlar o v\u00edrus. Desde ent\u00e3o, j\u00e1 existem sete casos detectados na cidade de Goma, mas as rotinas e medidas de preven\u00e7\u00e3o nesta localidade n\u00e3o mudaram.<\/p>\n<p>&#8220;Apesar dos esfor\u00e7os do Minist\u00e9rio da Sa\u00fade e das medidas preventivas que est\u00e3o sendo implementadas, a popula\u00e7\u00e3o ainda n\u00e3o as respeita e acaba n\u00e3o acreditando no que est\u00e1 acontecendo&#8221;, asseguram Miss\u00f5es Salesianas.<\/p>\n<p>&#8220;Tamb\u00e9m n\u00e3o acreditam nas explica\u00e7\u00f5es do pessoal de sa\u00fade nem levam em considera\u00e7\u00e3o as medidas de preven\u00e7\u00e3o propostas\u201d, alertam os mission\u00e1rios.<\/p>\n<p>Segundo destacam, desde agosto de 2018, mais de 2.700 pessoas foram afetadas e mais de 1.800 j\u00e1 morreram por causa do v\u00edrus Ebola no pa\u00eds.<\/p>\n<p>Embora os mission\u00e1rios salesianos cuidem dos jovens que frequentam seus centros e escolas t\u00e9cnicas, asseguram que o que \u00e9 realmente preocupante \u00e9 \u201co que acontece fora de nossas portas\u201d.<\/p>\n<p>&#8220;Estamos todos em contato com pessoas da cidade, os menores e jovens com suas fam\u00edlias, os trabalhadores&#8230; e n\u00e3o podemos controlar que as medidas de preven\u00e7\u00e3o estejam sendo aplicadas&#8221; nestes locais, sublinham.<\/p>\n<p>Os mission\u00e1rios salesianos explicam que h\u00e1 aqueles que acabam n\u00e3o acreditando na situa\u00e7\u00e3o de epidemia do Ebola que o pa\u00eds enfrenta e por isso n\u00e3o p\u00f5em em pr\u00e1tica as medidas de preven\u00e7\u00e3o, mas tamb\u00e9m h\u00e1 fam\u00edlias que \u201cn\u00e3o podem comprar desinfetantes\u201d.<\/p>\n<p>Durante algumas semanas, nenhum novo caso de infec\u00e7\u00e3o foi confirmado, o pessoal das Miss\u00f5es Salesianas faz um chamado diante do in\u00edcio das aulas que acontecer\u00e1 em setembro.<\/p>\n<p>\u201cAl\u00e9m do novo per\u00edodo letivo, logo come\u00e7ar\u00e1 a \u00e9poca das colheitas na qual h\u00e1 muitas pessoas se deslocando de um lado para o outro em busca de trabalho\u201d, advertem.<\/p>\n<p>Esta epidemia de Ebola \u00e9 a mais grave da hist\u00f3ria do pa\u00eds e a segunda com mais afetados ap\u00f3s a ocorrida na \u00c1frica Ocidental em 2014 e 2015, pois, desde 1\u00ba de agosto de 2018, h\u00e1 mais de 2.700 pessoas afetadas pela doen\u00e7a e mais de 1.800 morreram.<\/p>\n<p>Especificamente, a Rep\u00fablica Democr\u00e1tica do Congo combate essa epidemia h\u00e1 mais de um ano e, embora autoridades e profissionais de sa\u00fade trabalhem incansavelmente e conversem sobre o controle, o cont\u00e1gio continua ocorrendo.<\/p>\n","protected":false},"excerpt":{"rendered":"<p>Desde 18 de julho, quando foi confirmado o primeiro caso de Ebola na Rep\u00fablica Democr\u00e1tica do Congo, os mission\u00e1rios salesianos no pa\u00eds trabalham para controlar o v\u00edrus. Desde ent\u00e3o, j\u00e1 existem sete casos detectados na cidade de Goma, mas as rotinas e medidas de preven\u00e7\u00e3o nesta localidade n\u00e3o mudaram. &#8220;Apesar dos esfor\u00e7os do Minist\u00e9rio da [&hellip;]<\/p>\n","protected":false},"author":1,"featured_media":52582,"comment_status":"open","ping_status":"closed","sticky":false,"template":"","format":"standard","meta":{"footnotes":""},"categories":[4],"tags":[],"class_list":["post-52581","post","type-post","status-publish","format-standard","has-post-thumbnail","hentry","category-cotidiano"],"_links":{"self":[{"href":"https:\/\/catolicanet.net\/wp-cnet\/wp-json\/wp\/v2\/posts\/52581","targetHints":{"allow":["GET"]}}],"collection":[{"href":"https:\/\/catolicanet.net\/wp-cnet\/wp-json\/wp\/v2\/posts"}],"about":[{"href":"https:\/\/catolicanet.net\/wp-cnet\/wp-json\/wp\/v2\/types\/post"}],"author":[{"embeddable":true,"href":"https:\/\/catolicanet.net\/wp-cnet\/wp-json\/wp\/v2\/users\/1"}],"replies":[{"embeddable":true,"href":"https:\/\/catolicanet.net\/wp-cnet\/wp-json\/wp\/v2\/comments?post=52581"}],"version-history":[{"count":1,"href":"https:\/\/catolicanet.net\/wp-cnet\/wp-json\/wp\/v2\/posts\/52581\/revisions"}],"predecessor-version":[{"id":52583,"href":"https:\/\/catolicanet.net\/wp-cnet\/wp-json\/wp\/v2\/posts\/52581\/revisions\/52583"}],"wp:featuredmedia":[{"embeddable":true,"href":"https:\/\/catolicanet.net\/wp-cnet\/wp-json\/wp\/v2\/media\/52582"}],"wp:attachment":[{"href":"https:\/\/catolicanet.net\/wp-cnet\/wp-json\/wp\/v2\/media?parent=52581"}],"wp:term":[{"taxonomy":"category","embeddable":true,"href":"https:\/\/catolicanet.net\/wp-cnet\/wp-json\/wp\/v2\/categories?post=52581"},{"taxonomy":"post_tag","embeddable":true,"href":"https:\/\/catolicanet.net\/wp-cnet\/wp-json\/wp\/v2\/tags?post=52581"}],"curies":[{"name":"wp","href":"https:\/\/api.w.org\/{rel}","templated":true}]}}