{"id":52578,"date":"2019-08-20T09:37:26","date_gmt":"2019-08-20T12:37:26","guid":{"rendered":"http:\/\/catolicanet.net\/wp-cnet\/?p=52578"},"modified":"2019-08-20T09:37:26","modified_gmt":"2019-08-20T12:37:26","slug":"esses-projetos-catolicos-ajudam-milhares-de-centro-americanos-a-nao-migrarem","status":"publish","type":"post","link":"https:\/\/catolicanet.net\/wp-cnet\/esses-projetos-catolicos-ajudam-milhares-de-centro-americanos-a-nao-migrarem\/","title":{"rendered":"Esses projetos cat\u00f3licos ajudam milhares de centro-americanos a n\u00e3o migrarem"},"content":{"rendered":"<p>Uma ag\u00eancia cat\u00f3lica de solidariedade implantou v\u00e1rios projetos na Am\u00e9rica Central que ajudam v\u00edtimas de viol\u00eancia a terem condi\u00e7\u00f5es de vida digna e n\u00e3o migrarem.<\/p>\n<p>Catholic Relief Services (CRS), ag\u00eancia solid\u00e1ria da Igreja nos Estados Unidos, realiza projetos em v\u00e1rios pa\u00edses da Am\u00e9rica Central para ajudar jovens e agricultores com as diversas problem\u00e1ticas da pobreza, seca e inseguran\u00e7a que esses pa\u00edses vivem.<\/p>\n<p>Em di\u00e1logo com o Grupo ACI, Rick Jones, assessor regional de Pol\u00edtica P\u00fablica para Am\u00e9rica Latina da CRS, disse que, \u201cneste momento, existe uma \u00e1rea de Jovens e emprego, que estamos desenvolvendo em todos os pa\u00edses da Am\u00e9rica Central, especialmente no tri\u00e2ngulo norte\u201d, que compreende os pa\u00edses da Guatemala, Honduras e El Salvador.<\/p>\n<p>\u201cH\u00e1 outro projeto que tem a ver com agricultura e pr\u00e1ticas para combater a seca e a mudan\u00e7a clim\u00e1tica. H\u00e1 outro que \u00e9 o trabalho nas zonas de caf\u00e9 para compensar a perda de empregos e melhorar a gest\u00e3o da \u00e1gua, e outro que \u00e9 a reativa\u00e7\u00e3o de cadeias de caf\u00e9 e cacau dentro da Am\u00e9rica Central\u201d.<\/p>\n<p>Jones ressaltou que a migra\u00e7\u00e3o, especialmente para os pa\u00edses do norte, envolve \u201cum conjunto de fatores. Mas o que mais pesa em El Salvador no momento \u00e9 a quest\u00e3o da viol\u00eancia\u201d.<\/p>\n<p>\u201cH\u00e1 evid\u00eancias concretas de que existe uma rela\u00e7\u00e3o causal entre a viol\u00eancia que as pessoas experimentam e a necessidade de fugir do pa\u00eds. El Salvador continua entre os cinco pa\u00edses mais violentos do mundo, com uma taxa de homic\u00eddios de mais de 50 por cada 100 mil habitantes\u201d, lamentou.<\/p>\n<p>Um segundo fator, disse, \u00e9 &#8220;o tema da seca e da mudan\u00e7a clim\u00e1tica&#8221;, porque &#8220;tanto em Honduras, como em El Salvador e Guatemala, nos \u00faltimos cinco anos tivemos quatro anos de seca no chamado \u2018corredor seco\u2019\u201d.<\/p>\n<p>\u201cE o que sabemos sobre a seca \u00e9 que no primeiro ano as pessoas comem menos. No segundo ano, as pessoas come\u00e7am a vender a mesa, o sof\u00e1, vendem as coisas da casa. E no terceiro ano come\u00e7am a vender a terra e sair. Isso \u00e9 muito grave e outro fator pouco reconhecido\u201d.<\/p>\n<p>Um terceiro fator que leva os centro-americanos a deixarem seus pa\u00edses, assinalou, \u00e9 &#8220;a falta de oportunidades combinada com a sensa\u00e7\u00e3o de que n\u00e3o h\u00e1 muita esperan\u00e7a&#8221;.<\/p>\n<p>&#8220;E, em \u00faltimo lugar, h\u00e1 sempre uma parte das pessoas que est\u00e3o procurando reunifica\u00e7\u00e3o familiar&#8221;.<\/p>\n<p>Jones ressaltou que, no trabalho que fazem com os jovens, \u201ctemos um programa que gera uma mudan\u00e7a de vida e uma op\u00e7\u00e3o de vida para os jovens, no sentido de prepar\u00e1-los para o trabalho e com um plano de vida no qual se inserem profissionalmente neste contexto&#8221;.<\/p>\n<p>\u201cTrabalhamos com mais de 30 mil jovens nos \u00faltimos anos e conseguimos colocar 80% em um emprego ou um retorno \u00e0 escola ou come\u00e7ando a sua pr\u00f3pria empresa. Isso gera a op\u00e7\u00e3o real, uma rede de apoio positiva entre outros jovens. Isso \u00e9 muito importante para que os jovens sintam que t\u00eam algo que lhes d\u00e1 esperan\u00e7a\u201d.<\/p>\n<p>Para aqueles que sofrem persegui\u00e7\u00e3o e viol\u00eancia, disse, a CRS trabalha com a Igreja em cada localidade, para que as \u201cpessoas que est\u00e3o amea\u00e7adas e precisam fugir de casa possam ir para outra parte do pa\u00eds e as par\u00f3quias os acolhem, dando-lhes onde morar e ajudando-lhes a refazer a vida. O mesmo em El Salvador. Existe todo um programa de deslocamento interno para pessoas que est\u00e3o sendo amea\u00e7adas\u201d.<\/p>\n<p>Nas zonas rurais, disse, atrav\u00e9s do programa Agricultura, Solos e \u00c1gua, ajudam mais de dois milh\u00f5es de pessoas que vivem no chamado corredor seco, entre o sul do M\u00e9xico e a Am\u00e9rica Central, \u201conde n\u00e3o recebem a mesma quantidade de chuva que em outras \u00e1reas, onde os solos est\u00e3o muito degradados, mas onde metade do milho e feij\u00e3o que as pessoas consomem s\u00e3o produzidos\u201d.<\/p>\n<p>\u201cN\u00f3s temos trabalhado em um programa para desenvolver pr\u00e1ticas para agricultores com menos recursos, para que possam continuar produzindo e permanecendo no campo. Temos trabalhado com mais de 3 mil produtores do sul do M\u00e9xico, Oaxaca, at\u00e9 Nicar\u00e1gua, nos \u00faltimos quatro anos\u201d.<\/p>\n<p>Aqueles camponeses que colocaram em pr\u00e1tica as recomenda\u00e7\u00f5es da CRS no ano passado perderam apenas cerca de 10% de sua safra, enquanto aqueles que n\u00e3o o fizeram perderam cerca de 80%.<\/p>\n<p>&#8220;Essas pr\u00e1ticas est\u00e3o permitindo que as pessoas permane\u00e7am na terra, apesar das condi\u00e7\u00f5es&#8221;, disse.<\/p>\n<p>Jones assinalou que a CRS recebe principalmente doa\u00e7\u00f5es de valores entre 20 e 50 d\u00f3lares de pessoas de boa vontade, o que, somado ao apoio dos fundos do governo dos EUA, \u00e9 &#8220;essencial para responder de maneira contundente&#8221;.<\/p>\n<p>\u201cA ajuda externa dos Estados Unidos realmente ajuda para fazer a diferen\u00e7a e criar oportunidades\u201d, assegurou.<\/p>\n<p>\u201cO programa de emprego para jovens \u00e9 apoiado pelo Departamento do Trabalho dos Estados Unidos, com um programa de 10 milh\u00f5es de d\u00f3lares. Est\u00e1 apoiando os jovens para que n\u00e3o tenham que ir embora. Essa ajuda realmente funciona\u201d, reiterou.<\/p>\n<p>Al\u00e9m disso, destacou que o governo dos Estados Unidos tem sido pioneiro \u201cem investir em programas que reduzir\u00e3o a taxa de homic\u00eddios e a viol\u00eancia armada na Am\u00e9rica Central. Isso realmente se nota. Ajudou a reduzir em mais de 50% a taxa de homic\u00eddios em El Salvador\u201d.<\/p>\n<p>&#8220;O apoio tanto do governo dos Estados Unidos como de pessoas de boa vontade que doam para a CRS ajudam a neutralizar os fatores que empurram as pessoas e n\u00e3o as deixam com outra op\u00e7\u00e3o a n\u00e3o ser ir embora\u201d, indicou.<\/p>\n<p>Par colaborar com os projetos de CRS na Am\u00e9rica Centra, pode acessar\u00a0<a href=\"https:\/\/support.crs.org\/dona\/familias-centroamericanas\">AQUI<\/a>.<\/p>\n","protected":false},"excerpt":{"rendered":"<p>Uma ag\u00eancia cat\u00f3lica de solidariedade implantou v\u00e1rios projetos na Am\u00e9rica Central que ajudam v\u00edtimas de viol\u00eancia a terem condi\u00e7\u00f5es de vida digna e n\u00e3o migrarem. Catholic Relief Services (CRS), ag\u00eancia solid\u00e1ria da Igreja nos Estados Unidos, realiza projetos em v\u00e1rios pa\u00edses da Am\u00e9rica Central para ajudar jovens e agricultores com as diversas problem\u00e1ticas da pobreza, [&hellip;]<\/p>\n","protected":false},"author":1,"featured_media":52579,"comment_status":"open","ping_status":"closed","sticky":false,"template":"","format":"standard","meta":{"footnotes":""},"categories":[4],"tags":[],"class_list":["post-52578","post","type-post","status-publish","format-standard","has-post-thumbnail","hentry","category-cotidiano"],"_links":{"self":[{"href":"https:\/\/catolicanet.net\/wp-cnet\/wp-json\/wp\/v2\/posts\/52578","targetHints":{"allow":["GET"]}}],"collection":[{"href":"https:\/\/catolicanet.net\/wp-cnet\/wp-json\/wp\/v2\/posts"}],"about":[{"href":"https:\/\/catolicanet.net\/wp-cnet\/wp-json\/wp\/v2\/types\/post"}],"author":[{"embeddable":true,"href":"https:\/\/catolicanet.net\/wp-cnet\/wp-json\/wp\/v2\/users\/1"}],"replies":[{"embeddable":true,"href":"https:\/\/catolicanet.net\/wp-cnet\/wp-json\/wp\/v2\/comments?post=52578"}],"version-history":[{"count":1,"href":"https:\/\/catolicanet.net\/wp-cnet\/wp-json\/wp\/v2\/posts\/52578\/revisions"}],"predecessor-version":[{"id":52580,"href":"https:\/\/catolicanet.net\/wp-cnet\/wp-json\/wp\/v2\/posts\/52578\/revisions\/52580"}],"wp:featuredmedia":[{"embeddable":true,"href":"https:\/\/catolicanet.net\/wp-cnet\/wp-json\/wp\/v2\/media\/52579"}],"wp:attachment":[{"href":"https:\/\/catolicanet.net\/wp-cnet\/wp-json\/wp\/v2\/media?parent=52578"}],"wp:term":[{"taxonomy":"category","embeddable":true,"href":"https:\/\/catolicanet.net\/wp-cnet\/wp-json\/wp\/v2\/categories?post=52578"},{"taxonomy":"post_tag","embeddable":true,"href":"https:\/\/catolicanet.net\/wp-cnet\/wp-json\/wp\/v2\/tags?post=52578"}],"curies":[{"name":"wp","href":"https:\/\/api.w.org\/{rel}","templated":true}]}}