{"id":52566,"date":"2019-08-20T09:14:10","date_gmt":"2019-08-20T12:14:10","guid":{"rendered":"http:\/\/catolicanet.net\/wp-cnet\/?p=52566"},"modified":"2019-08-20T09:15:36","modified_gmt":"2019-08-20T12:15:36","slug":"grupo-de-trabalho-entre-santa-se-e-vietna-se-reune-no-vaticano","status":"publish","type":"post","link":"https:\/\/catolicanet.net\/wp-cnet\/grupo-de-trabalho-entre-santa-se-e-vietna-se-reune-no-vaticano\/","title":{"rendered":"Grupo de trabalho entre Santa S\u00e9 e Vietn\u00e3 se re\u00fane no Vaticano"},"content":{"rendered":"<div class=\"article__subTitle\">O secret\u00e1rio de Estado, Cardeal Pietro Parolin, visitar\u00e1 futuramente o Vietn\u00e3.<\/div>\n<div class=\"title__separator\"><\/div>\n<div class=\"article__text\">\n<p><b>Cidade do Vaticano<\/b><\/p>\n<p>A Sala de Imprensa da Santa S\u00e9 anunciou a realiza\u00e7\u00e3o do 7\u00ba encontro do grupo de trabalho entre a Santa S\u00e9 e a Rep\u00fablica Socialista do Vietn\u00e3.<\/p>\n<p>A reuni\u00e3o, nos dias 21 e 22 de agosto, tem a finalidade de desenvolver e aprofundar as rela\u00e7\u00f5es bilaterais. De modo especial, ser\u00e3o tratados alguns aspectos da vida eclesial no pa\u00eds, al\u00e9m de quest\u00f5es que dizem respeito ao status e \u00e0 miss\u00e3o do Representante Pontif\u00edcio Residente no Vietn\u00e3 e a visita do secret\u00e1rio de Estado, Cardeal Pietro Parolin, prevista futuramente.<\/p>\n<p>A delega\u00e7\u00e3o vietnamita ser\u00e1 guiada pelo Vice-Ministro dos Assuntos Exteriores, To Anh Dung, e a da Santa S\u00e9 pelo Mons. Antoine Camilleri, Subsecret\u00e1rio das Rela\u00e7\u00f5es com os Estados.<\/p>\n<p>O \u00faltimo encontro entre as duas delega\u00e7\u00f5es se realizou em dezembro de 2018. Estabelecido em 2009, o grupo se reuniu de modo alternado no Vietn\u00e3 e no Vaticano, com a finalidade de refor\u00e7ar as rela\u00e7\u00f5es entre os dois pa\u00edses.<\/p>\n<p>Os cat\u00f3licos no Vietn\u00e3 s\u00e3o oito milh\u00f5es, numa popula\u00e7\u00e3o de 82 milh\u00f5es.<\/p>\n<\/div>\n","protected":false},"excerpt":{"rendered":"<p>O secret\u00e1rio de Estado, Cardeal Pietro Parolin, visitar\u00e1 futuramente o Vietn\u00e3. Cidade do Vaticano A Sala de Imprensa da Santa S\u00e9 anunciou a realiza\u00e7\u00e3o do 7\u00ba encontro do grupo de trabalho entre a Santa S\u00e9 e a Rep\u00fablica Socialista do Vietn\u00e3. A reuni\u00e3o, nos dias 21 e 22 de agosto, tem a finalidade de desenvolver [&hellip;]<\/p>\n","protected":false},"author":1,"featured_media":52567,"comment_status":"open","ping_status":"closed","sticky":false,"template":"","format":"standard","meta":{"footnotes":""},"categories":[13],"tags":[],"class_list":["post-52566","post","type-post","status-publish","format-standard","has-post-thumbnail","hentry","category-featured"],"_links":{"self":[{"href":"https:\/\/catolicanet.net\/wp-cnet\/wp-json\/wp\/v2\/posts\/52566","targetHints":{"allow":["GET"]}}],"collection":[{"href":"https:\/\/catolicanet.net\/wp-cnet\/wp-json\/wp\/v2\/posts"}],"about":[{"href":"https:\/\/catolicanet.net\/wp-cnet\/wp-json\/wp\/v2\/types\/post"}],"author":[{"embeddable":true,"href":"https:\/\/catolicanet.net\/wp-cnet\/wp-json\/wp\/v2\/users\/1"}],"replies":[{"embeddable":true,"href":"https:\/\/catolicanet.net\/wp-cnet\/wp-json\/wp\/v2\/comments?post=52566"}],"version-history":[{"count":1,"href":"https:\/\/catolicanet.net\/wp-cnet\/wp-json\/wp\/v2\/posts\/52566\/revisions"}],"predecessor-version":[{"id":52568,"href":"https:\/\/catolicanet.net\/wp-cnet\/wp-json\/wp\/v2\/posts\/52566\/revisions\/52568"}],"wp:featuredmedia":[{"embeddable":true,"href":"https:\/\/catolicanet.net\/wp-cnet\/wp-json\/wp\/v2\/media\/52567"}],"wp:attachment":[{"href":"https:\/\/catolicanet.net\/wp-cnet\/wp-json\/wp\/v2\/media?parent=52566"}],"wp:term":[{"taxonomy":"category","embeddable":true,"href":"https:\/\/catolicanet.net\/wp-cnet\/wp-json\/wp\/v2\/categories?post=52566"},{"taxonomy":"post_tag","embeddable":true,"href":"https:\/\/catolicanet.net\/wp-cnet\/wp-json\/wp\/v2\/tags?post=52566"}],"curies":[{"name":"wp","href":"https:\/\/api.w.org\/{rel}","templated":true}]}}