{"id":52498,"date":"2019-08-19T08:21:28","date_gmt":"2019-08-19T11:21:28","guid":{"rendered":"http:\/\/catolicanet.net\/wp-cnet\/?p=52498"},"modified":"2019-08-19T08:21:28","modified_gmt":"2019-08-19T11:21:28","slug":"vida-religiosa","status":"publish","type":"post","link":"https:\/\/catolicanet.net\/wp-cnet\/vida-religiosa\/","title":{"rendered":"Vida religiosa"},"content":{"rendered":"<p>No transcurso do m\u00eas de agosto e dentro da tem\u00e1tica vocacional, damos evid\u00eancia para a \u201cvida religiosa\u201d. Na Igreja Cat\u00f3lica \u00e9 chamado de \u201creligioso\u201d todo crist\u00e3o que, na sua escolha vocacional, opta por pertencer a uma entidade, a um Instituto ou Congrega\u00e7\u00e3o Religiosa. A voca\u00e7\u00e3o \u00e9 fruto de uma escolha na vida com proposta de a\u00e7\u00e3o entendida como vontade divina.<\/p>\n<p>A vida religiosa passa por momento de grandes desafios, principalmente aquelas mais antigas e tradicionais. Elas est\u00e3o ref\u00e9ns da cultura do descart\u00e1vel, da instabilidade e mudan\u00e7as galopantes, avessa \u00e0s coisas tradicionais e estabilizadas. Valores que as sustentavam por s\u00e9culos foram colocados no ostracismo. Vivem hoje num processo de esvaziamento e car\u00eancia de novas voca\u00e7\u00f5es.<\/p>\n<p>De um lado temos essas institui\u00e7\u00f5es citadas acima. Por outro lado surgem novas formas de vida crist\u00e3, novas experi\u00eancias comunit\u00e1rias de vida e com grande capacidade de atra\u00e7\u00e3o. Surgem aqui e ali as chamadas \u201cNovas Comunidades\u201d, as de Vida e as de Alian\u00e7a, com um jeito pr\u00f3prio de ser e de atuar na vida da Igreja. Podemos entender como novo modo de a\u00e7\u00e3o do Esp\u00edrito Santo.<\/p>\n<p>Em tudo isso \u00e9 poss\u00edvel sentir os sinais de Deus na vida das Comunidades Crist\u00e3s. S\u00e3o s\u00edmbolos e instrumentos da proximidade das pessoas com Deus. O Senhor se manifesta quando o vocacionado est\u00e1 disposto e aberto para cumprir com fidelidade sua miss\u00e3o. Fato que acontece em todas as Institui\u00e7\u00f5es Religiosas, mesmo com as dificuldades de umas e de outras para concretizar seus objetivos.<\/p>\n<p>O clima secularista dos \u00faltimos tempos e as sombras vividas pela Igreja em rela\u00e7\u00e3o existencial de alguns de seus membros no exerc\u00edcio de sua voca\u00e7\u00e3o tem preocupado o Papa Francisco. As cobran\u00e7as quanto ao fiel testemunho de vida t\u00eam aumentado, e com plena raz\u00e3o, porque n\u00e3o podemos continuar com uma Igreja muito ferida na sua identidade pelos seus pr\u00f3prios membros.<\/p>\n<p>Com as fortes exig\u00eancias dos \u00faltimos s\u00e9culos, \u00e9 necess\u00e1rio inaugurar um novo tempo para a vida da Igreja. \u00c9 fazer o que Jesus fez na cruz, vencendo a morte com a vida. Esta \u00e9 a miss\u00e3o dos novos vocacionados, seja nas Institui\u00e7\u00f5es tradicionais, seja nas Novas Comunidades, revitalizando a conduta de seus membros para fazer da Igreja instrumento de evangeliza\u00e7\u00e3o para melhorar o mundo.<\/p>\n","protected":false},"excerpt":{"rendered":"<p>No transcurso do m\u00eas de agosto e dentro da tem\u00e1tica vocacional, damos evid\u00eancia para a \u201cvida religiosa\u201d. Na Igreja Cat\u00f3lica \u00e9 chamado de \u201creligioso\u201d todo crist\u00e3o que, na sua escolha vocacional, opta por pertencer a uma entidade, a um Instituto ou Congrega\u00e7\u00e3o Religiosa. A voca\u00e7\u00e3o \u00e9 fruto de uma escolha na vida com proposta de [&hellip;]<\/p>\n","protected":false},"author":11,"featured_media":32781,"comment_status":"open","ping_status":"closed","sticky":false,"template":"","format":"standard","meta":{"footnotes":""},"categories":[9],"tags":[],"class_list":["post-52498","post","type-post","status-publish","format-standard","has-post-thumbnail","hentry","category-artigos"],"_links":{"self":[{"href":"https:\/\/catolicanet.net\/wp-cnet\/wp-json\/wp\/v2\/posts\/52498","targetHints":{"allow":["GET"]}}],"collection":[{"href":"https:\/\/catolicanet.net\/wp-cnet\/wp-json\/wp\/v2\/posts"}],"about":[{"href":"https:\/\/catolicanet.net\/wp-cnet\/wp-json\/wp\/v2\/types\/post"}],"author":[{"embeddable":true,"href":"https:\/\/catolicanet.net\/wp-cnet\/wp-json\/wp\/v2\/users\/11"}],"replies":[{"embeddable":true,"href":"https:\/\/catolicanet.net\/wp-cnet\/wp-json\/wp\/v2\/comments?post=52498"}],"version-history":[{"count":1,"href":"https:\/\/catolicanet.net\/wp-cnet\/wp-json\/wp\/v2\/posts\/52498\/revisions"}],"predecessor-version":[{"id":52499,"href":"https:\/\/catolicanet.net\/wp-cnet\/wp-json\/wp\/v2\/posts\/52498\/revisions\/52499"}],"wp:featuredmedia":[{"embeddable":true,"href":"https:\/\/catolicanet.net\/wp-cnet\/wp-json\/wp\/v2\/media\/32781"}],"wp:attachment":[{"href":"https:\/\/catolicanet.net\/wp-cnet\/wp-json\/wp\/v2\/media?parent=52498"}],"wp:term":[{"taxonomy":"category","embeddable":true,"href":"https:\/\/catolicanet.net\/wp-cnet\/wp-json\/wp\/v2\/categories?post=52498"},{"taxonomy":"post_tag","embeddable":true,"href":"https:\/\/catolicanet.net\/wp-cnet\/wp-json\/wp\/v2\/tags?post=52498"}],"curies":[{"name":"wp","href":"https:\/\/api.w.org\/{rel}","templated":true}]}}