{"id":52460,"date":"2019-08-16T10:24:41","date_gmt":"2019-08-16T13:24:41","guid":{"rendered":"http:\/\/catolicanet.net\/wp-cnet\/?p=52460"},"modified":"2019-08-16T10:24:41","modified_gmt":"2019-08-16T13:24:41","slug":"e-desperdicio-uma-pessoa-bonita-ser-padre-ou-freira","status":"publish","type":"post","link":"https:\/\/catolicanet.net\/wp-cnet\/e-desperdicio-uma-pessoa-bonita-ser-padre-ou-freira\/","title":{"rendered":"\u00c9 desperd\u00edcio uma pessoa bonita ser padre ou freira?"},"content":{"rendered":"<h2 class=\"subtitle\">Por que o fato de homens e mulheres atraentes e bonitos se tornarem padres ou freiras ainda motiva a perplexidade de tantas pessoas?<\/h2>\n<div class=\"base-post-content\">\n<p>\u201cQue desperd\u00edcio!\u201d<\/p>\n<p>Esta \u00e9 uma express\u00e3o bastante comum, utilizada em situa\u00e7\u00f5es diversas. Mas uma delas chama a nossa aten\u00e7\u00e3o nesta reflex\u00e3o. <b>Por que o fato de homens e mulheres atraentes e bonitos se tornarem padres ou freiras ainda motiva a perplexidade de tantas pessoas?<\/b><\/p>\n<div>\n<p>A express\u00e3o, dita por pessoas de outras religi\u00f5es, poderia at\u00e9 passar despercebida, mas por <b>cat\u00f3licos<\/b> chega a ser uma <b>contradi\u00e7\u00e3o<\/b>.<\/p>\n<\/div>\n<p><b>Se acreditamos e temos Deus como centro de nossas vidas, o que mais valeria na vida do que viver totalmente para Ele?<\/b> Ent\u00e3o, j\u00e1 n\u00e3o soaria t\u00e3o estranho que esses homens e mulheres, que se destacam por sua beleza, encontrassem numa consagra\u00e7\u00e3o a Deus a sua escolha de vida, n\u00e3o \u00e9 verdade?<\/p>\n<p>O padre dominicano <b>Terry-Dominique Humbrecht,<\/b> no livro <b>\u201cCarta aos jovens sobre as voca\u00e7\u00f5es\u201d<\/b>, traz uma palavra esclarecedora sobre o assunto:<\/p>\n<p><i>\u201cConsidera-se que h\u00e1 <b>desperd\u00edcio <\/b>quando uma mo\u00e7a ou rapaz apresentam tantos encantos f\u00edsicos, que <b>Deus \u00e9 indigno deles<\/b>. Aqui encontramos um <b>combate do sexo contra Deus<\/b>. Isso \u00e9 t\u00e3o importante que as pessoas est\u00e3o dispostas a conceder a Deus uma jovem considerada<b> feia<\/b> ou um rapaz <b>pobre<\/b>, mas n\u00e3o uma pessoa bafejada [favorecida] pela beleza ou pela fortuna!\u201d. <\/i><\/p>\n<p>Qual seria, ent\u00e3o, a raz\u00e3o de uma consagra\u00e7\u00e3o a Deus ser uma infelicidade na vida de algu\u00e9m ou para sua fam\u00edlia?<\/p>\n<p>Para essa pergunta, <b>padre Humbrecht<\/b> tem uma resposta bem direta:<\/p>\n<p>\u201cEsse dom \u00e9 uma gra\u00e7a, sendo tamb\u00e9m a ocasi\u00e3o de conferir <b>um pouco mais de profundidade \u00e0 vida.<\/b> H\u00e1 tantas fam\u00edlias que, ao experiment\u00e1-lo, encontram uma alegria sem igual, ao passo que outras, que apostaram em demasiados <b>valores terrenos<\/b>, tranquilizam a consci\u00eancia, mas mergulham numa <b>vida mon\u00f3tona e cinzenta<\/b>! Dar a Deus um <b>lugar suficiente<\/b> \u00e9, muitas vezes, uma forma de Lhe recusar o <b>primeiro lugar<\/b>\u201d, pontua.<\/p>\n<p>Fica como reflex\u00e3o final: Qual o lugar real em que estamos colocando Deus em nossa vida?<\/p>\n<\/div>\n","protected":false},"excerpt":{"rendered":"<p>Por que o fato de homens e mulheres atraentes e bonitos se tornarem padres ou freiras ainda motiva a perplexidade de tantas pessoas? \u201cQue desperd\u00edcio!\u201d Esta \u00e9 uma express\u00e3o bastante comum, utilizada em situa\u00e7\u00f5es diversas. Mas uma delas chama a nossa aten\u00e7\u00e3o nesta reflex\u00e3o. Por que o fato de homens e mulheres atraentes e bonitos [&hellip;]<\/p>\n","protected":false},"author":1,"featured_media":52461,"comment_status":"open","ping_status":"closed","sticky":false,"template":"","format":"standard","meta":{"footnotes":""},"categories":[7],"tags":[],"class_list":["post-52460","post","type-post","status-publish","format-standard","has-post-thumbnail","hentry","category-cnbb"],"_links":{"self":[{"href":"https:\/\/catolicanet.net\/wp-cnet\/wp-json\/wp\/v2\/posts\/52460","targetHints":{"allow":["GET"]}}],"collection":[{"href":"https:\/\/catolicanet.net\/wp-cnet\/wp-json\/wp\/v2\/posts"}],"about":[{"href":"https:\/\/catolicanet.net\/wp-cnet\/wp-json\/wp\/v2\/types\/post"}],"author":[{"embeddable":true,"href":"https:\/\/catolicanet.net\/wp-cnet\/wp-json\/wp\/v2\/users\/1"}],"replies":[{"embeddable":true,"href":"https:\/\/catolicanet.net\/wp-cnet\/wp-json\/wp\/v2\/comments?post=52460"}],"version-history":[{"count":1,"href":"https:\/\/catolicanet.net\/wp-cnet\/wp-json\/wp\/v2\/posts\/52460\/revisions"}],"predecessor-version":[{"id":52462,"href":"https:\/\/catolicanet.net\/wp-cnet\/wp-json\/wp\/v2\/posts\/52460\/revisions\/52462"}],"wp:featuredmedia":[{"embeddable":true,"href":"https:\/\/catolicanet.net\/wp-cnet\/wp-json\/wp\/v2\/media\/52461"}],"wp:attachment":[{"href":"https:\/\/catolicanet.net\/wp-cnet\/wp-json\/wp\/v2\/media?parent=52460"}],"wp:term":[{"taxonomy":"category","embeddable":true,"href":"https:\/\/catolicanet.net\/wp-cnet\/wp-json\/wp\/v2\/categories?post=52460"},{"taxonomy":"post_tag","embeddable":true,"href":"https:\/\/catolicanet.net\/wp-cnet\/wp-json\/wp\/v2\/tags?post=52460"}],"curies":[{"name":"wp","href":"https:\/\/api.w.org\/{rel}","templated":true}]}}