{"id":52421,"date":"2019-08-15T14:06:19","date_gmt":"2019-08-15T17:06:19","guid":{"rendered":"http:\/\/catolicanet.net\/wp-cnet\/?p=52421"},"modified":"2019-08-15T14:06:19","modified_gmt":"2019-08-15T17:06:19","slug":"daniel-lanca-5-clipes-em-homenagem-a-nossa-senhora","status":"publish","type":"post","link":"https:\/\/catolicanet.net\/wp-cnet\/daniel-lanca-5-clipes-em-homenagem-a-nossa-senhora\/","title":{"rendered":"Daniel lan\u00e7a 5 clipes em homenagem a Nossa Senhora"},"content":{"rendered":"<div class=\"io-div\" data-io-article-url=\"https:\/\/pt.aleteia.org\/2019\/08\/15\/daniel-lanca-5-clipes-em-homenagem-a-nossa-senhora\/\">\n<h2 class=\"subtitle\">V\u00eddeos foram gravados durante apresenta\u00e7\u00e3o do cantor no Santu\u00e1rio Nacional de Aparecida<\/h2>\n<div class=\"base-post-content\">O cantor sertanejo Daniel, grande devoto de Nossa Senhora, lan\u00e7ou 5 can\u00e7\u00f5es que fazem parte do \u00e1lbum \u201cShow Homenagem a Nossa Senhora Aparecida\u201d.Os clipes foram gravados no Santu\u00e1rio Nacional de Aparecida no dia 12 de outubro de 2018 e contam com a participa\u00e7\u00e3o especial de v\u00e1rios cantores cat\u00f3licos.<\/p>\n<p>Ao todo, ser\u00e3o lan\u00e7adas 19 faixas nas plataformas digitais do artista.<\/p>\n<p>Assista e emocione-se com este trabalho cheio de amor e f\u00e9:<\/p>\n<p>1. \u201cRomaria\u201d<\/p>\n<p><span class=\"embed-youtube\"><iframe loading=\"lazy\" class=\"youtube-player\" src=\"https:\/\/www.youtube.com\/embed\/CtHXEXO_kdM?version=3&amp;rel=1&amp;fs=1&amp;autohide=2&amp;showsearch=0&amp;showinfo=1&amp;iv_load_policy=1&amp;wmode=transparent\" width=\"720\" height=\"405\" allowfullscreen=\"allowfullscreen\" data-mce-fragment=\"1\"><\/iframe><\/span><\/p>\n<div class=\"nativo-inread\"><\/div>\n<div id=\"aleteia-welcome\" data-google-query-id=\"CIbSh_SlheQCFcd2wQodIioDwA\">\n<div id=\"google_ads_iframe_\/64500793\/PT_DESK_TRAV_WELCOME_1X1_0__container__\"><iframe id=\"google_ads_iframe_\/64500793\/PT_DESK_TRAV_WELCOME_1X1_0\" title=\"3rd party ad content\" name=\"google_ads_iframe_\/64500793\/PT_DESK_TRAV_WELCOME_1X1_0\" width=\"1\" height=\"1\" frameborder=\"0\" marginwidth=\"0\" marginheight=\"0\" scrolling=\"no\" data-google-container-id=\"3\" data-load-complete=\"true\" data-mce-fragment=\"1\"><\/iframe><\/div>\n<\/div>\n<p>2. \u201cS\u00f3 o amor\u201d<\/p>\n<p><span class=\"embed-youtube\"><iframe loading=\"lazy\" class=\"youtube-player\" src=\"https:\/\/www.youtube.com\/embed\/Hh7nDzElUm8?version=3&amp;rel=1&amp;fs=1&amp;autohide=2&amp;showsearch=0&amp;showinfo=1&amp;iv_load_policy=1&amp;wmode=transparent\" width=\"720\" height=\"405\" allowfullscreen=\"allowfullscreen\" data-mce-fragment=\"1\"><\/iframe><\/span><\/p>\n<p>3. \u201cAve-Maria\u201d<\/p>\n<p><span class=\"embed-youtube\"><iframe loading=\"lazy\" class=\"youtube-player\" src=\"https:\/\/www.youtube.com\/embed\/4eI8dr2D_fc?version=3&amp;rel=1&amp;fs=1&amp;autohide=2&amp;showsearch=0&amp;showinfo=1&amp;iv_load_policy=1&amp;wmode=transparent\" width=\"720\" height=\"405\" allowfullscreen=\"allowfullscreen\" data-mce-fragment=\"1\"><\/iframe><\/span><\/p>\n<p>4. \u201cPra ser feliz\u201d<\/p>\n<p><span class=\"embed-youtube\"><iframe loading=\"lazy\" class=\"youtube-player\" src=\"https:\/\/www.youtube.com\/embed\/mBpylDSRq1k?version=3&amp;rel=1&amp;fs=1&amp;autohide=2&amp;showsearch=0&amp;showinfo=1&amp;iv_load_policy=1&amp;wmode=transparent\" width=\"720\" height=\"405\" allowfullscreen=\"allowfullscreen\" data-mce-fragment=\"1\"><\/iframe><\/span><\/p>\n<p>5. \u201cTrem-bala\u201d<\/p>\n<p><span class=\"embed-youtube\"><iframe loading=\"lazy\" class=\"youtube-player\" src=\"https:\/\/www.youtube.com\/embed\/j4ipxscCmqs?version=3&amp;rel=1&amp;fs=1&amp;autohide=2&amp;showsearch=0&amp;showinfo=1&amp;iv_load_policy=1&amp;wmode=transparent\" width=\"720\" height=\"405\" allowfullscreen=\"allowfullscreen\" data-mce-fragment=\"1\"><\/iframe><\/span><\/p>\n<\/div>\n<\/div>\n<div class=\"row\">\n<div class=\"col-xs-12 text-center pagination-cont-article\"><\/div>\n<\/div>\n","protected":false},"excerpt":{"rendered":"<p>V\u00eddeos foram gravados durante apresenta\u00e7\u00e3o do cantor no Santu\u00e1rio Nacional de Aparecida O cantor sertanejo Daniel, grande devoto de Nossa Senhora, lan\u00e7ou 5 can\u00e7\u00f5es que fazem parte do \u00e1lbum \u201cShow Homenagem a Nossa Senhora Aparecida\u201d.Os clipes foram gravados no Santu\u00e1rio Nacional de Aparecida no dia 12 de outubro de 2018 e contam com a participa\u00e7\u00e3o [&hellip;]<\/p>\n","protected":false},"author":1,"featured_media":52422,"comment_status":"open","ping_status":"closed","sticky":false,"template":"","format":"standard","meta":{"footnotes":""},"categories":[4],"tags":[],"class_list":["post-52421","post","type-post","status-publish","format-standard","has-post-thumbnail","hentry","category-cotidiano"],"_links":{"self":[{"href":"https:\/\/catolicanet.net\/wp-cnet\/wp-json\/wp\/v2\/posts\/52421","targetHints":{"allow":["GET"]}}],"collection":[{"href":"https:\/\/catolicanet.net\/wp-cnet\/wp-json\/wp\/v2\/posts"}],"about":[{"href":"https:\/\/catolicanet.net\/wp-cnet\/wp-json\/wp\/v2\/types\/post"}],"author":[{"embeddable":true,"href":"https:\/\/catolicanet.net\/wp-cnet\/wp-json\/wp\/v2\/users\/1"}],"replies":[{"embeddable":true,"href":"https:\/\/catolicanet.net\/wp-cnet\/wp-json\/wp\/v2\/comments?post=52421"}],"version-history":[{"count":1,"href":"https:\/\/catolicanet.net\/wp-cnet\/wp-json\/wp\/v2\/posts\/52421\/revisions"}],"predecessor-version":[{"id":52423,"href":"https:\/\/catolicanet.net\/wp-cnet\/wp-json\/wp\/v2\/posts\/52421\/revisions\/52423"}],"wp:featuredmedia":[{"embeddable":true,"href":"https:\/\/catolicanet.net\/wp-cnet\/wp-json\/wp\/v2\/media\/52422"}],"wp:attachment":[{"href":"https:\/\/catolicanet.net\/wp-cnet\/wp-json\/wp\/v2\/media?parent=52421"}],"wp:term":[{"taxonomy":"category","embeddable":true,"href":"https:\/\/catolicanet.net\/wp-cnet\/wp-json\/wp\/v2\/categories?post=52421"},{"taxonomy":"post_tag","embeddable":true,"href":"https:\/\/catolicanet.net\/wp-cnet\/wp-json\/wp\/v2\/tags?post=52421"}],"curies":[{"name":"wp","href":"https:\/\/api.w.org\/{rel}","templated":true}]}}