{"id":52398,"date":"2019-08-14T15:10:22","date_gmt":"2019-08-14T18:10:22","guid":{"rendered":"http:\/\/catolicanet.net\/wp-cnet\/?p=52398"},"modified":"2019-09-19T15:15:30","modified_gmt":"2019-09-19T18:15:30","slug":"regional-divulga-videos-da-missao-que-desenvolve-no-norte-de-mocambique","status":"publish","type":"post","link":"https:\/\/catolicanet.net\/wp-cnet\/regional-divulga-videos-da-missao-que-desenvolve-no-norte-de-mocambique\/","title":{"rendered":"Regional divulga v\u00eddeos da miss\u00e3o que desenvolve no norte de Mo\u00e7ambique"},"content":{"rendered":"<p>O Regional Sul 1 da CNBB, motivado pelo convite do Papa Francisco de que sejamos uma\u00a0<strong>\u201cIgreja em sa\u00edda\u201d<\/strong>, assumiu h\u00e1 um ano uma miss\u00e3o no norte de Mo\u00e7ambique. Desde ent\u00e3o, mission\u00e1rios est\u00e3o sendo enviados para a diocese de Pemba.<\/p>\n<p>Na semana passada, mission\u00e1rios e uma equipe da Can\u00e7\u00e3o Nova embarcaram para uma miss\u00e3o especial na \u00c1frica. O trabalho feito junto ao Regional Sul 1 da CNBB vai servir de base para a produ\u00e7\u00e3o de dois document\u00e1rios. A missa de envio dos mission\u00e1rios foi celebrada na manh\u00e3 do dia, 06 de agosto.<\/p>\n<p>O Arcebispo de S\u00e3o Paulo, Cardeal Odilo Scherer chegou \u00e0 cidade de Pemba, em Mo\u00e7ambique, para visitar os mission\u00e1rios que foram enviados pelo Regional Sul da CNBB. \u00c9 uma visita de imers\u00e3o nas realidades da comunidade local.<\/p>\n<p>Uma equipe da TV Can\u00e7\u00e3o Nova acompanha a a\u00e7\u00e3o dos mission\u00e1rios do Regional SUL 1 da CNBB, o rosto jovem da Igreja e os efeitos da passagem de um ciclone na regi\u00e3o. Veja no site do regional Sul 1 da CNBB a s\u00e9rie de reportagem que est\u00e1 sendo enviada pela equipe da TV Can\u00e7\u00e3o Nova.<\/p>\n<p>Acompanhe os v\u00eddeos no site do regional Sul 1 da CNBB: http:\/\/<a href=\"http:\/\/cnbbsul1.org.br\/cardeal-de-sao-paulo-chega-a-africa-para-visitar-missionarios\/\">cnbbsul1.org.br<\/a><\/p>\n","protected":false},"excerpt":{"rendered":"<p>O Regional Sul 1 da CNBB, motivado pelo convite do Papa Francisco de que sejamos uma\u00a0\u201cIgreja em sa\u00edda\u201d, assumiu h\u00e1 um ano uma miss\u00e3o no norte de Mo\u00e7ambique. Desde ent\u00e3o, mission\u00e1rios est\u00e3o sendo enviados para a diocese de Pemba. Na semana passada, mission\u00e1rios e uma equipe da Can\u00e7\u00e3o Nova embarcaram para uma miss\u00e3o especial na [&hellip;]<\/p>\n","protected":false},"author":1,"featured_media":53948,"comment_status":"open","ping_status":"closed","sticky":false,"template":"","format":"standard","meta":{"footnotes":""},"categories":[7],"tags":[],"class_list":["post-52398","post","type-post","status-publish","format-standard","has-post-thumbnail","hentry","category-cnbb"],"_links":{"self":[{"href":"https:\/\/catolicanet.net\/wp-cnet\/wp-json\/wp\/v2\/posts\/52398","targetHints":{"allow":["GET"]}}],"collection":[{"href":"https:\/\/catolicanet.net\/wp-cnet\/wp-json\/wp\/v2\/posts"}],"about":[{"href":"https:\/\/catolicanet.net\/wp-cnet\/wp-json\/wp\/v2\/types\/post"}],"author":[{"embeddable":true,"href":"https:\/\/catolicanet.net\/wp-cnet\/wp-json\/wp\/v2\/users\/1"}],"replies":[{"embeddable":true,"href":"https:\/\/catolicanet.net\/wp-cnet\/wp-json\/wp\/v2\/comments?post=52398"}],"version-history":[{"count":1,"href":"https:\/\/catolicanet.net\/wp-cnet\/wp-json\/wp\/v2\/posts\/52398\/revisions"}],"predecessor-version":[{"id":53949,"href":"https:\/\/catolicanet.net\/wp-cnet\/wp-json\/wp\/v2\/posts\/52398\/revisions\/53949"}],"wp:featuredmedia":[{"embeddable":true,"href":"https:\/\/catolicanet.net\/wp-cnet\/wp-json\/wp\/v2\/media\/53948"}],"wp:attachment":[{"href":"https:\/\/catolicanet.net\/wp-cnet\/wp-json\/wp\/v2\/media?parent=52398"}],"wp:term":[{"taxonomy":"category","embeddable":true,"href":"https:\/\/catolicanet.net\/wp-cnet\/wp-json\/wp\/v2\/categories?post=52398"},{"taxonomy":"post_tag","embeddable":true,"href":"https:\/\/catolicanet.net\/wp-cnet\/wp-json\/wp\/v2\/tags?post=52398"}],"curies":[{"name":"wp","href":"https:\/\/api.w.org\/{rel}","templated":true}]}}