{"id":52395,"date":"2019-08-15T10:03:56","date_gmt":"2019-08-15T13:03:56","guid":{"rendered":"http:\/\/catolicanet.net\/wp-cnet\/?p=52395"},"modified":"2019-08-15T10:03:56","modified_gmt":"2019-08-15T13:03:56","slug":"mocambique-projeto-solidario-portugues-ajuda-criancas-a-voltarem-as-aulas-depois-da-destruicao-provocada-pelo-ciclone-idai","status":"publish","type":"post","link":"https:\/\/catolicanet.net\/wp-cnet\/mocambique-projeto-solidario-portugues-ajuda-criancas-a-voltarem-as-aulas-depois-da-destruicao-provocada-pelo-ciclone-idai\/","title":{"rendered":"Mo\u00e7ambique: Projeto solid\u00e1rio portugu\u00eas ajuda crian\u00e7as a voltarem \u00e0s aulas depois da destrui\u00e7\u00e3o provocada pelo ciclone Idai"},"content":{"rendered":"<p>Iniciativa envolve a ONG SOPRO e a Associa\u00e7\u00e3o \u00abAmigos da Montanha\u00bb<\/p>\n<p>A organiza\u00e7\u00e3o n\u00e3o-governamental portuguesa SOPRO, em parceria com a Associa\u00e7\u00e3o \u2018Amigos da Montanha\u2019, ajudou a equipar uma sala de aula em Mo\u00e7ambique com capacidade para 50 alunos sentados.<\/p>\n<p>Num comunicado enviado hoje \u00e0 Ag\u00eancia ECCLESIA, esta ONG adianta que o projeto educativo est\u00e1 ligado \u00e0 Miss\u00e3o de S\u00e3o Francisco de Assis em Mangunde, na Prov\u00edncia de Sofala.<\/p>\n<p>A mesma fonte refere ainda que \u201cesta a\u00e7\u00e3o s\u00f3 foi poss\u00edvel\u201d gra\u00e7as aos fundos recolhidos durante a Meia Maratona de Barcelos organizada pela Associa\u00e7\u00e3o \u2018Amigos da Montanha\u2019.<\/p>\n<p>Uma iniciativa que permitiu recolher cerca de dois mil euros de donativos e que teve como lema \u2018Juntos pela Beira\u2019, em alus\u00e3o \u00e0 cat\u00e1strofe natural que atingiu gravemente aquela regi\u00e3o mo\u00e7ambicana, com a passagem do ciclone Idai em mar\u00e7o deste ano.<\/p>\n<p>A SOPRO refere que vai continuar empenhada em angariar fundos que permitam \u00e0s crian\u00e7as, os jovens e os adultos mo\u00e7ambicanos regressar gradualmente \u00e0s aulas, depois da destrui\u00e7\u00e3o provocada pelo ciclone.<\/p>\n<p>O projeto \u2018Quero a minha Escola de Volta\u2019 pretende a m\u00e9dio prazo ajudar a equipar v\u00e1rias salas de aula ligadas a miss\u00f5es atualmente em marcha no territ\u00f3rio mo\u00e7ambicano.<\/p>\n<p>No comunicado s\u00e3o citadas as miss\u00f5es de Machanga (40 carteiras), Estanquinha (112 carteiras) e Barada (500 carteiras), esta \u00faltima \u201ca mais afetada pelo ciclone Idai\u201d.<\/p>\n<p>\u201cAcreditamos que Pequenos Gestos Mudam o Mundo, por isso agradecemos a todos os que j\u00e1 contribu\u00edram e aos que possam vir a contribuir para continuar a ajudar Mo\u00e7ambique!\u201d, referem os promotores destas a\u00e7\u00f5es de solidariedade.<\/p>\n","protected":false},"excerpt":{"rendered":"<p>Iniciativa envolve a ONG SOPRO e a Associa\u00e7\u00e3o \u00abAmigos da Montanha\u00bb A organiza\u00e7\u00e3o n\u00e3o-governamental portuguesa SOPRO, em parceria com a Associa\u00e7\u00e3o \u2018Amigos da Montanha\u2019, ajudou a equipar uma sala de aula em Mo\u00e7ambique com capacidade para 50 alunos sentados. Num comunicado enviado hoje \u00e0 Ag\u00eancia ECCLESIA, esta ONG adianta que o projeto educativo est\u00e1 ligado [&hellip;]<\/p>\n","protected":false},"author":1,"featured_media":52396,"comment_status":"open","ping_status":"closed","sticky":false,"template":"","format":"standard","meta":{"footnotes":""},"categories":[13],"tags":[],"class_list":["post-52395","post","type-post","status-publish","format-standard","has-post-thumbnail","hentry","category-featured"],"_links":{"self":[{"href":"https:\/\/catolicanet.net\/wp-cnet\/wp-json\/wp\/v2\/posts\/52395","targetHints":{"allow":["GET"]}}],"collection":[{"href":"https:\/\/catolicanet.net\/wp-cnet\/wp-json\/wp\/v2\/posts"}],"about":[{"href":"https:\/\/catolicanet.net\/wp-cnet\/wp-json\/wp\/v2\/types\/post"}],"author":[{"embeddable":true,"href":"https:\/\/catolicanet.net\/wp-cnet\/wp-json\/wp\/v2\/users\/1"}],"replies":[{"embeddable":true,"href":"https:\/\/catolicanet.net\/wp-cnet\/wp-json\/wp\/v2\/comments?post=52395"}],"version-history":[{"count":1,"href":"https:\/\/catolicanet.net\/wp-cnet\/wp-json\/wp\/v2\/posts\/52395\/revisions"}],"predecessor-version":[{"id":52397,"href":"https:\/\/catolicanet.net\/wp-cnet\/wp-json\/wp\/v2\/posts\/52395\/revisions\/52397"}],"wp:featuredmedia":[{"embeddable":true,"href":"https:\/\/catolicanet.net\/wp-cnet\/wp-json\/wp\/v2\/media\/52396"}],"wp:attachment":[{"href":"https:\/\/catolicanet.net\/wp-cnet\/wp-json\/wp\/v2\/media?parent=52395"}],"wp:term":[{"taxonomy":"category","embeddable":true,"href":"https:\/\/catolicanet.net\/wp-cnet\/wp-json\/wp\/v2\/categories?post=52395"},{"taxonomy":"post_tag","embeddable":true,"href":"https:\/\/catolicanet.net\/wp-cnet\/wp-json\/wp\/v2\/tags?post=52395"}],"curies":[{"name":"wp","href":"https:\/\/api.w.org\/{rel}","templated":true}]}}