{"id":5236,"date":"2014-10-22T17:31:33","date_gmt":"2014-10-22T19:31:33","guid":{"rendered":"http:\/\/catolicanet.net\/wp-cnet\/papa-ciume-e-inveja-desmembram-a-igreja-que-e-corpo-do-cristo\/"},"modified":"2017-04-06T15:52:59","modified_gmt":"2017-04-06T18:52:59","slug":"papa-ciume-e-inveja-desmembram-a-igreja-que-e-corpo-do-cristo","status":"publish","type":"post","link":"https:\/\/catolicanet.net\/wp-cnet\/papa-ciume-e-inveja-desmembram-a-igreja-que-e-corpo-do-cristo\/","title":{"rendered":"Papa: ci\u00fame e inveja desmembram a Igreja, que \u00e9 corpo do Cristo"},"content":{"rendered":"<p style=\"text-align: justify;\">\u201cIgreja, corpo de Cristo\u201d foi o tema da Audi\u00eancia Geral desta quarta-feira, 22 de outubro.<\/p>\n<p><img decoding=\"async\" src=\"http:\/\/catolicanet.com.br\/images\/stories\/geral\/papaciume.jpg\" border=\"0\" align=\"left\" \/>Sob um c\u00e9u nublado, a Pra\u00e7a S. Pedro acolheu cerca de 45 mil fi\u00e9is que, entusiastas, saudaram o Papa Francisco a bordo do seu papam\u00f3vel, antes de iniciar a sua catequese.<\/p>\n<p>Prosseguindo o ciclo sobre a Igreja, o Pont\u00edfice explicou de que forma ela constitui o corpo de Cristo partindo de um trecho do Livro de Ezequiel, do qual o Papa recomendou aos fi\u00e9is a leitura em casa. No cap\u00edtulo 37, se descreve a vis\u00e3o de um vale de ossos secos. Deus, atrav\u00e9s do Esp\u00edrito, faz com que sejam cobertos de tend\u00f5es, carne e pele. Assim, se forma um corpo, completo e cheio de vida.<\/p>\n<p>\u201cPois \u00e9, esta \u00e9 a Igreja! \u00c9 uma obra-prima, a obra-prima do Esp\u00edrito, o qual infunde em cada um a vida nova do Ressuscitado e nos coloca um ao lado do outro, um a servi\u00e7o do outro, fazendo de todos n\u00f3s um s\u00f3 corpo, edificado na comunh\u00e3o e no amor.\u201d<\/p>\n<p>Por\u00e9m, advertiu o Papa, a Igreja n\u00e3o \u00e9 somente um corpo edificado no Esp\u00edrito: a Igreja \u00e9 o corpo de Cristo. N\u00e3o se trata simplesmente de um modo de dizer: n\u00f3s o somos realmente. \u00c9 o grande dom que recebemos no dia do nosso Batismo. A consequ\u00eancia disso \u00e9 uma profunda comunh\u00e3o de amor, disse Francisco, pedindo que nos recordemos com mais frequ\u00eancia das palavras de S. Paulo. O Ap\u00f3stolo exorta os maridos amem as mulheres como o pr\u00f3prio corpo, assim como Cristo faz com a Igreja, porque somos membros do seu corpo.<\/p>\n<p>Todavia, recordou Francisco, este pensamento deve despertar em n\u00f3s a vontade de corresponder a este amor de Jesus e de compartilh\u00e1-lo entre n\u00f3s. As divis\u00f5es, as invejas, as incompreens\u00f5es e a marginaliza\u00e7\u00e3o n\u00e3o edificam a Igreja como corpo de Cristo. Pelo contr\u00e1rio, a desmembram, \u00e9 o in\u00edcio da luta. \u201cA guerra n\u00e3o come\u00e7a no campo de batalha, mas no nosso cora\u00e7\u00e3o\u201d, disse, recomendando os conselhos que S. Paulo deu aos cor\u00edntios:<\/p>\n<p>\u201cN\u00e3o ser ciumento, mas apreciar nas nossas comunidades os dons e as qualidades dos nossos irm\u00e3os. Pois sentir ci\u00fame se algu\u00e9m comprou um carro ou ganhou na loteria faz desmembrar o corpo de Cristo. O ci\u00fame cresce e enche o cora\u00e7\u00e3o, tornando-o \u00e1cido, infeliz.\u201d<\/p>\n<p>Outro conselho \u00e9 demonstrar a nossa proximidade aos que sofrem; expressar a pr\u00f3pria gratid\u00e3o a todos, e de modo especial aos que desempenham os servi\u00e7os mais humildes. E, por \u00faltimo, n\u00e3o reputar ningu\u00e9m superior aos outros.<\/p>\n<p>\u201cQuantas pessoas se sentem superior aos outros. Tamb\u00e9m n\u00f3s dizemos como aquele fariseu da par\u00e1bola: \u2018Lhe agrade\u00e7o, Senhor, porque n\u00e3o sou como aquela pessoa, sou superior\u2019. Jamais fa\u00e7a isso. Se houver a tenta\u00e7\u00e3o, lembre-se dos seus pecados, daqueles que ningu\u00e9m conhece e envergonhe-se diante de Deus e feche a boca.\u201d<\/p>\n<p>Ap\u00f3s a catequese, o Papa saudou os grupos presentes na Pra\u00e7a. Aos poloneses, disse:<\/p>\n<p>\u201cHoje celebramos a mem\u00f3ria lit\u00fargica de S. Jo\u00e3o Paulo II, que convidou todos a abrirem as portas a Cristo. Que sua heran\u00e7a espiritual n\u00e3o seja esquecida, mas nos impulsione \u00e0 reflex\u00e3o e ao agir concreto pelo bem da Igreja, da fam\u00edlia e da sociedade.\u201d<\/p>\n<p>Francisco saudou os cerca de 250 brasileiros e os lus\u00f3fonos com as seguintes palavras: \u201cDirijo uma sauda\u00e7\u00e3o cordial a todos os peregrinos de l\u00edngua portuguesa, particularmente os fi\u00e9is das v\u00e1rias par\u00f3quias do Brasil. Queridos amigos, somos verdadeiramente o Corpo de Cristo! N\u00e3o deixemos de nos fazer solid\u00e1rios com os mais necessitados, lembrando as palavras de S\u00e3o Paulo: \u2018se um membro sofre, todos os membros sofrem com ele; se um membro \u00e9 honrado, todos os membros se regozijam com ele\u2019! Assim Deus vos aben\u00e7oe! Obrigado.\u201d<\/p>\n<p>Antes da Audi\u00eancia Geral, o Papa cumprimentou os jogadores do Bayern de Munique, que disputaram na noite de ter\u00e7a-feira mais um jogo pela Liga dos Campe\u00f5es contra a Roma. No est\u00e1dio Ol\u00edmpico, o time alem\u00e3o venceu os donos da casa por 7 a 1.<\/p>\n<p>Fonte: R\u00e1dio Vaticano<br \/>Local: Cidade do Vaticano<\/p>\n","protected":false},"excerpt":{"rendered":"<p>\u201cIgreja, corpo de Cristo\u201d foi o tema da Audi\u00eancia Geral desta quarta-feira, 22 de outubro. Sob um c\u00e9u nublado, a Pra\u00e7a S. Pedro acolheu cerca de 45 mil fi\u00e9is que, entusiastas, saudaram o Papa Francisco a bordo do seu papam\u00f3vel, antes de iniciar a sua catequese. Prosseguindo o ciclo sobre a Igreja, o Pont\u00edfice explicou [&hellip;]<\/p>\n","protected":false},"author":1,"featured_media":0,"comment_status":"closed","ping_status":"closed","sticky":false,"template":"","format":"standard","meta":{"footnotes":""},"categories":[3],"tags":[],"class_list":["post-5236","post","type-post","status-publish","format-standard","hentry","category-vaticano"],"_links":{"self":[{"href":"https:\/\/catolicanet.net\/wp-cnet\/wp-json\/wp\/v2\/posts\/5236","targetHints":{"allow":["GET"]}}],"collection":[{"href":"https:\/\/catolicanet.net\/wp-cnet\/wp-json\/wp\/v2\/posts"}],"about":[{"href":"https:\/\/catolicanet.net\/wp-cnet\/wp-json\/wp\/v2\/types\/post"}],"author":[{"embeddable":true,"href":"https:\/\/catolicanet.net\/wp-cnet\/wp-json\/wp\/v2\/users\/1"}],"replies":[{"embeddable":true,"href":"https:\/\/catolicanet.net\/wp-cnet\/wp-json\/wp\/v2\/comments?post=5236"}],"version-history":[{"count":1,"href":"https:\/\/catolicanet.net\/wp-cnet\/wp-json\/wp\/v2\/posts\/5236\/revisions"}],"predecessor-version":[{"id":10104,"href":"https:\/\/catolicanet.net\/wp-cnet\/wp-json\/wp\/v2\/posts\/5236\/revisions\/10104"}],"wp:attachment":[{"href":"https:\/\/catolicanet.net\/wp-cnet\/wp-json\/wp\/v2\/media?parent=5236"}],"wp:term":[{"taxonomy":"category","embeddable":true,"href":"https:\/\/catolicanet.net\/wp-cnet\/wp-json\/wp\/v2\/categories?post=5236"},{"taxonomy":"post_tag","embeddable":true,"href":"https:\/\/catolicanet.net\/wp-cnet\/wp-json\/wp\/v2\/tags?post=5236"}],"curies":[{"name":"wp","href":"https:\/\/api.w.org\/{rel}","templated":true}]}}