{"id":52358,"date":"2019-08-18T08:00:11","date_gmt":"2019-08-18T11:00:11","guid":{"rendered":"http:\/\/catolicanet.net\/wp-cnet\/?p=52358"},"modified":"2019-08-14T11:10:34","modified_gmt":"2019-08-14T14:10:34","slug":"o-senhor-faz-maravilhas-2","status":"publish","type":"post","link":"https:\/\/catolicanet.net\/wp-cnet\/o-senhor-faz-maravilhas-2\/","title":{"rendered":"O Senhor faz maravilhas"},"content":{"rendered":"<p>\u201c<em>Finalmente, a Virgem Imaculada, preservada imune de toda a mancha da culpa original, terminado o curso da vida terrena, foi elevada ao c\u00e9u em corpo e alma e exaltada pelo Senhor como rainha, para assim se conformar mais plenamente com o seu Filho, Senhor dos senhores e vencedor do pecado e da morte<\/em>\u201d (Lumen Gentium 59).<\/p>\n<p>A Assun\u00e7\u00e3o da sant\u00edssima Virgem \u00e9 uma singular participa\u00e7\u00e3o na ressurrei\u00e7\u00e3o do seu Filho e uma antecipa\u00e7\u00e3o da ressurrei\u00e7\u00e3o dos outros crist\u00e3os: \u201c<em>No teu parto guardaste a virgindade e na tua dormi\u00e7\u00e3o n\u00e3o abandonaste a mundo, \u00f3 M\u00e3e de Deus: alcan\u00e7aste a fonte da vida. Tu que concebeste o Deus vivo e que, pelas tuas ora\u00e7\u00f5es, h\u00e1s de livrar as nossas almas da morte<\/em>\u201d (Liturgia Bizantina). (Catecismo da Igreja Cat\u00f3lica, 966).<\/p>\n<p>Neste terceiro domingo do m\u00eas de agosto celebramos, aqui no Brasil, a assun\u00e7\u00e3o de Nossa Senhora. A celebra\u00e7\u00e3o acontece em muitas comunidades no pr\u00f3prio dia 15, mas por motivos pastorais, oficialmente, ela \u00e9 transladada para o domingo, com o objetivo de favorecer uma maior participa\u00e7\u00e3o dos fi\u00e9is, como acontece com outras solenidades e festas em que n\u00e3o se \u00e9 feriado no Brasil.<\/p>\n<p>Neste terceiro domingo deste m\u00eas vocacional tamb\u00e9m rezamos e refletimos pelas voca\u00e7\u00f5es \u00e0 vida consagrada, a vida religiosa de antiga e nova tradi\u00e7\u00e3o. Desde o come\u00e7o da Igreja homens e mulheres foram chamados por Deus para formarem fam\u00edlias, sejam elas solit\u00e1rias como os anacoretas ou comunit\u00e1rias, como os cenobitas, que viviam a vida comunit\u00e1ria em torno da Palavra de Deus e dos sacramentos, procurando viver de forma intensa a vida crist\u00e3, formando pequenas comunidades e se consagrando ao Senhor, como at\u00e9 hoje o s\u00e3o. V\u00e1rios foram os carismas com que o Esp\u00edrito Santo foi presenteando \u00e0 Igreja ao longo da hist\u00f3ria, e a Igreja vai sempre contemplando e atenta a estes sinais vivos da a\u00e7\u00e3o do Esp\u00edrito em nosso meio: vieram os anacoretas, os cenobitas, a vida mon\u00e1stica, as ordens mendicantes, os pregadores, mission\u00e1rios, as virgens consagradas, as novas ordens religiosas que se preocupavam com os doentes e com os pobres, as sociedades de vida apost\u00f3lica, os institutos seculares e ultimamente os carismas pr\u00f3prios das novas comunidades e a consagra\u00e7\u00e3o em seu seio. Temos v\u00e1rias organiza\u00e7\u00f5es que permanecem, outras seguem outros caminhos, outras cumprem um papel determinado e limitado na hist\u00f3ria onde alguns continuam e outros n\u00e3o. O importante \u00e9 percebermos que na caminhada da Igreja temos v\u00e1rios carismas de homens e mulheres que, al\u00e9m da sua consagra\u00e7\u00e3o batismal, respondem ao chamado de uma especial consagra\u00e7\u00e3o. A voca\u00e7\u00e3o batismal est\u00e1 como fundamento de tudo, mas, como nos fala a <em>Lumen Gentium<\/em>, h\u00e1 aqueles que se entregam a uma voca\u00e7\u00e3o de especial consagra\u00e7\u00e3o, movidos pela gra\u00e7a de Deus. A <em>Lumen Gentium<\/em> vai ligar mais ainda a vida consagrada \u00e0 santidade da Igreja, sendo reflexo imediato desta chamada universal \u00e0 santidade:<\/p>\n<p><em>Os conselhos evang\u00e9licos de castidade consagrada a Deus, de pobreza e de obedi\u00eancia, visto que fundados sobre a palavra e o exemplo de Cristo e recomendados pelos Ap\u00f3stolos, pelos Padres, Doutores e Pastores da Igreja, s\u00e3o um dom divino, que a mesma Igreja recebeu do seu Senhor e com a Sua gra\u00e7a sempre conserva. A autoridade da Igreja, sob a dire\u00e7\u00e3o do Esp\u00edrito Santo, cuidou de regular a sua pr\u00e1tica e tamb\u00e9m de constituir, \u00e0 base deles, formas est\u00e1veis de vida. E assim sucedeu que, como em \u00e1rvore plantada por Deus e maravilhosa e variamente ramificada no campo do Senhor, surgiram diversas formas de vida, quer solit\u00e1ria quer comum, e v\u00e1rias fam\u00edlias religiosas, que v\u00eam aumentar as riquezas espirituais, tanto em proveito dos seus pr\u00f3prios membros como no de todo o Corpo de Cristo. Com efeito, essas fam\u00edlias d\u00e3o aos seus membros os aux\u00edlios duma estabilidade mais firme no modo de vida, duma doutrina segura em ordem a alcan\u00e7ar a perfei\u00e7\u00e3o, duma comunh\u00e3o fraterna na mil\u00edcia de Cristo, duma liberdade robustecida pela obedi\u00eancia, para assim poderem cumprir com seguran\u00e7a e guardar fielmente a profiss\u00e3o religiosa e avan\u00e7ar jubilosos no caminho da caridade (Lumen Gentium 43). <\/em>Rezemos para que cada vez mais a vida consagrada e religiosa encontre os seus caminhos e que nessa mudan\u00e7a de era, mais que mudan\u00e7a de \u00e9poca, a vida consagrada esteja encontrando os caminhos de permanecer fiel ao essencial a partir da realidade do Evangelho que \u00e9 sempre antigo e sempre novo. Louvamos a Deus por todos os carismas e pedimos a Deus que fa\u00e7a sempre frutificar essa obra que Ele mesmo iniciou e que Deus continue a colocar no cora\u00e7\u00e3o de muitos jovens o desejo de se entregar a Deus em uma vida de especial consagra\u00e7\u00e3o. Em nossa arquidiocese destacamos que durante a miss\u00e3o arquiepiscopal de D. Jaime de Barros C\u00e2mara foram fundadas v\u00e1rias congrega\u00e7\u00f5es religiosas de direito diocesano que ainda hoje serve \u00e0 Igreja com seus membros.<\/p>\n<p>Celebramos e rezamos pela vida consagrada no dia da Assun\u00e7\u00e3o de Nossa Senhora, celebrada neste domingo. A assun\u00e7\u00e3o de Maria coloca diante de n\u00f3s a realidade do fim de nossa vida, a realidade \u00faltima que nos aguarda. Sabemos que terminada nossa caminhada neste mundo, temos uma nova morada nos c\u00e9us. O pr\u00f3prio Cristo vai dizer: <em>N\u00e3o se turbe o vosso cora\u00e7\u00e3o; credes em Deus, crede tamb\u00e9m em mim. Na casa de meu Pai h\u00e1 muitas moradas; se n\u00e3o fosse assim, eu vo-lo teria dito. Vou preparar-vos lugar.<br \/>\nE quando eu for, e vos preparar lugar, virei outra vez, e vos levarei para mim mesmo, para que onde eu estiver estejais v\u00f3s tamb\u00e9m<\/em> (Jo 14, 1-3). Somos chamados a viver de tal forma a nossa vida crist\u00e3 que n\u00e3o percamos de vista o nosso fim \u00faltimo. Nosso fim n\u00e3o \u00e9 o cemit\u00e9rio dentro de um caix\u00e3o. Nosso fim (finalidade) \u00e9 estar com Deus na eternidade. Eis o grande mist\u00e9rio que a solenidade de hoje nos recorda. O pref\u00e1cio da solenidade de hoje vai nos recordar: <em>Hoje, a Virgem Maria, m\u00e3e de Deus, foi elevada \u00e0 gl\u00f3ria do c\u00e9u. Aurora e esplendor da Igreja triunfante, ela \u00e9 consolo e esperan\u00e7a para o vosso povo ainda em caminho, pois preservastes da corrup\u00e7\u00e3o da morte aquela que gerou, de modo inef\u00e1vel, vosso pr\u00f3prio Filho feito homem, autor de toda a vida.<\/em><\/p>\n<p>A palavra de Deus proclamada nesta solenidade come\u00e7a trazendo a leitura do livro do Apocalipse ( Ap 11, 19a;12,1.3-6a.10ab):<em><br \/>\nApareceu no C\u00e9u um sinal grandioso: uma mulher revestida de sol, com a lua debaixo dos p\u00e9s e uma coroa de doze estrelas na cabe\u00e7a. E apareceu no C\u00e9u outro sinal: um enorme drag\u00e3o cor de fogo.<\/em><\/p>\n<p>Atrav\u00e9s dessas imagens vai mostrando toda a persegui\u00e7\u00e3o que a Igreja vai enfrentando. Maria aparece no Apocalipse como imagem da Igreja. Ao mesmo tempo vai tamb\u00e9m indicando:<em><br \/>\nEla teve um filho var\u00e3o, que h\u00e1 de reger todas as na\u00e7\u00f5es com cetro de ferro. O filho foi levado para junto de Deus e do seu trono e a mulher fugiu para o deserto, onde Deus lhe tinha preparado um lugar. E ouvi uma voz poderosa que clamava no C\u00e9u: Agora chegou a salva\u00e7\u00e3o, o poder e a realeza do nosso Deus e o dom\u00ednio do seu Ungido.<\/em><\/p>\n<p>Sabemos que no Apocalipse de S\u00e3o Jo\u00e3o, temos representadas as imagens da Igreja e como extens\u00e3o tamb\u00e9m a figura de Maria. A Tradi\u00e7\u00e3o da Igreja sempre teve por costume associar as figuras de Maria e da Igreja. Maria \u00e9 esta mulher forte que, sabendo cumprir a vontade do Pai e que soube ao mesmo tempo cantar os louvores de Deus. \u00c0 semelhan\u00e7a de Maria, a Igreja concebe na dor um mundo novo. E em uni\u00e3o com Maria, participa na vit\u00f3ria de Cristo sobre o Mal.<\/p>\n<p>O Magnificat de Maria, evangelho proclamado nesta solenidade, (Lc 1, 39-56) vai relatar exatamente os louvores dados por Maria a Deus: <em>A minha alma glorifica o Senhor e o meu esp\u00edrito se alegra em Deus, meu Salvador, porque p\u00f4s os olhos na humildade da sua serva: de hoje em diante me chamar\u00e3o bem-aventurada todas as gera\u00e7\u00f5es.<\/em><\/p>\n<p>Na carta de Paulo aos Cor\u00edntios (1 Cor 15, 20-27a), Paulo vai falando das prim\u00edcias da ressurrei\u00e7\u00e3o \u00faltima: o que aconteceu com Cristo, acontece com Maria conforme hoje celebramos e da mesma forma acontecer\u00e1 com a vida de toda a Igreja:<\/p>\n<p><em>Cristo ressuscitou dos mortos, como prim\u00edcias dos que morreram.<br \/>\nUma vez que a morte veio por um homem, tamb\u00e9m por um homem veio a ressurrei\u00e7\u00e3o dos mortos; porque, do mesmo modo que em Ad\u00e3o todos morreram, assim tamb\u00e9m em Cristo ser\u00e3o todos restitu\u00eddos \u00e0 vida. Cada qual, por\u00e9m, na sua ordem:<br \/>\nprimeiro, Cristo, como prim\u00edcias; a seguir, os que pertencem a Cristo, por ocasi\u00e3o da sua vinda. Depois ser\u00e1 o fim,<br \/>\nquando Cristo entregar o reino a Deus seu Pai depois de ter aniquilado toda a soberania, autoridade e poder. \u00c9 necess\u00e1rio que Ele reine, at\u00e9 que tenha posto todos os inimigos debaixo dos seus p\u00e9s. E o \u00faltimo inimigo a ser aniquilado \u00e9 a morte,<br \/>\nporque Deus tudo colocou debaixo dos seus p\u00e9s.<\/em><\/p>\n<p>A nossa humanidade j\u00e1 est\u00e1 na eternidade: antes de tudo com Jesus, assumindo nossa carne e subindo aos c\u00e9us, nossa humanidade glorificada est\u00e1 junto com a Trindade. Com Maria vemos tamb\u00e9m a criatura que \u00e9 chamada a n\u00e3o perder a sua dimens\u00e3o: a dimens\u00e3o de eternidade. Somos chamados a resolver muitas quest\u00f5es e atender a muitas demandas, mas n\u00e3o podemos esquecer a dimens\u00e3o de eternidade. Por isso, uma vida de convers\u00e3o e de mudan\u00e7a de vida nunca pode ser deixada de lado. Temos no c\u00e9u uma morada permanente e estamos caminhando rumo a ela. Compartilharemos em corpo e alma desta gl\u00f3ria divina. A Solenidade de hoje enche-nos de confian\u00e7a nas nossas s\u00faplicas pois, conforme nos diz S\u00e3o Bernardo, \u201c<em>subiu aos c\u00e9us a nossa Advogada para, como M\u00e3e do Juiz e M\u00e3e de Miseric\u00f3rdia, tratar dos neg\u00f3cios da nossa esperan\u00e7a<\/em>. \u201d Ela alenta continuamente a nossa esperan\u00e7a. Somos ainda peregrinos, mas a nossa M\u00e3e precedeu-nos e indica-nos j\u00e1 o final do caminho: repete-nos que \u00e9 poss\u00edvel l\u00e1 chegarmos, e que l\u00e1 chegaremos, se formos fi\u00e9is. Porque a Sant\u00edssima Virgem n\u00e3o \u00e9 apenas nosso exemplo: \u00e9 aux\u00edlio dos crist\u00e3os. E ante a nossa s\u00faplica n\u00e3o quer negar-se a cuidar dos seus filhos com solicitude maternal.<\/p>\n<p>Que sejamos cada vez mais transformados em homens e mulheres novos. Que os religiosos e religiosos, cujo dia celebramos neste final de semana nos ajudem com seu exemplo, sua dedica\u00e7\u00e3o e consagra\u00e7\u00e3o a buscarmos o caminho da santidade no dia a dia da nossa vida.<\/p>\n<p><em>\u201cDeus eterno e todo-poderoso, que elevastes \u00e0 gl\u00f3ria do c\u00e9u, em corpo e alma, a imaculada virgem Maria, m\u00e3e do vosso filho, dai-nos viver atentos \u00e0s coisas do alto, a fim de participarmos da sua gl\u00f3ria\u201d.<\/em><\/p>\n","protected":false},"excerpt":{"rendered":"<p>\u201cFinalmente, a Virgem Imaculada, preservada imune de toda a mancha da culpa original, terminado o curso da vida terrena, foi elevada ao c\u00e9u em corpo e alma e exaltada pelo Senhor como rainha, para assim se conformar mais plenamente com o seu Filho, Senhor dos senhores e vencedor do pecado e da morte\u201d (Lumen Gentium [&hellip;]<\/p>\n","protected":false},"author":5,"featured_media":32777,"comment_status":"open","ping_status":"closed","sticky":false,"template":"","format":"standard","meta":{"footnotes":""},"categories":[9],"tags":[],"class_list":["post-52358","post","type-post","status-publish","format-standard","has-post-thumbnail","hentry","category-artigos"],"_links":{"self":[{"href":"https:\/\/catolicanet.net\/wp-cnet\/wp-json\/wp\/v2\/posts\/52358","targetHints":{"allow":["GET"]}}],"collection":[{"href":"https:\/\/catolicanet.net\/wp-cnet\/wp-json\/wp\/v2\/posts"}],"about":[{"href":"https:\/\/catolicanet.net\/wp-cnet\/wp-json\/wp\/v2\/types\/post"}],"author":[{"embeddable":true,"href":"https:\/\/catolicanet.net\/wp-cnet\/wp-json\/wp\/v2\/users\/5"}],"replies":[{"embeddable":true,"href":"https:\/\/catolicanet.net\/wp-cnet\/wp-json\/wp\/v2\/comments?post=52358"}],"version-history":[{"count":1,"href":"https:\/\/catolicanet.net\/wp-cnet\/wp-json\/wp\/v2\/posts\/52358\/revisions"}],"predecessor-version":[{"id":52359,"href":"https:\/\/catolicanet.net\/wp-cnet\/wp-json\/wp\/v2\/posts\/52358\/revisions\/52359"}],"wp:featuredmedia":[{"embeddable":true,"href":"https:\/\/catolicanet.net\/wp-cnet\/wp-json\/wp\/v2\/media\/32777"}],"wp:attachment":[{"href":"https:\/\/catolicanet.net\/wp-cnet\/wp-json\/wp\/v2\/media?parent=52358"}],"wp:term":[{"taxonomy":"category","embeddable":true,"href":"https:\/\/catolicanet.net\/wp-cnet\/wp-json\/wp\/v2\/categories?post=52358"},{"taxonomy":"post_tag","embeddable":true,"href":"https:\/\/catolicanet.net\/wp-cnet\/wp-json\/wp\/v2\/tags?post=52358"}],"curies":[{"name":"wp","href":"https:\/\/api.w.org\/{rel}","templated":true}]}}