{"id":5234,"date":"2014-10-21T18:54:11","date_gmt":"2014-10-21T20:54:11","guid":{"rendered":"http:\/\/catolicanet.net\/wp-cnet\/prece-missionaria-21-de-outubro\/"},"modified":"2017-04-06T15:49:30","modified_gmt":"2017-04-06T18:49:30","slug":"prece-missionaria-21-de-outubro","status":"publish","type":"post","link":"https:\/\/catolicanet.net\/wp-cnet\/prece-missionaria-21-de-outubro\/","title":{"rendered":"Prece Mission\u00e1ria &#8211; 21 de outubro"},"content":{"rendered":"<p style=\"text-align: center;\"><img decoding=\"async\" src=\"http:\/\/catolicanet.com.br\/images\/stories\/geral\/mundomaos.jpg\" border=\"0\" \/><\/p>\n<p>Para que a Igreja seja consciente, ativa e influente, diante de um mundo que \u00e9 necess\u00e1rio refazer, e que os crist\u00e3os movidos pela f\u00e9, lutem pela transforma\u00e7\u00e3o do mundo. Am\u00e9m.<\/p>\n<p style=\"text-align: center;\">\u00a0<\/p>\n<p style=\"text-align: center;\">\u00a0<\/p>\n<p style=\"text-align: justify;\">Fonte: Garotada Mission\u00e1ria<\/p>\n","protected":false},"excerpt":{"rendered":"<p>Para que a Igreja seja consciente, ativa e influente, diante de um mundo que \u00e9 necess\u00e1rio refazer, e que os crist\u00e3os movidos pela f\u00e9, lutem pela transforma\u00e7\u00e3o do mundo. Am\u00e9m. \u00a0 \u00a0 Fonte: Garotada Mission\u00e1ria<\/p>\n","protected":false},"author":1,"featured_media":0,"comment_status":"closed","ping_status":"closed","sticky":false,"template":"","format":"standard","meta":{"footnotes":""},"categories":[4],"tags":[],"class_list":["post-5234","post","type-post","status-publish","format-standard","hentry","category-cotidiano"],"_links":{"self":[{"href":"https:\/\/catolicanet.net\/wp-cnet\/wp-json\/wp\/v2\/posts\/5234","targetHints":{"allow":["GET"]}}],"collection":[{"href":"https:\/\/catolicanet.net\/wp-cnet\/wp-json\/wp\/v2\/posts"}],"about":[{"href":"https:\/\/catolicanet.net\/wp-cnet\/wp-json\/wp\/v2\/types\/post"}],"author":[{"embeddable":true,"href":"https:\/\/catolicanet.net\/wp-cnet\/wp-json\/wp\/v2\/users\/1"}],"replies":[{"embeddable":true,"href":"https:\/\/catolicanet.net\/wp-cnet\/wp-json\/wp\/v2\/comments?post=5234"}],"version-history":[{"count":1,"href":"https:\/\/catolicanet.net\/wp-cnet\/wp-json\/wp\/v2\/posts\/5234\/revisions"}],"predecessor-version":[{"id":10101,"href":"https:\/\/catolicanet.net\/wp-cnet\/wp-json\/wp\/v2\/posts\/5234\/revisions\/10101"}],"wp:attachment":[{"href":"https:\/\/catolicanet.net\/wp-cnet\/wp-json\/wp\/v2\/media?parent=5234"}],"wp:term":[{"taxonomy":"category","embeddable":true,"href":"https:\/\/catolicanet.net\/wp-cnet\/wp-json\/wp\/v2\/categories?post=5234"},{"taxonomy":"post_tag","embeddable":true,"href":"https:\/\/catolicanet.net\/wp-cnet\/wp-json\/wp\/v2\/tags?post=5234"}],"curies":[{"name":"wp","href":"https:\/\/api.w.org\/{rel}","templated":true}]}}