{"id":52333,"date":"2019-08-14T09:27:22","date_gmt":"2019-08-14T12:27:22","guid":{"rendered":"http:\/\/catolicanet.net\/wp-cnet\/?p=52333"},"modified":"2019-08-14T10:34:14","modified_gmt":"2019-08-14T13:34:14","slug":"o-programa-detalhado-da-viagem-do-papa-a-mocambique-madagascar-mauricio","status":"publish","type":"post","link":"https:\/\/catolicanet.net\/wp-cnet\/o-programa-detalhado-da-viagem-do-papa-a-mocambique-madagascar-mauricio\/","title":{"rendered":"O programa detalhado da Viagem do Papa a Mo\u00e7ambique-Madagascar-Maur\u00edcio"},"content":{"rendered":"<div class=\"article__subTitle\">De 4 a 10 de setembro de 2019, o Papa Francisco realizar\u00e1 uma Viagem Apost\u00f3lica a Mo\u00e7ambique, Madagascar e Maur\u00edcio, visitando as cidades de Maputo em Mo\u00e7ambique, Antananarivo em Madagascar e Port Louis em Maur\u00edcio.<\/div>\n<div class=\"title__separator\"><\/div>\n<div class=\"article__text\">\n<p><b>Cidade do Vaticano<\/b><\/p>\n<p>O programa da Viagem Apost\u00f3lica do Papa Francisco a Mo\u00e7ambique, Madagascar e Maur\u00edcio, divulgado em 28 de junho, sofreu algumas atualiza\u00e7\u00f5es, conforme segue. Em breve confirmaremos os eventos que ter\u00e3o transmiss\u00e3o com coment\u00e1rios em portugu\u00eas do Vatican News. (Os hor\u00e1rios indicanos s\u00e3o sempre os hor\u00e1rios locais).<\/p>\n<h2>Quarta-feira, 4 de setembro de 2019<\/h2>\n<p><b><u>ROMA &#8211; MAPUTO<\/u><\/b><\/p>\n<p>08:00 &#8211; Partida em avi\u00e3o do Aeroporto de Roma \/ Fiumicino para Maputo<\/p>\n<p>18:30 \u00a0&#8211; Cerim\u00f4nia de boas-vindas no Aeroporto de Maputo<\/p>\n<h2>Quinta-feira, 5 de setembro de 2019<\/h2>\n<p><u><b>MAPUTO<\/b><\/u><\/p>\n<p>09:45 \u2013 Visita de cortesia ao Presidente no Pal\u00e1cio \u201cPonta Vermelha\u201d<\/p>\n<p>10:15 \u2013 Encontro com as Autoridades, a Sociedade Civil e o Corpo Diplom\u00e1tico no Pal\u00e1cio \u201cPonta Vermelha\u201d &#8211; <b>Discurso do Santo Padre<\/b><\/p>\n<p>11:00 \u2013 Encontro Inter-religioso com os jovens no <i>Pavillon Maxaquene<\/i> &#8211; <b>Discurso do Santo Padre<\/b><\/p>\n<p>Almo\u00e7o na Nunciatura<\/p>\n<p>16:15 \u2013 Encontro com os bispos, os sacerdotes, religiosos (as), consagrados, seminaristas, catequistas e animadores pastorais na Catedral da Imaculada Concei\u00e7\u00e3o &#8211;\u00a0<b>Discurso do Santo Padre<\/b><\/p>\n<p>17:25 \u2013 Visita Privada \u00e0 Casa \u201cMateus 25\u201d<\/p>\n<h2>Sexta-feira, 6 de setembro de 2019<\/h2>\n<p><u><b>MAPUTO-ANTANANARIV<\/b><\/u><b>O<\/b><\/p>\n<p>08:45 \u2013 Visita ao Hospital de Zimpeto \u2013 <b>Sauda\u00e7\u00e3o do Santo Padre<\/b><\/p>\n<p>10:00 \u2013 Santa Missa no Est\u00e1dio do Zimpeto &#8211;\u00a0 <b>Homilia do Santo Padre<\/b><\/p>\n<p>12:25 \u2013 Cerim\u00f4nia de despedida no Aeroporto de Maputo<\/p>\n<p>12:40 \u2013 Partida do Avi\u00e3o Papal para Antananarivo<\/p>\n<p>16:40 \u2013 Cerim\u00f4nia de boas-vindas no Aeroporto de Antananarivo<\/p>\n<h2>S\u00e1bado, 7 de setembro de 2019<\/h2>\n<p><b><u>ANTANANARIV<\/u>O<\/b><\/p>\n<p>09:30 \u2013 Visita de cortesia ao Presidente no Pal\u00e1cio Presidencial &#8220;Iavoloha&#8221;<\/p>\n<p>10:15 \u2013 Encontro com as Autoridades, a Sociedade Civil e o Corpo Diplom\u00e1tico no <i>Ceremony Building &#8211; <\/i>\u00a0Discurso do Santo Padre<\/p>\n<p>11:15 \u2013 Hora M\u00e9dia no\u00a0 no Mosteiro das Carmelitas Descal\u00e7as \u2013 <b>Homilia do Santo Padre<\/b><\/p>\n<p>Almo\u00e7o na Nunciatura<\/p>\n<p>16:00 \u2013 Encontro com os bispos de Madagascar na Catedral de Andohalo &#8211; <b>Discurso do Santo Padre<\/b><\/p>\n<p>17:10 \u2013 Visita ao t\u00famulo da Beata Victoire Rasoamanarivo<\/p>\n<p>18:00 \u2013 Vig\u00edlia com os jovens no Campo Diocesano de Soamandrakizay \u2013 <b>Discurso do Santo Padre<\/b><\/p>\n<h2>Domingo, 8 de setembro de 2019<\/h2>\n<p><b><u>ANTANANARIV<\/u>O<\/b><\/p>\n<p>10:00 \u2013 Santa Missa no Campo Diocesano de de Soamandrakizay &#8211;\u00a0 <b>Homilia do Santo Padre e Angelus<\/b><\/p>\n<p>Almo\u00e7o com o S\u00e9quito Papal na Nunciatura<\/p>\n<p>15:10 \u2013 Visita \u00e0 Cidade da Amizade \u2013 Akamasoa \u2013 <b>Sauda\u00e7\u00e3o do Santo Padre<\/b><\/p>\n<p>16:00 \u2013 Ora\u00e7\u00e3o pelos trabalhadores no Estaleiro Mahatazana &#8211;\u00a0 <b>Ora\u00e7\u00e3o do Santo Padre<\/b><\/p>\n<p>17:10 \u2013 Encontro com os sacerdotes, religiosos (as), consagrados e seminaristas no\u00a0 no Coll\u00e8ge Saint Michel &#8211;\u00a0 <b>Discurso do Santo Padre<\/b><\/p>\n<h2>Segunda 9 de setembro de 2019<\/h2>\n<p><b><u>ANTANANARIVO &#8211; PORT LOUIS &#8211; ANTANANARIV<\/u>O<\/b><\/p>\n<p>07:30 \u2013 Partida do avi\u00e3o para Port Louis<\/p>\n<p>10:40 \u2013 Cerim\u00f4nia de boas-vindas no aeroporto de Port Louis<\/p>\n<p>12:15 \u2013 Santa Missa no Monumento de Maria Rainha da Paz &#8211; <b>Homilia do Santo Padre<\/b><\/p>\n<p>Almo\u00e7o com os bispos da CEDOI no Episcopado<\/p>\n<p>16:25 \u2013 Visita privada ao Santu\u00e1rio de\u00a0 <i>P\u00e8re Laval<\/i><\/p>\n<p>16:55 \u2013 Visita de cortesia ao Presidente no Pal\u00e1cio Presidencial<\/p>\n<p>17:15 \u2013 Encontro com o Primeiro-Ministro no Pal\u00e1cio Presidencial<\/p>\n<p>17:40 \u2013 Encontro com as Autoridades, a Sociedade Civil e o Corpo Diplom\u00e1tico no Pal\u00e1cio presidencial &#8211; <b>Discurso do Santo Padre<\/b><\/p>\n<p>18:45 \u2013 Cerim\u00f4nia de despedida no Aeroporto de Port Louis<\/p>\n<p>19:00 &#8211; Partida de avi\u00e3o para Antananarivo<\/p>\n<p>20:00 &#8211; Chegada ao Aeroporto de Antananarivo<\/p>\n<h2>Ter\u00e7a-feira, 10 de setembro de 2019<\/h2>\n<p><b><u>ANTANANARIVO-ROM<\/u>A<\/b><\/p>\n<p>09:00 \u2013 Cerim\u00f4nia de despedida no aeroporto de Antananarivo<\/p>\n<p>09:20 &#8211; Partida em avi\u00e3o para Roma \/ Ciampino<\/p>\n<p>19:00 &#8211; Chegada ao aeroporto de Roma \/ Ciampino<\/p>\n<\/div>\n","protected":false},"excerpt":{"rendered":"<p>De 4 a 10 de setembro de 2019, o Papa Francisco realizar\u00e1 uma Viagem Apost\u00f3lica a Mo\u00e7ambique, Madagascar e Maur\u00edcio, visitando as cidades de Maputo em Mo\u00e7ambique, Antananarivo em Madagascar e Port Louis em Maur\u00edcio. Cidade do Vaticano O programa da Viagem Apost\u00f3lica do Papa Francisco a Mo\u00e7ambique, Madagascar e Maur\u00edcio, divulgado em 28 de [&hellip;]<\/p>\n","protected":false},"author":1,"featured_media":52334,"comment_status":"open","ping_status":"closed","sticky":false,"template":"","format":"standard","meta":{"footnotes":""},"categories":[4],"tags":[],"class_list":["post-52333","post","type-post","status-publish","format-standard","has-post-thumbnail","hentry","category-cotidiano"],"_links":{"self":[{"href":"https:\/\/catolicanet.net\/wp-cnet\/wp-json\/wp\/v2\/posts\/52333","targetHints":{"allow":["GET"]}}],"collection":[{"href":"https:\/\/catolicanet.net\/wp-cnet\/wp-json\/wp\/v2\/posts"}],"about":[{"href":"https:\/\/catolicanet.net\/wp-cnet\/wp-json\/wp\/v2\/types\/post"}],"author":[{"embeddable":true,"href":"https:\/\/catolicanet.net\/wp-cnet\/wp-json\/wp\/v2\/users\/1"}],"replies":[{"embeddable":true,"href":"https:\/\/catolicanet.net\/wp-cnet\/wp-json\/wp\/v2\/comments?post=52333"}],"version-history":[{"count":1,"href":"https:\/\/catolicanet.net\/wp-cnet\/wp-json\/wp\/v2\/posts\/52333\/revisions"}],"predecessor-version":[{"id":52335,"href":"https:\/\/catolicanet.net\/wp-cnet\/wp-json\/wp\/v2\/posts\/52333\/revisions\/52335"}],"wp:featuredmedia":[{"embeddable":true,"href":"https:\/\/catolicanet.net\/wp-cnet\/wp-json\/wp\/v2\/media\/52334"}],"wp:attachment":[{"href":"https:\/\/catolicanet.net\/wp-cnet\/wp-json\/wp\/v2\/media?parent=52333"}],"wp:term":[{"taxonomy":"category","embeddable":true,"href":"https:\/\/catolicanet.net\/wp-cnet\/wp-json\/wp\/v2\/categories?post=52333"},{"taxonomy":"post_tag","embeddable":true,"href":"https:\/\/catolicanet.net\/wp-cnet\/wp-json\/wp\/v2\/tags?post=52333"}],"curies":[{"name":"wp","href":"https:\/\/api.w.org\/{rel}","templated":true}]}}