{"id":52330,"date":"2019-08-14T09:21:05","date_gmt":"2019-08-14T12:21:05","guid":{"rendered":"http:\/\/catolicanet.net\/wp-cnet\/?p=52330"},"modified":"2019-08-14T09:21:05","modified_gmt":"2019-08-14T12:21:05","slug":"a-familia-como-vai-25-anos-depois-hino-da-campanha-da-fraternidade-de-1994-ainda-e-lembrado","status":"publish","type":"post","link":"https:\/\/catolicanet.net\/wp-cnet\/a-familia-como-vai-25-anos-depois-hino-da-campanha-da-fraternidade-de-1994-ainda-e-lembrado\/","title":{"rendered":"\u201cA fam\u00edlia, como vai?\u201d 25 anos depois, hino da Campanha da Fraternidade de 1994 ainda \u00e9 lembrado"},"content":{"rendered":"<p>A Semana Nacional da Fam\u00edlia deste ano celebra o Jubileu de Prata da Campanha da Fraternidade de 1994, cujo lema foi \u201cA fam\u00edlia, como vai?\u201d. O hino daquela campanha, que j\u00e1 trazia o lema em seu primeiro verso, ainda hoje \u00e9 lembrado de Norte a Sul do Brasil. Para quem v\u00ea o subs\u00eddio Hora da Fam\u00edlia e observa a autoria da m\u00fasica, pode n\u00e3o perceber que ali est\u00e3o nomes conhecidos.<\/p>\n<p>Rafael de Almeida, o autor da letra, Jo\u00e3o Almeida e Marcial Ma\u00e7aneiro, os autores da m\u00fasica, participaram do concurso promovido pela Confer\u00eancia Nacional dos Bispos do Brasil (CNBB) em 1993.<\/p>\n<p>\u201cT\u00eam algumas coisas curiosas. Era o meu primeiro ano de padre (1993), quando houve o concurso para a escolha da m\u00fasica do hino. Eu estava no Santu\u00e1rio S\u00e3o Judas e o Marcial passou por l\u00e1, \u00e9ramos colegas de forma\u00e7\u00e3o\u201d, conta o padre Jo\u00e3o Carlos Almeida, da congrega\u00e7\u00e3o do Sagrado Cora\u00e7\u00e3o de Jesus, popularmente conhecido como padre Jo\u00e3ozinho.<\/p>\n<p>Compositor, cantor, apresentador de TV e escritor, padre Jo\u00e3ozinho revela o quanto a m\u00fasica ainda est\u00e1 na boca do povo Brasil afora. Nas \u00faltimas palestras que tem dado, percebe que \u00e0s primeiras notas o povo j\u00e1 segue cantando.<\/p>\n<p>\u201cCostuma-se dizer que depois que passa a campanha as pessoas se esquecem, mas nas palestras percebo que o hino continua na cabe\u00e7a das pessoas. Estou muito surpreso com a repercuss\u00e3o\u201d, revela.<\/p>\n<p><strong>Atualidade<br \/>\n<\/strong>Tamb\u00e9m atual \u00e9 a pergunta proposta na tem\u00e1tica e no hino, ressalta padre Jo\u00e3ozinho. O padre dehoniano recorda que o texto-base daquela Campanha j\u00e1 dava respostas para o questionamento. E agora, a exorta\u00e7\u00e3o apost\u00f3lica Amoris Laetitia, do papa Francisco, tamb\u00e9m d\u00e1 indica\u00e7\u00f5es para a viv\u00eancia do amor em fam\u00edlia.<\/p>\n<p><iframe loading=\"lazy\" width=\"696\" height=\"392\" src=\"https:\/\/www.youtube.com\/embed\/uvI84uh4x90?feature=oembed\" frameborder=\"0\" allow=\"accelerometer; autoplay; encrypted-media; gyroscope; picture-in-picture\" allowfullscreen><\/iframe><\/p>\n<p><strong>Alegria dehoniana<\/strong><br \/>\nOutras partilhas feitas por padre Jo\u00e3ozinho dizem respeito \u00e0 rela\u00e7\u00e3o da Campanha da Fraternidade com os dehonianos de Taubat\u00e9 (SP). Seu parceiro de composi\u00e7\u00e3o da m\u00fasica do hino, padre Mar\u00e7al, era seminarista na \u00e9poca do concurso para o hino. Foi ordenado no ano seguinte, em Brusque (SC), e est\u00e1 comemorando, junto com a CF 1994, jubileu de prata. S\u00e3o 25 anos de sacerd\u00f3cio do padre que projeta para o pr\u00f3ximo ano os estudos de p\u00f3s-doutorado em Teologia. Padre Mar\u00e7al tamb\u00e9m atuou na CNBB como assessor na \u00e1rea de Ecumenismo.<\/p>\n<p>Tamb\u00e9m uma curiosidade marcante para o padre Jo\u00e3ozinho \u00e9 que ele participou da grava\u00e7\u00e3o da m\u00fasica escolhida como \u201chino popular\u201d da CF 1994: Ora\u00e7\u00e3o pela Fam\u00edlia, de seu confrade de congrega\u00e7\u00e3o padre Zezinho, tamb\u00e9m animou as comunidades naquela campanha. Nas missas, o canto de entrada era o hino e o final, a Ora\u00e7\u00e3o pela Fam\u00edlia.<\/p>\n<p><strong>Confiss\u00e3o<\/strong><br \/>\nO autor da letra do hino, o senhor Rafael Gomes de Almeida, revelou que fez uma confiss\u00e3o nos versos escritos e a CNBB os passou para a forma de medita\u00e7\u00e3o, mudando a pontua\u00e7\u00e3o das frases para o sinal de interroga\u00e7\u00e3o. \u201cFoi fenomenal, uma mudan\u00e7a muito inteligente da comiss\u00e3o de liturgia da CNBB\u201d, avalia, considerando o car\u00e1ter mais universal da Campanha em rela\u00e7\u00e3o \u00e0 quest\u00e3o \u00edntima colocada no papel.<\/p>\n<p>Rafael de Almeida ainda conta que separou suas reflex\u00f5es nos momentos de confiss\u00e3o, no qual mostra uma fam\u00edlia mesquinha, e de busca por absolvi\u00e7\u00e3o, apontando para a fam\u00edlia humilde que gostaria de ser, uma fam\u00edlia \u201crealmente crist\u00e3\u201d.<\/p>\n<p>A FAM\u00cdLIA, COMO VAI?<br \/>\nLetra: Rafael Almeida<br \/>\nM\u00fasica: Pe. Jo\u00e3ozinho, scj e Pe. Marcial Ma\u00e7aneiro, scj<\/p>\n<p>A fam\u00edlia como vai? Meu irm\u00e3o venha e responda! Quem pergunta \u00e9 o Pai, a verdade n\u00e3o esconda.<\/p>\n<p>1. Vem a Igreja, reza e pede o amor que sempre mede, quando \u00e9 hora de doar?<br \/>\nSufocando o seu desejo, vai vivendo no varejo, n\u00e3o \u00e9 templo, nem altar?<br \/>\nVai levando a vida em curso, pregadora de discurso, sem combate \u00e0 opress\u00e3o?<br \/>\nNada falta tem de tudo, tem at\u00e9 cora\u00e7\u00e3o mudo e jamais reparti o p\u00e3o?<\/p>\n<p>2. Num viver de alegria, dia e noite, noite e dia, num atendo agradecer.<br \/>\nCom o pouco que se tem, se trabalha para o bem sem deixar ningu\u00e9m sofrer.<br \/>\nCora\u00e7\u00e3o que se faz templo, modelando o bom exemplo de amor puro e profundo.<br \/>\nAbram templo e cora\u00e7\u00e3o para que na comunh\u00e3o, se devolva a paz do mundo.<\/p>\n","protected":false},"excerpt":{"rendered":"<p>A Semana Nacional da Fam\u00edlia deste ano celebra o Jubileu de Prata da Campanha da Fraternidade de 1994, cujo lema foi \u201cA fam\u00edlia, como vai?\u201d. O hino daquela campanha, que j\u00e1 trazia o lema em seu primeiro verso, ainda hoje \u00e9 lembrado de Norte a Sul do Brasil. Para quem v\u00ea o subs\u00eddio Hora da [&hellip;]<\/p>\n","protected":false},"author":1,"featured_media":52331,"comment_status":"open","ping_status":"closed","sticky":false,"template":"","format":"standard","meta":{"footnotes":""},"categories":[13],"tags":[],"class_list":["post-52330","post","type-post","status-publish","format-standard","has-post-thumbnail","hentry","category-featured"],"_links":{"self":[{"href":"https:\/\/catolicanet.net\/wp-cnet\/wp-json\/wp\/v2\/posts\/52330","targetHints":{"allow":["GET"]}}],"collection":[{"href":"https:\/\/catolicanet.net\/wp-cnet\/wp-json\/wp\/v2\/posts"}],"about":[{"href":"https:\/\/catolicanet.net\/wp-cnet\/wp-json\/wp\/v2\/types\/post"}],"author":[{"embeddable":true,"href":"https:\/\/catolicanet.net\/wp-cnet\/wp-json\/wp\/v2\/users\/1"}],"replies":[{"embeddable":true,"href":"https:\/\/catolicanet.net\/wp-cnet\/wp-json\/wp\/v2\/comments?post=52330"}],"version-history":[{"count":1,"href":"https:\/\/catolicanet.net\/wp-cnet\/wp-json\/wp\/v2\/posts\/52330\/revisions"}],"predecessor-version":[{"id":52332,"href":"https:\/\/catolicanet.net\/wp-cnet\/wp-json\/wp\/v2\/posts\/52330\/revisions\/52332"}],"wp:featuredmedia":[{"embeddable":true,"href":"https:\/\/catolicanet.net\/wp-cnet\/wp-json\/wp\/v2\/media\/52331"}],"wp:attachment":[{"href":"https:\/\/catolicanet.net\/wp-cnet\/wp-json\/wp\/v2\/media?parent=52330"}],"wp:term":[{"taxonomy":"category","embeddable":true,"href":"https:\/\/catolicanet.net\/wp-cnet\/wp-json\/wp\/v2\/categories?post=52330"},{"taxonomy":"post_tag","embeddable":true,"href":"https:\/\/catolicanet.net\/wp-cnet\/wp-json\/wp\/v2\/tags?post=52330"}],"curies":[{"name":"wp","href":"https:\/\/api.w.org\/{rel}","templated":true}]}}