{"id":5233,"date":"2014-10-21T17:48:45","date_gmt":"2014-10-21T19:48:45","guid":{"rendered":"http:\/\/catolicanet.net\/wp-cnet\/conselho-permanente-da-cnbb-prepara-a-53o-assembleia-geral\/"},"modified":"2017-04-06T15:49:07","modified_gmt":"2017-04-06T18:49:07","slug":"conselho-permanente-da-cnbb-prepara-a-53o-assembleia-geral","status":"publish","type":"post","link":"https:\/\/catolicanet.net\/wp-cnet\/conselho-permanente-da-cnbb-prepara-a-53o-assembleia-geral\/","title":{"rendered":"Conselho Permanente da CNBB prepara a 53\u00aa Assembleia Geral"},"content":{"rendered":"<p style=\"text-align: justify;\"><img decoding=\"async\" src=\"http:\/\/catolicanet.com.br\/images\/stories\/geral\/conselho cnbb 2.jpg\" border=\"0\" align=\"left\" \/>\u201cA tarefa principal desta reuni\u00e3o ser\u00e1 a prepara\u00e7\u00e3o da 53\u00aa Assembleia Geral da Confer\u00eancia Nacional dos Bispos do Brasil (CNBB)\u201d, explicou o arcebispo de Aparecida (SP) e presidente da CNBB, cardeal Raymundo Damasceno Assis, aos bispos do Conselho Permanente, que se encontram em Bras\u00edlia, de 21 a 23 de outubro, na sede da institui\u00e7\u00e3o, em Bras\u00edlia (DF).<\/p>\n<p>A 53\u00aa Assembleia Geral da CNBB ser\u00e1 destinada \u00e0 aprova\u00e7\u00e3o das diretrizes pastorais e \u00e0s elei\u00e7\u00f5es da Presid\u00eancia e dos presidentes das comiss\u00f5es episcopais da Confer\u00eancia, para um mandato de quatro anos. A Assembleia ocorrer\u00e1 de 15 a 24 de abril do pr\u00f3ximo ano, no Centro de Eventos Padre V\u00edtor Coelho, em Aparecida (SP). Ap\u00f3s aprovar a pauta\u00a0 da Assembleia Eletiva, o Conselho Permanente designar\u00e1 as comiss\u00f5es e grupos de trabalho que preparar\u00e3o o material a ser usado durante o evento.\u00a0 <\/p>\n<p>Parte da reuni\u00e3o do Conselho Permanente ser\u00e1 dedicada aos encaminhamentos da Assembleia Geral. Por\u00e9m, outros assuntos est\u00e3o em discuss\u00e3o, como a 3\u00aa Assembleia Extraordin\u00e1ria do S\u00ednodo dos Bispos, a viagem da Presid\u00eancia da CNBB a Roma, a Pastoral dos Pescadores, a Escola de Forma\u00e7\u00e3o para Formadores, o Movimento dos Atingidos por Barragens, a cria\u00e7\u00e3o da Rede Eclesial Pan-Amaz\u00f4nica, entre outros. Hoje, 21, pela manh\u00e3, foram apresentadas as conclus\u00f5es do Encontro da Rede Eclesial Pan-Amaz\u00f4nica e a an\u00e1lise de conjuntura nacional e internacional. Na parte da tarde, os bispos se re\u00fanem com o n\u00fancio apost\u00f3lico no Brasil, dom Giovanni D&#8217;Aniello. <\/p>\n<p>Pan-Amaz\u00f4nia<\/p>\n<p>A assessora da Comiss\u00e3o Episcopal para a Amaz\u00f4nia apresentou aos bispos um v\u00eddeo sobre o Encontro da Rede Eclesial Pan-Amaz\u00f4nica, com as principais conclus\u00f5es do evento. De acordo com dom Raymundo Damasceno Assis, durante visita da Presid\u00eancia da CNBB ao papa Francisco, no final de setembro, foi entregue a carta de cria\u00e7\u00e3o da Rede. \u201cO papa ficou muito feliz com esta iniciativa e com o trabalho que est\u00e1 sendo feito pela Igreja no Brasil na Amaz\u00f4nia\u201d.\u00a0 Dom Damasceno disse que, na oportunidade, agradeceu a ajuda que a Santa S\u00e9 est\u00e1 sempre dando \u00e0 regi\u00e3o amaz\u00f4nica.<\/p>\n<p>A Rede Eclesial Pan-Amaz\u00f4nica foi criada durante encontro ocorrido de 9 a 12 de setembro, em Bras\u00edlia, do qual participaram lideran\u00e7as de onze pa\u00edses. A Rede tem como objetivos unir for\u00e7as, criar caminhos de di\u00e1logo, coopera\u00e7\u00e3o e articula\u00e7\u00e3o entre todos os atores eclesiais presentes na regi\u00e3o. <\/p>\n<p>Conjuntura<\/p>\n<p>Na segunda sess\u00e3o da manh\u00e3, o secret\u00e1rio executivo da Comiss\u00e3o Brasileira Justi\u00e7a e Paz (CBJP), Pedro Gontijo, fez uma exposi\u00e7\u00e3o da conjuntura internacional e nacional.\u00a0 Entre os assuntos discutidos estavam: as manifesta\u00e7\u00f5es por democracia em Hong Kong; a epidemia do v\u00edrus ebola; a reelei\u00e7\u00e3o de Evo Morales, na Bol\u00edvia; a situa\u00e7\u00e3o da Argentina, o crescimento econ\u00f4mico do Brasil com rela\u00e7\u00e3o \u00e0s demais economias mundiais; as elei\u00e7\u00f5es 2014.<\/p>\n<p>O Conselho Permanente da CNBB \u00e9 o \u00f3rg\u00e3o de orienta\u00e7\u00e3o e acompanhamento da atua\u00e7\u00e3o da CNBB e dos organismos a ela vinculados. \u00c9 tamb\u00e9m eletivo e deliberativo.<\/p>\n<p>Fazem parte do Conselho Permanente a Presid\u00eancia da CNBB, os presidentes das comiss\u00f5es episcopais e os membros eleitos dos Conselhos Episcopais Regionais da entidade. Tamb\u00e9m participam da reuni\u00e3o assessores e representantes das institui\u00e7\u00f5es vinculadas \u00e0 Confer\u00eancia. <\/p>\n<p>Fonte: CNBB<\/p>\n","protected":false},"excerpt":{"rendered":"<p>\u201cA tarefa principal desta reuni\u00e3o ser\u00e1 a prepara\u00e7\u00e3o da 53\u00aa Assembleia Geral da Confer\u00eancia Nacional dos Bispos do Brasil (CNBB)\u201d, explicou o arcebispo de Aparecida (SP) e presidente da CNBB, cardeal Raymundo Damasceno Assis, aos bispos do Conselho Permanente, que se encontram em Bras\u00edlia, de 21 a 23 de outubro, na sede da institui\u00e7\u00e3o, em [&hellip;]<\/p>\n","protected":false},"author":1,"featured_media":0,"comment_status":"closed","ping_status":"closed","sticky":false,"template":"","format":"standard","meta":{"footnotes":""},"categories":[7],"tags":[],"class_list":["post-5233","post","type-post","status-publish","format-standard","hentry","category-cnbb"],"_links":{"self":[{"href":"https:\/\/catolicanet.net\/wp-cnet\/wp-json\/wp\/v2\/posts\/5233","targetHints":{"allow":["GET"]}}],"collection":[{"href":"https:\/\/catolicanet.net\/wp-cnet\/wp-json\/wp\/v2\/posts"}],"about":[{"href":"https:\/\/catolicanet.net\/wp-cnet\/wp-json\/wp\/v2\/types\/post"}],"author":[{"embeddable":true,"href":"https:\/\/catolicanet.net\/wp-cnet\/wp-json\/wp\/v2\/users\/1"}],"replies":[{"embeddable":true,"href":"https:\/\/catolicanet.net\/wp-cnet\/wp-json\/wp\/v2\/comments?post=5233"}],"version-history":[{"count":1,"href":"https:\/\/catolicanet.net\/wp-cnet\/wp-json\/wp\/v2\/posts\/5233\/revisions"}],"predecessor-version":[{"id":10100,"href":"https:\/\/catolicanet.net\/wp-cnet\/wp-json\/wp\/v2\/posts\/5233\/revisions\/10100"}],"wp:attachment":[{"href":"https:\/\/catolicanet.net\/wp-cnet\/wp-json\/wp\/v2\/media?parent=5233"}],"wp:term":[{"taxonomy":"category","embeddable":true,"href":"https:\/\/catolicanet.net\/wp-cnet\/wp-json\/wp\/v2\/categories?post=5233"},{"taxonomy":"post_tag","embeddable":true,"href":"https:\/\/catolicanet.net\/wp-cnet\/wp-json\/wp\/v2\/tags?post=5233"}],"curies":[{"name":"wp","href":"https:\/\/api.w.org\/{rel}","templated":true}]}}