{"id":52309,"date":"2019-08-13T11:17:03","date_gmt":"2019-08-13T14:17:03","guid":{"rendered":"http:\/\/catolicanet.net\/wp-cnet\/?p=52309"},"modified":"2019-08-13T16:24:12","modified_gmt":"2019-08-13T19:24:12","slug":"papa-escreve-aos-genoveses-para-recordar-um-ano-da-queda-de-viaduto","status":"publish","type":"post","link":"https:\/\/catolicanet.net\/wp-cnet\/papa-escreve-aos-genoveses-para-recordar-um-ano-da-queda-de-viaduto\/","title":{"rendered":"Papa escreve aos genoveses para recordar um ano da queda de viaduto"},"content":{"rendered":"<div class=\"article__subTitle\">As palavras do Pont\u00edfice s\u00e3o de esperan\u00e7a e de encorajamento, para que os genoveses n\u00e3o se sintam sozinhos. \u201cA resposta de Deus \u00e0 nossa dor foi a sua proximidade, uma presen\u00e7a que nos acompanha, que n\u00e3o nos deixa s\u00f3s.\u201d<\/div>\n<div class=\"title__separator\"><\/div>\n<div class=\"article__text\">\n<p><b>Cidade do Vaticano<\/b><\/p>\n<p>Com uma carta ao jornal \u201cO S\u00e9culo XIX\u201d, o Papa Francisco recordou o primeiro anivers\u00e1rio do desabamento da ponte Morandi, na cidade italiana de G\u00eanova, que matou 43 pessoas.<\/p>\n<p>\u201cFoi uma ferida infligida no cora\u00e7\u00e3o da cidade, uma trag\u00e9dia para quem perdeu os pr\u00f3prios parentes, um drama para os feridos, um evento assustador para quem foi obrigado a deixar as pr\u00f3prias casas vivendo como deslocado\u201d, assim escreve o Pont\u00edfice, recordando a queda de um peda\u00e7o no viaduto em 14 de agosto de 2018.<\/p>\n<h2>Pobres palavras humanas<\/h2>\n<p>\u201cQuero dizer-lhes que n\u00e3o os esqueci, que rezei e rezo pelas v\u00edtimas\u201d, prosseguiu Francisco, acrescentando que diante de eventos do g\u00eanero \u201cas nossas pobres palavras humanas resultam inadequadas\u201d.<\/p>\n<div>\n<div class=\"article__embed article__embed--border embed_style\">\n<p>\u201c N\u00e3o tenho respostas, porque depois dessas trag\u00e9dias s\u00f3 se pode chorar, permanecer em sil\u00eancio e interrogar-nos sobre a raz\u00e3o da fragilidade daquilo que constru\u00edmos e, sobretudo, rezar. \u201d<\/p>\n<\/div>\n<\/div>\n<\/div>\n<div>\n<aside class=\"article__readmore\">\n<div class=\"teaser--labelEvidence teaser teaser--type-article\">\n<article>\n<div class=\"teaser__contentWrapper\">\n<div><\/div>\n<\/div>\n<\/article>\n<\/div>\n<\/aside>\n<\/div>\n<p>As palavras do Pont\u00edfice s\u00e3o de esperan\u00e7a e de encorajamento, para que os genoveses n\u00e3o se sintam sozinhos. \u201cA resposta de Deus \u00e0 nossa dor foi a sua proximidade, uma presen\u00e7a que nos acompanha, que n\u00e3o nos deixa s\u00f3s.\u201d<\/p>\n<h2>N\u00e3o perder a esperan\u00e7a<\/h2>\n<p>O Papa ressaltou as caracter\u00edsticas dos habitantes da cidade. \u201cSempre que penso em G\u00eanova penso no porto. Penso no lugar de onde meu pai partiu. Penso na fadiga cotidiana, na vontade obstinada e nas esperan\u00e7as dos genoveses\u201d, escreve ainda Francisco, garantindo que a Igreja local compartilha os sofrimentos e as dificuldades do povo.<\/p>\n<p>\u201cSei que depois de uma grande trag\u00e9dia que feriu suas fam\u00edlias e a cidade, voc\u00eas souberam reagir, levantar-se e olhar para frente. N\u00e3o percam a esperan\u00e7a.\u201d<\/p>\n<p>Quase um ano depois da trag\u00e9dia, a demoli\u00e7\u00e3o do que restou da ponte foi encerrada ap\u00f3s a implos\u00e3o dos \u00faltimos dois pilares comprometidos. A partir de agora, o local est\u00e1 pronto para ser reconstru\u00eddo. Todavia, familiares das v\u00edtimas ainda cobram por justi\u00e7a.<\/p>\n","protected":false},"excerpt":{"rendered":"<p>As palavras do Pont\u00edfice s\u00e3o de esperan\u00e7a e de encorajamento, para que os genoveses n\u00e3o se sintam sozinhos. \u201cA resposta de Deus \u00e0 nossa dor foi a sua proximidade, uma presen\u00e7a que nos acompanha, que n\u00e3o nos deixa s\u00f3s.\u201d Cidade do Vaticano Com uma carta ao jornal \u201cO S\u00e9culo XIX\u201d, o Papa Francisco recordou o [&hellip;]<\/p>\n","protected":false},"author":1,"featured_media":52311,"comment_status":"open","ping_status":"closed","sticky":false,"template":"","format":"standard","meta":{"footnotes":""},"categories":[3],"tags":[],"class_list":["post-52309","post","type-post","status-publish","format-standard","has-post-thumbnail","hentry","category-vaticano"],"_links":{"self":[{"href":"https:\/\/catolicanet.net\/wp-cnet\/wp-json\/wp\/v2\/posts\/52309","targetHints":{"allow":["GET"]}}],"collection":[{"href":"https:\/\/catolicanet.net\/wp-cnet\/wp-json\/wp\/v2\/posts"}],"about":[{"href":"https:\/\/catolicanet.net\/wp-cnet\/wp-json\/wp\/v2\/types\/post"}],"author":[{"embeddable":true,"href":"https:\/\/catolicanet.net\/wp-cnet\/wp-json\/wp\/v2\/users\/1"}],"replies":[{"embeddable":true,"href":"https:\/\/catolicanet.net\/wp-cnet\/wp-json\/wp\/v2\/comments?post=52309"}],"version-history":[{"count":1,"href":"https:\/\/catolicanet.net\/wp-cnet\/wp-json\/wp\/v2\/posts\/52309\/revisions"}],"predecessor-version":[{"id":52312,"href":"https:\/\/catolicanet.net\/wp-cnet\/wp-json\/wp\/v2\/posts\/52309\/revisions\/52312"}],"wp:featuredmedia":[{"embeddable":true,"href":"https:\/\/catolicanet.net\/wp-cnet\/wp-json\/wp\/v2\/media\/52311"}],"wp:attachment":[{"href":"https:\/\/catolicanet.net\/wp-cnet\/wp-json\/wp\/v2\/media?parent=52309"}],"wp:term":[{"taxonomy":"category","embeddable":true,"href":"https:\/\/catolicanet.net\/wp-cnet\/wp-json\/wp\/v2\/categories?post=52309"},{"taxonomy":"post_tag","embeddable":true,"href":"https:\/\/catolicanet.net\/wp-cnet\/wp-json\/wp\/v2\/tags?post=52309"}],"curies":[{"name":"wp","href":"https:\/\/api.w.org\/{rel}","templated":true}]}}