{"id":52299,"date":"2019-08-13T15:43:47","date_gmt":"2019-08-13T18:43:47","guid":{"rendered":"http:\/\/catolicanet.net\/wp-cnet\/?p=52299"},"modified":"2019-08-13T15:43:47","modified_gmt":"2019-08-13T18:43:47","slug":"novo-jeito-de-ser-igreja-na-amazonia-ja-existe-e-deve-ser-reconhecido-no-sinodo-dos-bispos","status":"publish","type":"post","link":"https:\/\/catolicanet.net\/wp-cnet\/novo-jeito-de-ser-igreja-na-amazonia-ja-existe-e-deve-ser-reconhecido-no-sinodo-dos-bispos\/","title":{"rendered":"Novo jeito de ser Igreja na Amaz\u00f4nia j\u00e1 existe e deve ser reconhecido no S\u00ednodo dos Bispos"},"content":{"rendered":"<div class=\"article__subTitle\">A declara\u00e7\u00e3o \u00e9 de Ir. Luzinete de Ara\u00fajo Silva, da Congrega\u00e7\u00e3o das Irm\u00e3s de Nossa Senhora do Calv\u00e1rio. Em entrevista ao Vatican News, ela conta sobre as expectativas quando ao S\u00ednodo Amaz\u00f4nico no Vaticano que dever\u00e1 tratar de assuntos vividos diariamente pela mission\u00e1ria do Cimi, que atua junto ao povo Mura e tamb\u00e9m na Prelazia de Borba, no Amazonas. Ir. Luzinete acredita na for\u00e7a do Evangelho para ajudar as vidas amea\u00e7adas daquela regi\u00e3o.<\/div>\n<div class=\"title__separator\"><\/div>\n<div class=\"article__text\">\n<p><b>Bernd Hagenkord, Andressa Collet \u2013 Cidade do Vaticano<\/b><\/p>\n<div>\n<div class=\"article__embed article__embed--unwrap article__embed--dark\">\n<div class=\"article__innerTitle\">Ou\u00e7a a reportagem especial e compartilhe<\/div>\n<!--[if lt IE 9]><script>document.createElement('audio');<\/script><![endif]-->\n<audio class=\"wp-audio-shortcode\" id=\"audio-52299-1\" preload=\"none\" style=\"width: 100%;\" controls=\"controls\"><source type=\"audio\/mpeg\" src=\"https:\/\/media.vaticannews.va\/media\/audio\/s1\/2019\/08\/13\/17\/135173617_F135173617.mp3?_=1\" \/><a href=\"https:\/\/media.vaticannews.va\/media\/audio\/s1\/2019\/08\/13\/17\/135173617_F135173617.mp3\">https:\/\/media.vaticannews.va\/media\/audio\/s1\/2019\/08\/13\/17\/135173617_F135173617.mp3<\/a><\/audio><\/div>\n<\/div>\n<p>Com uma hist\u00f3ria de mais de 45 anos junto aos povos ind\u00edgenas e no fortalecimento da a\u00e7\u00e3o mission\u00e1ria, o Conselho Indigenista Mission\u00e1rio \u00e9 um organismo vinculado \u00e0 CNBB no Brasil. Em v\u00e1rias regi\u00f5es do pa\u00eds, s\u00e3o mais de 400 leigos e religiosos que atuam pelo direito \u00e0 diversidade cultural ind\u00edgena. A mission\u00e1ria Edna Margarida Pitarelli, por exemplo, h\u00e1 20 anos no Cimi, faz um trabalho criterioso junto a essas realidades.<\/p>\n<p><i>\u201cPrimeiramente, a gente tenta escutar a aldeia: ver o que eles pensam, o que eles sentem, quais os problemas que eles est\u00e3o enfrentando. E, a partir do momento em que eles come\u00e7am a relacionar os problemas, a gente trabalha o que a lei garante a eles, os direitos ind\u00edgenas. A gente tamb\u00e9m explica como funciona o Estado brasileiro para que eles saibam onde eles devem reclamar os seus direitos. Isso porque, antes, por falta de conhecimento, eles iam at\u00e9 o prefeito, ficavam sem rumo diante de autoridades que n\u00e3o podiam resolver. Ent\u00e3o, atrav\u00e9s de oficinas sobre direitos ind\u00edgenas, eles come\u00e7am a entender para onde devem ir, quais os caminhos certos para saber com quem devem reclamar. E, a partir do momento em que tomam conhecimento, eles come\u00e7am a se empoderar, a se unir e a ver outras coisas que antes n\u00e3o viam.\u201d<\/i><\/p>\n<p><img loading=\"lazy\" decoding=\"async\" class=\"alignnone size-full wp-image-52302\" src=\"http:\/\/catolicanet.net\/wp-cnet\/wp-content\/uploads\/cq51500.844-2.jpeg\" alt=\"\" width=\"1500\" height=\"844\" srcset=\"https:\/\/catolicanet.net\/wp-cnet\/wp-content\/uploads\/cq51500.844-2.jpeg 1500w, https:\/\/catolicanet.net\/wp-cnet\/wp-content\/uploads\/cq51500.844-2-300x169.jpeg 300w, https:\/\/catolicanet.net\/wp-cnet\/wp-content\/uploads\/cq51500.844-2-768x432.jpeg 768w, https:\/\/catolicanet.net\/wp-cnet\/wp-content\/uploads\/cq51500.844-2-1024x576.jpeg 1024w, https:\/\/catolicanet.net\/wp-cnet\/wp-content\/uploads\/cq51500.844-2-600x338.jpeg 600w, https:\/\/catolicanet.net\/wp-cnet\/wp-content\/uploads\/cq51500.844-2-696x392.jpeg 696w, https:\/\/catolicanet.net\/wp-cnet\/wp-content\/uploads\/cq51500.844-2-1068x601.jpeg 1068w, https:\/\/catolicanet.net\/wp-cnet\/wp-content\/uploads\/cq51500.844-2-746x420.jpeg 746w\" sizes=\"auto, (max-width: 1500px) 100vw, 1500px\" \/><\/p>\n<div>\n<div class=\"article__embed article__embed--unwrap\">\n<figure><picture><source srcset=\"\/content\/dam\/vaticannews\/multimedia\/2019\/08\/09\/2019.08.09%20Amazzonia%20popolo%20indigeno%20Mura,%20cacicco%20Francisco%20mostra%20la%20terra%20demarcata%20nella%20zona.jpg\/_jcr_content\/renditions\/cq5dam.thumbnail.cropped.1500.844.jpeg 2x, \/content\/dam\/vaticannews\/multimedia\/2019\/08\/09\/2019.08.09%20Amazzonia%20popolo%20indigeno%20Mura,%20cacicco%20Francisco%20mostra%20la%20terra%20demarcata%20nella%20zona.jpg\/_jcr_content\/renditions\/cq5dam.thumbnail.cropped.750.422.jpeg 1x\" media=\"(min-width: 1024px)\" data-original-set=\"\/content\/dam\/vaticannews\/multimedia\/2019\/08\/09\/2019.08.09%20Amazzonia%20popolo%20indigeno%20Mura,%20cacicco%20Francisco%20mostra%20la%20terra%20demarcata%20nella%20zona.jpg\/_jcr_content\/renditions\/cq5dam.thumbnail.cropped.1500.844.jpeg 2x, \/content\/dam\/vaticannews\/multimedia\/2019\/08\/09\/2019.08.09%20Amazzonia%20popolo%20indigeno%20Mura,%20cacicco%20Francisco%20mostra%20la%20terra%20demarcata%20nella%20zona.jpg\/_jcr_content\/renditions\/cq5dam.thumbnail.cropped.750.422.jpeg 1x\" \/><source srcset=\"\/content\/dam\/vaticannews\/multimedia\/2019\/08\/09\/2019.08.09%20Amazzonia%20popolo%20indigeno%20Mura,%20cacicco%20Francisco%20mostra%20la%20terra%20demarcata%20nella%20zona.jpg\/_jcr_content\/renditions\/cq5dam.thumbnail.cropped.1000.563.jpeg 2x, \/content\/dam\/vaticannews\/multimedia\/2019\/08\/09\/2019.08.09%20Amazzonia%20popolo%20indigeno%20Mura,%20cacicco%20Francisco%20mostra%20la%20terra%20demarcata%20nella%20zona.jpg\/_jcr_content\/renditions\/cq5dam.thumbnail.cropped.500.281.jpeg 1x\" media=\"(min-width: 768px)\" data-original-set=\"\/content\/dam\/vaticannews\/multimedia\/2019\/08\/09\/2019.08.09%20Amazzonia%20popolo%20indigeno%20Mura,%20cacicco%20Francisco%20mostra%20la%20terra%20demarcata%20nella%20zona.jpg\/_jcr_content\/renditions\/cq5dam.thumbnail.cropped.1000.563.jpeg 2x, \/content\/dam\/vaticannews\/multimedia\/2019\/08\/09\/2019.08.09%20Amazzonia%20popolo%20indigeno%20Mura,%20cacicco%20Francisco%20mostra%20la%20terra%20demarcata%20nella%20zona.jpg\/_jcr_content\/renditions\/cq5dam.thumbnail.cropped.500.281.jpeg 1x\" \/><source srcset=\"\/content\/dam\/vaticannews\/multimedia\/2019\/08\/09\/2019.08.09%20Amazzonia%20popolo%20indigeno%20Mura,%20cacicco%20Francisco%20mostra%20la%20terra%20demarcata%20nella%20zona.jpg\/_jcr_content\/renditions\/cq5dam.thumbnail.cropped.500.281.jpeg\" data-original-set=\"\/content\/dam\/vaticannews\/multimedia\/2019\/08\/09\/2019.08.09%20Amazzonia%20popolo%20indigeno%20Mura,%20cacicco%20Francisco%20mostra%20la%20terra%20demarcata%20nella%20zona.jpg\/_jcr_content\/renditions\/cq5dam.thumbnail.cropped.500.281.jpeg\" \/><\/picture><\/figure>\n<div class=\"photo_embed--Title\">Registro da presen\u00e7a do Cimi no interior do Amazonas<\/div>\n<div><img loading=\"lazy\" decoding=\"async\" class=\"alignnone size-full wp-image-52301\" src=\"http:\/\/catolicanet.net\/wp-cnet\/wp-content\/uploads\/1500.844-48.jpeg\" alt=\"\" width=\"1500\" height=\"843\" srcset=\"https:\/\/catolicanet.net\/wp-cnet\/wp-content\/uploads\/1500.844-48.jpeg 1500w, https:\/\/catolicanet.net\/wp-cnet\/wp-content\/uploads\/1500.844-48-300x169.jpeg 300w, https:\/\/catolicanet.net\/wp-cnet\/wp-content\/uploads\/1500.844-48-768x432.jpeg 768w, https:\/\/catolicanet.net\/wp-cnet\/wp-content\/uploads\/1500.844-48-1024x575.jpeg 1024w, https:\/\/catolicanet.net\/wp-cnet\/wp-content\/uploads\/1500.844-48-600x337.jpeg 600w, https:\/\/catolicanet.net\/wp-cnet\/wp-content\/uploads\/1500.844-48-696x391.jpeg 696w, https:\/\/catolicanet.net\/wp-cnet\/wp-content\/uploads\/1500.844-48-1068x600.jpeg 1068w, https:\/\/catolicanet.net\/wp-cnet\/wp-content\/uploads\/1500.844-48-747x420.jpeg 747w\" sizes=\"auto, (max-width: 1500px) 100vw, 1500px\" \/><\/div>\n<\/div>\n<\/div>\n<div>\n<div class=\"article__embed article__embed--unwrap\">\n<figure><picture><source srcset=\"\/content\/dam\/vaticannews\/multimedia\/2019\/08\/09\/2019.08.09%20Amazzonia%20capanna%20del%20popolo%20indigeno%20Mura,%20Rio%20Maderinha%2001.jpg\/_jcr_content\/renditions\/cq5dam.thumbnail.cropped.1500.844.jpeg 2x, \/content\/dam\/vaticannews\/multimedia\/2019\/08\/09\/2019.08.09%20Amazzonia%20capanna%20del%20popolo%20indigeno%20Mura,%20Rio%20Maderinha%2001.jpg\/_jcr_content\/renditions\/cq5dam.thumbnail.cropped.750.422.jpeg 1x\" media=\"(min-width: 1024px)\" data-original-set=\"\/content\/dam\/vaticannews\/multimedia\/2019\/08\/09\/2019.08.09%20Amazzonia%20capanna%20del%20popolo%20indigeno%20Mura,%20Rio%20Maderinha%2001.jpg\/_jcr_content\/renditions\/cq5dam.thumbnail.cropped.1500.844.jpeg 2x, \/content\/dam\/vaticannews\/multimedia\/2019\/08\/09\/2019.08.09%20Amazzonia%20capanna%20del%20popolo%20indigeno%20Mura,%20Rio%20Maderinha%2001.jpg\/_jcr_content\/renditions\/cq5dam.thumbnail.cropped.750.422.jpeg 1x\" \/><source srcset=\"\/content\/dam\/vaticannews\/multimedia\/2019\/08\/09\/2019.08.09%20Amazzonia%20capanna%20del%20popolo%20indigeno%20Mura,%20Rio%20Maderinha%2001.jpg\/_jcr_content\/renditions\/cq5dam.thumbnail.cropped.1000.563.jpeg 2x, \/content\/dam\/vaticannews\/multimedia\/2019\/08\/09\/2019.08.09%20Amazzonia%20capanna%20del%20popolo%20indigeno%20Mura,%20Rio%20Maderinha%2001.jpg\/_jcr_content\/renditions\/cq5dam.thumbnail.cropped.500.281.jpeg 1x\" media=\"(min-width: 768px)\" data-original-set=\"\/content\/dam\/vaticannews\/multimedia\/2019\/08\/09\/2019.08.09%20Amazzonia%20capanna%20del%20popolo%20indigeno%20Mura,%20Rio%20Maderinha%2001.jpg\/_jcr_content\/renditions\/cq5dam.thumbnail.cropped.1000.563.jpeg 2x, \/content\/dam\/vaticannews\/multimedia\/2019\/08\/09\/2019.08.09%20Amazzonia%20capanna%20del%20popolo%20indigeno%20Mura,%20Rio%20Maderinha%2001.jpg\/_jcr_content\/renditions\/cq5dam.thumbnail.cropped.500.281.jpeg 1x\" \/><source srcset=\"\/content\/dam\/vaticannews\/multimedia\/2019\/08\/09\/2019.08.09%20Amazzonia%20capanna%20del%20popolo%20indigeno%20Mura,%20Rio%20Maderinha%2001.jpg\/_jcr_content\/renditions\/cq5dam.thumbnail.cropped.500.281.jpeg\" data-original-set=\"\/content\/dam\/vaticannews\/multimedia\/2019\/08\/09\/2019.08.09%20Amazzonia%20capanna%20del%20popolo%20indigeno%20Mura,%20Rio%20Maderinha%2001.jpg\/_jcr_content\/renditions\/cq5dam.thumbnail.cropped.500.281.jpeg\" \/><\/picture><\/figure>\n<div class=\"photo_embed--Title\">Uma das cabanas onde vive uma fam\u00edlia do povo Mura<\/div>\n<\/div>\n<\/div>\n<h2>A for\u00e7a do Evangelho nas comunidades ind\u00edgenas<\/h2>\n<p>No interior do Amazonas, em Autazes, encontramos Ir. Luzinete de Ara\u00fajo Silva, da Congrega\u00e7\u00e3o das Irm\u00e3s de Nossa Senhora do Calv\u00e1rio, que tamb\u00e9m atua no Cimi \u2013 e na Prelazia de Borba \u2013 e, particularmente, junto ao povo Mura. A mission\u00e1ria acredita na for\u00e7a do Evangelho para ajudar as vidas amea\u00e7adas.<\/p>\n<div>\n<div class=\"article__embed article__embed--border embed_style\">\n<blockquote><p>\u201c Eu sinto que, no dia a dia acompanhando, conhecendo melhor e estando dentro da equipe, eu vejo que o Cimi assume o Evangelho encarnado porque \u00e9 o cuidado com a vida, e a vida amea\u00e7ada daqueles que n\u00e3o t\u00eam ningu\u00e9m por eles ou que s\u00e3o vistos apenas com um olhar de preconceito. Vejo que o Cimi realmente faz um trabalho de evangeliza\u00e7\u00e3o no sentido real da palavra porque evangelizar \u00e9 cuidar da vida, colocar a vida no centro. E, as atividades, embora n\u00e3o sejam assim diretamente evangelizadoras, sacramentalistas ou pastoralistas, t\u00eam no centro delas o cuidado com a vida amea\u00e7ada. \u201d<\/p><\/blockquote>\n<\/div>\n<\/div>\n<div>\n<div class=\"article__embed article__embed--unwrap\">\n<figure><picture><source srcset=\"\/content\/dam\/vaticannews\/multimedia\/2019\/08\/09\/2019.08.09%20villaggio%20dei%20Mura%20Amazzonia%2002.jpg\/_jcr_content\/renditions\/cq5dam.thumbnail.cropped.1500.844.jpeg 2x, \/content\/dam\/vaticannews\/multimedia\/2019\/08\/09\/2019.08.09%20villaggio%20dei%20Mura%20Amazzonia%2002.jpg\/_jcr_content\/renditions\/cq5dam.thumbnail.cropped.750.422.jpeg 1x\" media=\"(min-width: 1024px)\" data-original-set=\"\/content\/dam\/vaticannews\/multimedia\/2019\/08\/09\/2019.08.09%20villaggio%20dei%20Mura%20Amazzonia%2002.jpg\/_jcr_content\/renditions\/cq5dam.thumbnail.cropped.1500.844.jpeg 2x, \/content\/dam\/vaticannews\/multimedia\/2019\/08\/09\/2019.08.09%20villaggio%20dei%20Mura%20Amazzonia%2002.jpg\/_jcr_content\/renditions\/cq5dam.thumbnail.cropped.750.422.jpeg 1x\" \/><source srcset=\"\/content\/dam\/vaticannews\/multimedia\/2019\/08\/09\/2019.08.09%20villaggio%20dei%20Mura%20Amazzonia%2002.jpg\/_jcr_content\/renditions\/cq5dam.thumbnail.cropped.1000.563.jpeg 2x, \/content\/dam\/vaticannews\/multimedia\/2019\/08\/09\/2019.08.09%20villaggio%20dei%20Mura%20Amazzonia%2002.jpg\/_jcr_content\/renditions\/cq5dam.thumbnail.cropped.500.281.jpeg 1x\" media=\"(min-width: 768px)\" data-original-set=\"\/content\/dam\/vaticannews\/multimedia\/2019\/08\/09\/2019.08.09%20villaggio%20dei%20Mura%20Amazzonia%2002.jpg\/_jcr_content\/renditions\/cq5dam.thumbnail.cropped.1000.563.jpeg 2x, \/content\/dam\/vaticannews\/multimedia\/2019\/08\/09\/2019.08.09%20villaggio%20dei%20Mura%20Amazzonia%2002.jpg\/_jcr_content\/renditions\/cq5dam.thumbnail.cropped.500.281.jpeg 1x\" \/><source srcset=\"\/content\/dam\/vaticannews\/multimedia\/2019\/08\/09\/2019.08.09%20villaggio%20dei%20Mura%20Amazzonia%2002.jpg\/_jcr_content\/renditions\/cq5dam.thumbnail.cropped.500.281.jpeg\" data-original-set=\"\/content\/dam\/vaticannews\/multimedia\/2019\/08\/09\/2019.08.09%20villaggio%20dei%20Mura%20Amazzonia%2002.jpg\/_jcr_content\/renditions\/cq5dam.thumbnail.cropped.500.281.jpeg\" \/><\/picture><\/figure>\n<div><img loading=\"lazy\" decoding=\"async\" class=\"alignnone size-full wp-image-52300\" src=\"http:\/\/catolicanet.net\/wp-cnet\/wp-content\/uploads\/844-21.jpeg\" alt=\"\" width=\"1500\" height=\"843\" srcset=\"https:\/\/catolicanet.net\/wp-cnet\/wp-content\/uploads\/844-21.jpeg 1500w, https:\/\/catolicanet.net\/wp-cnet\/wp-content\/uploads\/844-21-300x169.jpeg 300w, https:\/\/catolicanet.net\/wp-cnet\/wp-content\/uploads\/844-21-768x432.jpeg 768w, https:\/\/catolicanet.net\/wp-cnet\/wp-content\/uploads\/844-21-1024x575.jpeg 1024w, https:\/\/catolicanet.net\/wp-cnet\/wp-content\/uploads\/844-21-600x337.jpeg 600w, https:\/\/catolicanet.net\/wp-cnet\/wp-content\/uploads\/844-21-696x391.jpeg 696w, https:\/\/catolicanet.net\/wp-cnet\/wp-content\/uploads\/844-21-1068x600.jpeg 1068w, https:\/\/catolicanet.net\/wp-cnet\/wp-content\/uploads\/844-21-747x420.jpeg 747w\" sizes=\"auto, (max-width: 1500px) 100vw, 1500px\" \/><\/div>\n<div><\/div>\n<div class=\"photo_embed--Title\">Uma aldeia do Povo Mura, na Amaz\u00f4nia<\/div>\n<\/div>\n<\/div>\n<h2>O reconhecimento que vir\u00e1 do S\u00ednodo<\/h2>\n<p>Essa realidade da Igreja na regi\u00e3o Amaz\u00f4nica ser\u00e1 tema de reflex\u00e3o tamb\u00e9m no Vaticano, durante o S\u00ednodo dos Bispos de outubro. Segundo a Ir. Luzinete, a assembleia ajuda a fortalecer um jeito se ser Igreja na Amaz\u00f4nia que j\u00e1 existe:<\/p>\n<div>\n<aside class=\"article__readmore\">\n<div class=\"teaser--labelEvidence teaser teaser--type-article\">\n<article>\n<div class=\"teaser__labelWrapper\"><\/div>\n<\/article>\n<\/div>\n<\/aside>\n<\/div>\n<\/div>\n<div>\n<aside class=\"article__readmore\">\n<div class=\"teaser--labelEvidence teaser teaser--type-article\">\n<article>\n<div class=\"teaser__contentWrapper\">\n<div><\/div>\n<\/div>\n<\/article>\n<\/div>\n<\/aside>\n<\/div>\n<p>\u201cA minha maior esperan\u00e7a \u00e9 j\u00e1 ver o S\u00ednodo acontecendo: nos pequenos lugares onde fomos trabalhando, nas rodas de conversa onde chegou a proposta \u2013 o documento de estudo. E ver as comunidades sentando, discutindo e pensando um novo jeito de ser Igreja na Amaz\u00f4nia. Um novo jeito que eu n\u00e3o vejo que v\u00e1 nascer com o S\u00ednodo, mas j\u00e1 est\u00e1 acontecendo, o S\u00ednodo at\u00e9 pode trazer e reconhecer isso. Ent\u00e3o, a esperan\u00e7a \u00e9 essa de ver as comunidades se dando conta de que n\u00f3s, a Amaz\u00f4nia, somos uma realidade particular, e a Igreja assumir isso levando em conta a cultura, o diferente aqui da Amaz\u00f4nia.&#8221;<\/p>\n<div>\n<div class=\"article__embed article__embed--border embed_style\">\n<blockquote><p>\u201c Vejo o S\u00ednodo como esse momento de a gente olhar para a Amaz\u00f4nia e dizer: \u2018tem uma cultura diferente e a Igreja est\u00e1 l\u00e1 e precisa assumir o jeito de ser da Amaz\u00f4nia\u2019. Como nas palavras da professora M\u00e1rcia Oliveira de \u2018amazonizar o mundo\u2019, e n\u00e3o o contr\u00e1rio. \u201d<\/p><\/blockquote>\n<\/div>\n<\/div>\n","protected":false},"excerpt":{"rendered":"<p>A declara\u00e7\u00e3o \u00e9 de Ir. Luzinete de Ara\u00fajo Silva, da Congrega\u00e7\u00e3o das Irm\u00e3s de Nossa Senhora do Calv\u00e1rio. Em entrevista ao Vatican News, ela conta sobre as expectativas quando ao S\u00ednodo Amaz\u00f4nico no Vaticano que dever\u00e1 tratar de assuntos vividos diariamente pela mission\u00e1ria do Cimi, que atua junto ao povo Mura e tamb\u00e9m na Prelazia [&hellip;]<\/p>\n","protected":false},"author":1,"featured_media":52303,"comment_status":"open","ping_status":"closed","sticky":false,"template":"","format":"standard","meta":{"footnotes":""},"categories":[3],"tags":[],"class_list":["post-52299","post","type-post","status-publish","format-standard","has-post-thumbnail","hentry","category-vaticano"],"_links":{"self":[{"href":"https:\/\/catolicanet.net\/wp-cnet\/wp-json\/wp\/v2\/posts\/52299","targetHints":{"allow":["GET"]}}],"collection":[{"href":"https:\/\/catolicanet.net\/wp-cnet\/wp-json\/wp\/v2\/posts"}],"about":[{"href":"https:\/\/catolicanet.net\/wp-cnet\/wp-json\/wp\/v2\/types\/post"}],"author":[{"embeddable":true,"href":"https:\/\/catolicanet.net\/wp-cnet\/wp-json\/wp\/v2\/users\/1"}],"replies":[{"embeddable":true,"href":"https:\/\/catolicanet.net\/wp-cnet\/wp-json\/wp\/v2\/comments?post=52299"}],"version-history":[{"count":1,"href":"https:\/\/catolicanet.net\/wp-cnet\/wp-json\/wp\/v2\/posts\/52299\/revisions"}],"predecessor-version":[{"id":52304,"href":"https:\/\/catolicanet.net\/wp-cnet\/wp-json\/wp\/v2\/posts\/52299\/revisions\/52304"}],"wp:featuredmedia":[{"embeddable":true,"href":"https:\/\/catolicanet.net\/wp-cnet\/wp-json\/wp\/v2\/media\/52303"}],"wp:attachment":[{"href":"https:\/\/catolicanet.net\/wp-cnet\/wp-json\/wp\/v2\/media?parent=52299"}],"wp:term":[{"taxonomy":"category","embeddable":true,"href":"https:\/\/catolicanet.net\/wp-cnet\/wp-json\/wp\/v2\/categories?post=52299"},{"taxonomy":"post_tag","embeddable":true,"href":"https:\/\/catolicanet.net\/wp-cnet\/wp-json\/wp\/v2\/tags?post=52299"}],"curies":[{"name":"wp","href":"https:\/\/api.w.org\/{rel}","templated":true}]}}