{"id":52292,"date":"2019-08-13T14:04:00","date_gmt":"2019-08-13T17:04:00","guid":{"rendered":"http:\/\/catolicanet.net\/wp-cnet\/?p=52292"},"modified":"2019-08-13T14:04:00","modified_gmt":"2019-08-13T17:04:00","slug":"lancado-material-do-festejo-do-padroeiro-do-maranhao-que-ira-ocorrer-em-setembro","status":"publish","type":"post","link":"https:\/\/catolicanet.net\/wp-cnet\/lancado-material-do-festejo-do-padroeiro-do-maranhao-que-ira-ocorrer-em-setembro\/","title":{"rendered":"Lan\u00e7ado material do festejo do Padroeiro do Maranh\u00e3o, que ir\u00e1 ocorrer em setembro"},"content":{"rendered":"<p class=\"font_8\">Foi lan\u00e7ado o material do grande festejo do Padroeiro do Maranh\u00e3o, que ocorrer\u00e1 entre os dias 01 a 29 de setembro de 2019. O m\u00eas ser\u00e1 dedicado a celebra\u00e7\u00f5es e romarias em honra do santo de imensa devo\u00e7\u00e3o popular em nosso estado.<\/p>\n<p class=\"font_8\">O tema abordado este ano \u201cAmaz\u00f4nia: Igreja, Miss\u00e3o e ecologia\u201d faz refer\u00eancia ao S\u00ednodo para a Amaz\u00f4nia, convocado pelo Papa Francisco, para o pr\u00f3ximo m\u00eas de outubro, como explica Padre Cl\u00e1udio Roberto, reitor do Santu\u00e1rio, \u201cS\u00e3o Jos\u00e9 de Ribamar, grande exemplo: Protetor da fam\u00edlia de Nazar\u00e9, ensinar-nos-\u00e1 a cuidar da nossa regi\u00e3o amaz\u00f4nica, da nossa f\u00e9 e da nossa Igreja, como ardorosos mission\u00e1rios e servos de Deus.<\/p>\n<p class=\"font_8\">Inspirado nesse tema todo m\u00eas de setembro ser\u00e1 festa do Padroeiro do Maranh\u00e3o, S\u00e3o Jos\u00e9 de Ribamar. O reitor do Santu\u00e1rio ressalta esperar a presen\u00e7a ativa dos devotos e romeiros do Padroeiro\u201d e finaliza \u201cpara realizarmos um bom festejo precisamos das ora\u00e7\u00f5es, da participa\u00e7\u00e3o e das doa\u00e7\u00f5es de todos\u201d.<\/p>\n<p><a href=\"https:\/\/www.cnbbne5.org\/single-post\/2019\/08\/12\/Santu%C3%A1rio-do-Padroeiro-do-Maranh%C3%A3o-lan%C3%A7a-festejo-2019\">Confira a not\u00edcia na \u00edntegra<\/a>.<\/p>\n","protected":false},"excerpt":{"rendered":"<p>Foi lan\u00e7ado o material do grande festejo do Padroeiro do Maranh\u00e3o, que ocorrer\u00e1 entre os dias 01 a 29 de setembro de 2019. O m\u00eas ser\u00e1 dedicado a celebra\u00e7\u00f5es e romarias em honra do santo de imensa devo\u00e7\u00e3o popular em nosso estado. O tema abordado este ano \u201cAmaz\u00f4nia: Igreja, Miss\u00e3o e ecologia\u201d faz refer\u00eancia ao [&hellip;]<\/p>\n","protected":false},"author":1,"featured_media":52293,"comment_status":"open","ping_status":"closed","sticky":false,"template":"","format":"standard","meta":{"footnotes":""},"categories":[7],"tags":[],"class_list":["post-52292","post","type-post","status-publish","format-standard","has-post-thumbnail","hentry","category-cnbb"],"_links":{"self":[{"href":"https:\/\/catolicanet.net\/wp-cnet\/wp-json\/wp\/v2\/posts\/52292","targetHints":{"allow":["GET"]}}],"collection":[{"href":"https:\/\/catolicanet.net\/wp-cnet\/wp-json\/wp\/v2\/posts"}],"about":[{"href":"https:\/\/catolicanet.net\/wp-cnet\/wp-json\/wp\/v2\/types\/post"}],"author":[{"embeddable":true,"href":"https:\/\/catolicanet.net\/wp-cnet\/wp-json\/wp\/v2\/users\/1"}],"replies":[{"embeddable":true,"href":"https:\/\/catolicanet.net\/wp-cnet\/wp-json\/wp\/v2\/comments?post=52292"}],"version-history":[{"count":1,"href":"https:\/\/catolicanet.net\/wp-cnet\/wp-json\/wp\/v2\/posts\/52292\/revisions"}],"predecessor-version":[{"id":52294,"href":"https:\/\/catolicanet.net\/wp-cnet\/wp-json\/wp\/v2\/posts\/52292\/revisions\/52294"}],"wp:featuredmedia":[{"embeddable":true,"href":"https:\/\/catolicanet.net\/wp-cnet\/wp-json\/wp\/v2\/media\/52293"}],"wp:attachment":[{"href":"https:\/\/catolicanet.net\/wp-cnet\/wp-json\/wp\/v2\/media?parent=52292"}],"wp:term":[{"taxonomy":"category","embeddable":true,"href":"https:\/\/catolicanet.net\/wp-cnet\/wp-json\/wp\/v2\/categories?post=52292"},{"taxonomy":"post_tag","embeddable":true,"href":"https:\/\/catolicanet.net\/wp-cnet\/wp-json\/wp\/v2\/tags?post=52292"}],"curies":[{"name":"wp","href":"https:\/\/api.w.org\/{rel}","templated":true}]}}