{"id":52279,"date":"2019-08-12T10:27:26","date_gmt":"2019-08-12T13:27:26","guid":{"rendered":"http:\/\/catolicanet.net\/wp-cnet\/?p=52279"},"modified":"2019-08-13T10:39:14","modified_gmt":"2019-08-13T13:39:14","slug":"india-papa-lamenta-tragica-perda-de-vidas-devido-as-chuvadas-e-inundacoes-que-fustigaram-o-pais","status":"publish","type":"post","link":"https:\/\/catolicanet.net\/wp-cnet\/india-papa-lamenta-tragica-perda-de-vidas-devido-as-chuvadas-e-inundacoes-que-fustigaram-o-pais\/","title":{"rendered":"\u00cdndia: Papa lamenta \u00abtr\u00e1gica perda de vidas\u00bb devido \u00e0s chuvadas e inunda\u00e7\u00f5es que fustigaram o pa\u00eds"},"content":{"rendered":"<p><em>Autoridades d\u00e3o conta da morte de pelo menos 140 pessoas nas regi\u00f5es sul e oeste do territ\u00f3rio indiano<\/em><\/p>\n<p>proximidade a todas as comunidades da \u00cdndia, onde a \u00e9poca de mon\u00e7\u00f5es e as consequentes cheias j\u00e1 provocaram pelo menos 140 mortos.<\/p>\n<p>Numa carta enviada \u00e0s autoridades indianas, publicada hoje pela sala de imprensa da Santa S\u00e9, Francisco real\u00e7a a sua \u201cprofunda tristeza\u201d pela \u201ctr\u00e1gica perda de vidas\u201d que se tem registado naquele pa\u00eds, devido \u00e0s intemp\u00e9ries dos \u00faltimos dias.<\/p>\n<p>O Papa argentino <a href=\"http:\/\/press.vatican.va\/content\/salastampa\/it\/bollettino\/pubblico\/2019\/08\/12\/0626\/01291.html\">deixa<\/a> as suas \u201cmais sentidas condol\u00eancias aos familiares das v\u00edtimas mortais e dos feridos\u201d, e recorda ainda todos quantos \u201cperderam as suas casas e meios de sustento\u201d devido a esta calamidade.<\/p>\n<p>As chuvadas e inunda\u00e7\u00f5es na \u00cdndia t\u00eam afetado sobretudo as regi\u00f5es sul e oeste do pa\u00eds, com forte incid\u00eancia nas localidades de Kerala, Karnataka, Maharashtra e Gujarat.<\/p>\n<p>De acordo com as autoridades, cerca de 400 mil pessoas ficaram desalojadas por causa desta cat\u00e1strofe natural.<\/p>\n","protected":false},"excerpt":{"rendered":"<p>Autoridades d\u00e3o conta da morte de pelo menos 140 pessoas nas regi\u00f5es sul e oeste do territ\u00f3rio indiano proximidade a todas as comunidades da \u00cdndia, onde a \u00e9poca de mon\u00e7\u00f5es e as consequentes cheias j\u00e1 provocaram pelo menos 140 mortos. Numa carta enviada \u00e0s autoridades indianas, publicada hoje pela sala de imprensa da Santa S\u00e9, [&hellip;]<\/p>\n","protected":false},"author":1,"featured_media":52280,"comment_status":"open","ping_status":"closed","sticky":false,"template":"","format":"standard","meta":{"footnotes":""},"categories":[4],"tags":[],"class_list":["post-52279","post","type-post","status-publish","format-standard","has-post-thumbnail","hentry","category-cotidiano"],"_links":{"self":[{"href":"https:\/\/catolicanet.net\/wp-cnet\/wp-json\/wp\/v2\/posts\/52279","targetHints":{"allow":["GET"]}}],"collection":[{"href":"https:\/\/catolicanet.net\/wp-cnet\/wp-json\/wp\/v2\/posts"}],"about":[{"href":"https:\/\/catolicanet.net\/wp-cnet\/wp-json\/wp\/v2\/types\/post"}],"author":[{"embeddable":true,"href":"https:\/\/catolicanet.net\/wp-cnet\/wp-json\/wp\/v2\/users\/1"}],"replies":[{"embeddable":true,"href":"https:\/\/catolicanet.net\/wp-cnet\/wp-json\/wp\/v2\/comments?post=52279"}],"version-history":[{"count":1,"href":"https:\/\/catolicanet.net\/wp-cnet\/wp-json\/wp\/v2\/posts\/52279\/revisions"}],"predecessor-version":[{"id":52281,"href":"https:\/\/catolicanet.net\/wp-cnet\/wp-json\/wp\/v2\/posts\/52279\/revisions\/52281"}],"wp:featuredmedia":[{"embeddable":true,"href":"https:\/\/catolicanet.net\/wp-cnet\/wp-json\/wp\/v2\/media\/52280"}],"wp:attachment":[{"href":"https:\/\/catolicanet.net\/wp-cnet\/wp-json\/wp\/v2\/media?parent=52279"}],"wp:term":[{"taxonomy":"category","embeddable":true,"href":"https:\/\/catolicanet.net\/wp-cnet\/wp-json\/wp\/v2\/categories?post=52279"},{"taxonomy":"post_tag","embeddable":true,"href":"https:\/\/catolicanet.net\/wp-cnet\/wp-json\/wp\/v2\/tags?post=52279"}],"curies":[{"name":"wp","href":"https:\/\/api.w.org\/{rel}","templated":true}]}}