{"id":52276,"date":"2019-08-13T10:26:14","date_gmt":"2019-08-13T13:26:14","guid":{"rendered":"http:\/\/catolicanet.net\/wp-cnet\/?p=52276"},"modified":"2019-08-13T10:26:14","modified_gmt":"2019-08-13T13:26:14","slug":"mediterraneo-d-antonio-marto-destaca-sinal-de-humanidade-da-gnr-no-resgate-de-migrantes-e-refugiados","status":"publish","type":"post","link":"https:\/\/catolicanet.net\/wp-cnet\/mediterraneo-d-antonio-marto-destaca-sinal-de-humanidade-da-gnr-no-resgate-de-migrantes-e-refugiados\/","title":{"rendered":"Mediterr\u00e2neo: D. Ant\u00f3nio Marto destaca \u00absinal de humanidade\u00bb da GNR no resgate de migrantes e refugiados"},"content":{"rendered":"<p><em>Cardeal portugu\u00eas pediu \u00abcaloroso aplauso\u00bb aos peregrinos no Santu\u00e1rio de F\u00e1tima<\/em><\/p>\n<p>O cardeal da Diocese de Leiria-F\u00e1tima disse hoje que \u201cn\u00e3o\u201d podia deixar de exprimir \u201co reconhecimento, louvor e gratid\u00e3o\u201d \u00e0 Guarda Nacional Republicana que \u201cnas \u00faltimas semanas resgatou mais de uma centena de refugiados e de migrantes\u201d no Mediterr\u00e2neo.<\/p>\n<p>\u201c\u00c9 um gesto e um sinal muito belo de humanidade, de solidariedade e de coragem que honra a miss\u00e3o da nossa Guarda Nacional Republicana e merece o nosso caloroso aplauso\u201d, afirmou esta ter\u00e7a-feira D. Ant\u00f3nio Marto, no final da peregrina\u00e7\u00e3o internacional de 12 e 13 de agosto no Santu\u00e1rio de F\u00e1tima.<\/p>\n<p>Na sauda\u00e7\u00e3o aos peregrinos, o cardeal de Leiria-F\u00e1tima dirigiu a primeira palavra aos migrantes e refugiados presentes \u201cde todos os \u00e2ngulos do mundo e do pa\u00eds\u201d e real\u00e7ou que \u201cdesejaria estar pr\u00f3ximo de cada um e de cada uma\u201d para os saudar pessoalmente: \u201cVer-vos olhos nos olhos e falar convosco de cora\u00e7\u00e3o a cora\u00e7\u00e3o com uma palavra pessoal\u201d.<\/p>\n<p>Recordando o que disse o presidente da celebra\u00e7\u00e3o \u2013 o prefeito da Congrega\u00e7\u00e3o para os Bispos (Santa S\u00e9), D. Marc Ouellet, -, D. Ant\u00f3nio Marto assinalou que \u201cF\u00e1tima \u00e9 um lugar privilegiado de gra\u00e7a, de consolo e de esperan\u00e7a\u201d, e hoje sobretudo para os migrantes e refugiados a quem \u00e9 dedicada esta peregrina\u00e7\u00e3o.<\/p>\n<p>\u201cTransmitiu uma mensagem vigorosa de proclama\u00e7\u00e3o e defesa da dignidade dos migrantes e refugiados e interpelou profundamente a nossa consci\u00eancia da sociedade para tomarmos consci\u00eancia, compreendermos mais profundamente que os emigrantes e refugiados n\u00e3o s\u00e3o objetos de mercadoria, nem bode de expia\u00e7\u00e3o para os males da sociedade, mas irm\u00e3os e irm\u00e3s a serem acolhidos, respeitados e amados\u201d, desenvolveu o cardeal portugu\u00eas, sintetizando a \u201cgrande mensagem vigorosamente\u201d transmitida nos \u00faltimos dois dias.<\/p>\n<p>A peregrina\u00e7\u00e3o internacional de 12 e 13 de agosto ao Santu\u00e1rio de F\u00e1tima, faz mem\u00f3ria da quarta apari\u00e7\u00e3o de Nossa Senhora na Cova da Iria aos pastorinhos, e integra a Peregrina\u00e7\u00e3o do Migrante e do Refugiado, inserida na 47.\u00aa Semana Nacional das Migra\u00e7\u00f5es, este ano com o tema \u2018\u2018N\u00e3o s\u00e3o apenas migrantes\u2019.<\/p>\n<p>D. Ant\u00f3nio Marto dirigiu-se tamb\u00e9m aos \u201cirm\u00e3os e irm\u00e3s doentes\u201d a quem manifestou uma \u201csauda\u00e7\u00e3o calorosa\u201d e aos seus \u201camiguitos e amiguitas, cheio de alegria\u201d em v\u00ea-los na festa de \u201cfam\u00edlia, junto de Nossa Senhora\u201d.<\/p>\n","protected":false},"excerpt":{"rendered":"<p>Cardeal portugu\u00eas pediu \u00abcaloroso aplauso\u00bb aos peregrinos no Santu\u00e1rio de F\u00e1tima O cardeal da Diocese de Leiria-F\u00e1tima disse hoje que \u201cn\u00e3o\u201d podia deixar de exprimir \u201co reconhecimento, louvor e gratid\u00e3o\u201d \u00e0 Guarda Nacional Republicana que \u201cnas \u00faltimas semanas resgatou mais de uma centena de refugiados e de migrantes\u201d no Mediterr\u00e2neo. \u201c\u00c9 um gesto e um [&hellip;]<\/p>\n","protected":false},"author":1,"featured_media":52277,"comment_status":"open","ping_status":"closed","sticky":false,"template":"","format":"standard","meta":{"footnotes":""},"categories":[4],"tags":[],"class_list":["post-52276","post","type-post","status-publish","format-standard","has-post-thumbnail","hentry","category-cotidiano"],"_links":{"self":[{"href":"https:\/\/catolicanet.net\/wp-cnet\/wp-json\/wp\/v2\/posts\/52276","targetHints":{"allow":["GET"]}}],"collection":[{"href":"https:\/\/catolicanet.net\/wp-cnet\/wp-json\/wp\/v2\/posts"}],"about":[{"href":"https:\/\/catolicanet.net\/wp-cnet\/wp-json\/wp\/v2\/types\/post"}],"author":[{"embeddable":true,"href":"https:\/\/catolicanet.net\/wp-cnet\/wp-json\/wp\/v2\/users\/1"}],"replies":[{"embeddable":true,"href":"https:\/\/catolicanet.net\/wp-cnet\/wp-json\/wp\/v2\/comments?post=52276"}],"version-history":[{"count":1,"href":"https:\/\/catolicanet.net\/wp-cnet\/wp-json\/wp\/v2\/posts\/52276\/revisions"}],"predecessor-version":[{"id":52278,"href":"https:\/\/catolicanet.net\/wp-cnet\/wp-json\/wp\/v2\/posts\/52276\/revisions\/52278"}],"wp:featuredmedia":[{"embeddable":true,"href":"https:\/\/catolicanet.net\/wp-cnet\/wp-json\/wp\/v2\/media\/52277"}],"wp:attachment":[{"href":"https:\/\/catolicanet.net\/wp-cnet\/wp-json\/wp\/v2\/media?parent=52276"}],"wp:term":[{"taxonomy":"category","embeddable":true,"href":"https:\/\/catolicanet.net\/wp-cnet\/wp-json\/wp\/v2\/categories?post=52276"},{"taxonomy":"post_tag","embeddable":true,"href":"https:\/\/catolicanet.net\/wp-cnet\/wp-json\/wp\/v2\/tags?post=52276"}],"curies":[{"name":"wp","href":"https:\/\/api.w.org\/{rel}","templated":true}]}}