{"id":52273,"date":"2019-08-13T10:21:54","date_gmt":"2019-08-13T13:21:54","guid":{"rendered":"http:\/\/catolicanet.net\/wp-cnet\/?p=52273"},"modified":"2019-08-13T10:21:54","modified_gmt":"2019-08-13T13:21:54","slug":"uma-breve-oracao-para-pedir-sabedoria","status":"publish","type":"post","link":"https:\/\/catolicanet.net\/wp-cnet\/uma-breve-oracao-para-pedir-sabedoria\/","title":{"rendered":"Uma breve ora\u00e7\u00e3o para pedir sabedoria"},"content":{"rendered":"<h2 class=\"subtitle\">V\u00e1 at\u00e9 a fonte da sabedoria para discernir o que \u00e9 de Deus e o que n\u00e3o \u00e9<\/h2>\n<div class=\"base-post-content\">Discernir entre boas e m\u00e1s escolhas \u00e9 um grande desafio, e, muitas vezes, estressante.Todos os dias, somos bombardeados com in\u00fameras informa\u00e7\u00f5es e op\u00e7\u00f5es sobre tudo. O medo de fazer a escolha errada pode nos paralisar.<\/p>\n<p>A boa not\u00edcia \u00e9 que Deus est\u00e1 aqui para nos dar o dom da sabedoria, mostrando-nos a escolha que \u00e9 verdadeira, boa e bela.<\/p>\n<p>Um dos personagens b\u00edblicos mais conhecidos, que buscava sabedoria, era Salom\u00e3o. Deus concedeu-lhe um pedido que ele lhe fizera e deu-lhe uma sabedoria que superou a de qualquer outra pessoa.<\/p>\n<p>Da mesma forma, devemos ir \u00e0 fonte da sabedoria e pedir esse presente. Podemos usar a mesma ora\u00e7\u00e3o de Salom\u00e3o e confiar que a gra\u00e7a de Deus ir\u00e1 transbordar sobre n\u00f3s. Podemos nem sempre gostar da resposta que Deus nos d\u00e1, mas ele sempre nos mostra o caminho.<\/p>\n<p>Aqui est\u00e1 a ora\u00e7\u00e3o de Salom\u00e3o adaptada \u00e0 nossa realidade.<\/p>\n<blockquote>\n<div id=\"aleteia-welcome\" data-google-query-id=\"CO-Zh970_-MCFYNpwQodvqcKkg\">\n<div id=\"google_ads_iframe_\/64500793\/PT_DESK_ARTICLE_WELCOME_1X1_0__container__\"><iframe id=\"google_ads_iframe_\/64500793\/PT_DESK_ARTICLE_WELCOME_1X1_0\" title=\"3rd party ad content\" name=\"google_ads_iframe_\/64500793\/PT_DESK_ARTICLE_WELCOME_1X1_0\" width=\"1\" height=\"1\" frameborder=\"0\" marginwidth=\"0\" marginheight=\"0\" scrolling=\"no\" data-google-container-id=\"3\" data-load-complete=\"true\" data-mce-fragment=\"1\"><\/iframe><\/div>\n<\/div>\n<p><em>\u201c\u00d3 Senhor meu Deus, d\u00e1 ao teu servo uma mente compreensiva, para que eu possa discernir entre o bem e o mal\u201d (1 Reis 3: 9).<\/em><\/p><\/blockquote>\n<\/div>\n","protected":false},"excerpt":{"rendered":"<p>V\u00e1 at\u00e9 a fonte da sabedoria para discernir o que \u00e9 de Deus e o que n\u00e3o \u00e9 Discernir entre boas e m\u00e1s escolhas \u00e9 um grande desafio, e, muitas vezes, estressante.Todos os dias, somos bombardeados com in\u00fameras informa\u00e7\u00f5es e op\u00e7\u00f5es sobre tudo. O medo de fazer a escolha errada pode nos paralisar. A boa [&hellip;]<\/p>\n","protected":false},"author":1,"featured_media":52274,"comment_status":"open","ping_status":"closed","sticky":false,"template":"","format":"standard","meta":{"footnotes":""},"categories":[4],"tags":[],"class_list":["post-52273","post","type-post","status-publish","format-standard","has-post-thumbnail","hentry","category-cotidiano"],"_links":{"self":[{"href":"https:\/\/catolicanet.net\/wp-cnet\/wp-json\/wp\/v2\/posts\/52273","targetHints":{"allow":["GET"]}}],"collection":[{"href":"https:\/\/catolicanet.net\/wp-cnet\/wp-json\/wp\/v2\/posts"}],"about":[{"href":"https:\/\/catolicanet.net\/wp-cnet\/wp-json\/wp\/v2\/types\/post"}],"author":[{"embeddable":true,"href":"https:\/\/catolicanet.net\/wp-cnet\/wp-json\/wp\/v2\/users\/1"}],"replies":[{"embeddable":true,"href":"https:\/\/catolicanet.net\/wp-cnet\/wp-json\/wp\/v2\/comments?post=52273"}],"version-history":[{"count":1,"href":"https:\/\/catolicanet.net\/wp-cnet\/wp-json\/wp\/v2\/posts\/52273\/revisions"}],"predecessor-version":[{"id":52275,"href":"https:\/\/catolicanet.net\/wp-cnet\/wp-json\/wp\/v2\/posts\/52273\/revisions\/52275"}],"wp:featuredmedia":[{"embeddable":true,"href":"https:\/\/catolicanet.net\/wp-cnet\/wp-json\/wp\/v2\/media\/52274"}],"wp:attachment":[{"href":"https:\/\/catolicanet.net\/wp-cnet\/wp-json\/wp\/v2\/media?parent=52273"}],"wp:term":[{"taxonomy":"category","embeddable":true,"href":"https:\/\/catolicanet.net\/wp-cnet\/wp-json\/wp\/v2\/categories?post=52273"},{"taxonomy":"post_tag","embeddable":true,"href":"https:\/\/catolicanet.net\/wp-cnet\/wp-json\/wp\/v2\/tags?post=52273"}],"curies":[{"name":"wp","href":"https:\/\/api.w.org\/{rel}","templated":true}]}}