{"id":5227,"date":"2014-10-21T15:19:24","date_gmt":"2014-10-21T17:19:24","guid":{"rendered":"http:\/\/catolicanet.net\/wp-cnet\/papa-qcristaos-sao-povo-de-esperanca-porque-sabem-esperar-jesusq\/"},"modified":"2017-04-06T15:45:50","modified_gmt":"2017-04-06T18:45:50","slug":"papa-qcristaos-sao-povo-de-esperanca-porque-sabem-esperar-jesusq","status":"publish","type":"post","link":"https:\/\/catolicanet.net\/wp-cnet\/papa-qcristaos-sao-povo-de-esperanca-porque-sabem-esperar-jesusq\/","title":{"rendered":"Papa: &#8220;Crist\u00e3os s\u00e3o povo de esperan\u00e7a, porque sabem esperar Jesus&#8221;"},"content":{"rendered":"<p style=\"text-align: justify;\"><img decoding=\"async\" src=\"http:\/\/catolicanet.com.br\/images\/stories\/geral\/papaesperanca.jpg\" border=\"0\" align=\"left\" \/>\u201cO crist\u00e3o \u00e9 um homem ou uma mulher que sabe esperar Jesus, e por isso, \u00e9 um homem ou uma mulher de esperan\u00e7a\u201d. Foi este o centro da homilia da missa da manh\u00e3 de ter\u00e7a-feira, 21, presidida pelo Papa na Casa Santa Marta.<\/p>\n<p>\u201cOs crist\u00e3os s\u00e3o um povo que sabe esperar e na espera, cultivam uma s\u00f3lida esperan\u00e7a\u201d. Francisco refletiu ligando o Evangelho de Lucas e a Carta de S\u00e3o Paulo aos Ef\u00e9sios: no primeiro, Cristo fala aos disc\u00edpulos comparando-se ao patr\u00e3o que volta tarde de uma festa de casamento e chama os servos que o aguardavam acordados e com as l\u00e2mpadas acesas de \u2018beatos\u2019. Na cena seguinte, Jesus se faz servo de seus servidores e lhes serve o almo\u00e7o na mesa.<\/p>\n<p>O Papa observou: \u201cO primeiro servi\u00e7o que o Mestre fez aos crist\u00e3os foi lhes dar \u2018identidade\u2019, e relacionando este ponto \u00e0s palavras de Paulo aos pag\u00e3os, disse: \u201cRecordem-se que naquele tempo estavam sem Cristo, exclu\u00eddos da cidadania de Israel\u201d. Francisco reiterou ainda que \u201co que Jesus veio fazer conosco foi dar-nos a cidadania, a perten\u00e7a a um povo; nome e sobrenome\u201d. Assim, como inimigos sem paz, Cristo nos uniu com seu sangue, abatendo o muro de separa\u00e7\u00e3o que divide:<\/p>\n<p><strong>\u201cTodos n\u00f3s sabemos que quando n\u00e3o estamos em paz com as pessoas, eleva-se um muro, um muro que divide; mas Jesus nos oferece seu servi\u00e7o: abate este muro para que nos encontremos. E se estivermos divididos, n\u00e3o seremos amigos, mas inimigos. E fez ainda mais para nos reconciliar em Deus. Reconciliou-nos com Deus: de inimigos a amigos; de estranhos a filhos\u201d.<\/strong><\/p>\n<p>De \u201cgente de rua\u201d, de pessoas que nem eram \u201ch\u00f3spedes\u201d, somos \u201ccompatriotas dos Santos e familiares de Deus\u201d, como diria S\u00e3o Paulo. Isto \u00e9 o que criou Jesus com a sua vinda. Mas qual \u00e9 a condi\u00e7\u00e3o?\u201d, questionou o Papa. \u201cEsper\u00e1-lo, aguard\u00e1-lo como os servos fizeram com seu patr\u00e3o\u201d.<\/p>\n<p><strong>\u201cEsperar Jesus. Quem n\u00e3o espera Jesus, fecha a porta a Ele, n\u00e3o deixa que fa\u00e7a esta obra de paz, de comunidade, de cidadania, e mais ainda: de nome. Ele nos d\u00e1 um nome. Nos faz filhos de Deus. Esta \u00e9 a atitude de esperar Jesus, que est\u00e1 dentro da esperan\u00e7a crist\u00e3. O crist\u00e3o \u00e9 um homem ou uma mulher de esperan\u00e7a. Sabe que o Senhor vir\u00e1. E realmente vir\u00e1, hein? N\u00e3o sabemos a hora, como eles, mas vir\u00e1 para nos encontrar. N\u00e3o isolados, inimigos, isso n\u00e3o. Vir\u00e1 para nos encontrar como Ele nos fez com o seu servi\u00e7o: amigos pr\u00f3ximos, em paz\u201d.<\/strong><\/p>\n<p>A este ponto, conclui o Papa Francisco, h\u00e1 outra pergunta que o crist\u00e3o pode se colocar: como espero Jesus? Ou melhor: \u201cespero ou n\u00e3o espero?\u201d:<\/p>\n<p><strong>\u201cEu acredito nesta esperan\u00e7a, que Ele vir\u00e1? Eu tenho o cora\u00e7\u00e3o aberto, para ouvir o barulho, quando bate \u00e0 porta, quando abre a porta? O crist\u00e3o \u00e9 um homem ou uma mulher que sabe esperar Jesus e por isso \u00e9 homem ou mulher de esperan\u00e7a. Ao inv\u00e9s, o pag\u00e3o \u2013 e muitas vezes n\u00f3s crist\u00e3os nos comportamos como os pag\u00e3os \u2013 se esquece de Jesus, pensa em si mesmo, nas suas coisas, n\u00e3o espera Jesus. O ego\u00edsta pag\u00e3o faz como se fosse um deus: \u2018Eu me viro sozinho\u2019. E essa pessoa acaba mal, acaba sem nome, sem proximidade, sem cidadania\u201d.<\/strong><\/p>\n<p>Fonte: R\u00e1dio Vaticano<br \/>Local: Cidade do Vaticano<\/p>\n","protected":false},"excerpt":{"rendered":"<p>\u201cO crist\u00e3o \u00e9 um homem ou uma mulher que sabe esperar Jesus, e por isso, \u00e9 um homem ou uma mulher de esperan\u00e7a\u201d. Foi este o centro da homilia da missa da manh\u00e3 de ter\u00e7a-feira, 21, presidida pelo Papa na Casa Santa Marta. \u201cOs crist\u00e3os s\u00e3o um povo que sabe esperar e na espera, cultivam [&hellip;]<\/p>\n","protected":false},"author":1,"featured_media":0,"comment_status":"closed","ping_status":"closed","sticky":false,"template":"","format":"standard","meta":{"footnotes":""},"categories":[3],"tags":[],"class_list":["post-5227","post","type-post","status-publish","format-standard","hentry","category-vaticano"],"_links":{"self":[{"href":"https:\/\/catolicanet.net\/wp-cnet\/wp-json\/wp\/v2\/posts\/5227","targetHints":{"allow":["GET"]}}],"collection":[{"href":"https:\/\/catolicanet.net\/wp-cnet\/wp-json\/wp\/v2\/posts"}],"about":[{"href":"https:\/\/catolicanet.net\/wp-cnet\/wp-json\/wp\/v2\/types\/post"}],"author":[{"embeddable":true,"href":"https:\/\/catolicanet.net\/wp-cnet\/wp-json\/wp\/v2\/users\/1"}],"replies":[{"embeddable":true,"href":"https:\/\/catolicanet.net\/wp-cnet\/wp-json\/wp\/v2\/comments?post=5227"}],"version-history":[{"count":1,"href":"https:\/\/catolicanet.net\/wp-cnet\/wp-json\/wp\/v2\/posts\/5227\/revisions"}],"predecessor-version":[{"id":10095,"href":"https:\/\/catolicanet.net\/wp-cnet\/wp-json\/wp\/v2\/posts\/5227\/revisions\/10095"}],"wp:attachment":[{"href":"https:\/\/catolicanet.net\/wp-cnet\/wp-json\/wp\/v2\/media?parent=5227"}],"wp:term":[{"taxonomy":"category","embeddable":true,"href":"https:\/\/catolicanet.net\/wp-cnet\/wp-json\/wp\/v2\/categories?post=5227"},{"taxonomy":"post_tag","embeddable":true,"href":"https:\/\/catolicanet.net\/wp-cnet\/wp-json\/wp\/v2\/tags?post=5227"}],"curies":[{"name":"wp","href":"https:\/\/api.w.org\/{rel}","templated":true}]}}