{"id":52263,"date":"2019-08-13T09:59:42","date_gmt":"2019-08-13T12:59:42","guid":{"rendered":"http:\/\/catolicanet.net\/wp-cnet\/?p=52263"},"modified":"2019-08-13T09:59:42","modified_gmt":"2019-08-13T12:59:42","slug":"hoje-celebramos-a-festa-liturgica-da-beata-irma-dulce-pela-ultima-vez-na-historia","status":"publish","type":"post","link":"https:\/\/catolicanet.net\/wp-cnet\/hoje-celebramos-a-festa-liturgica-da-beata-irma-dulce-pela-ultima-vez-na-historia\/","title":{"rendered":"Hoje celebramos a festa lit\u00fargica da Beata Irm\u00e3 Dulce pela \u00faltima vez na hist\u00f3ria!"},"content":{"rendered":"<h2 class=\"subtitle\">A data de 13 de agosto foi escolhida n\u00e3o por causa do seu falecimento, mas do in\u00edcio de uma grande virada em sua vida<\/h2>\n<div class=\"base-post-content\">Celebramos no dia 13 de agosto a festa lit\u00fargica da Bem-Aventurada <strong>Irm\u00e3 Dulce dos Pobres<\/strong> porque nessa data, em 1933, a jovem Maria Rita de Souza Brito Lopes Pontes, de 19 anos, recebia o h\u00e1bito religioso na congrega\u00e7\u00e3o das Irm\u00e3s Mission\u00e1rias da Imaculada Concei\u00e7\u00e3o da M\u00e3e de Deus, no Estado brasileiro de Sergipe, passando a adotar o nome de Irm\u00e3 Dulce em homenagem \u00e0 pr\u00f3pria m\u00e3e, falecida j\u00e1 fazia doze anos.<\/p>\n<h3>Trajet\u00f3ria<\/h3>\n<ul>\n<li>Maria Rita de Souza Brito Lopes Pontes nasceu em <strong>Salvador<\/strong> no dia 26 de maio de 1914 e, desde a inf\u00e2ncia, come\u00e7ou a ajudar pessoas carentes na porta da pr\u00f3pria casa, que chegou a ser apelidada de \u201cPortaria de S\u00e3o Francisco\u201d.<\/li>\n<li>Em fevereiro de 1933, entrou na <strong>congrega\u00e7\u00e3o<\/strong> das Irm\u00e3s Mission\u00e1rias da Imaculada Concei\u00e7\u00e3o da M\u00e3e de Deus, em S\u00e3o Crist\u00f3v\u00e3o, no Estado de Sergipe, adotando o nome de Irm\u00e3 Dulce em homenagem \u00e0 sua m\u00e3e, falecida quando ela tinha apenas 7 anos.<\/li>\n<li>Retornando a Salvador em 1935, iniciou seu trabalho de <strong>a\u00e7\u00e3o social e caridade crist\u00e3<\/strong> em favor de comunidades pobres como a de Alagados, um conjunto de palafitas no bairro de Itapagipe. Em 1939, encheu um velho galinheiro situado ao lado do convento com os primeiros 70 doentes aos quais passaria a se dedicar em paralelo \u00e0 assist\u00eancia aos pobres. Foi o nascimento das <strong>Obras Sociais Irm\u00e3 Dulce<\/strong>, uma institui\u00e7\u00e3o que hoje realiza 4 milh\u00f5es de atendimentos ambulatoriais por ano.<\/li>\n<li>Popularmente conhecida como \u201c<strong>o Anjo Bom da Bahia<\/strong>\u201c, Irm\u00e3 Dulce foi indicada ao Pr\u00eamio Nobel da Paz em 1988 pelo ent\u00e3o presidente Jos\u00e9 Sarney, com o apoio da Rainha S\u00edlvia, da Su\u00e9cia.<\/li>\n<li>Em 13 de mar\u00e7o de 1992, a religiosa\u00a0partia desta vida rumo ao\u00a0<strong>Abra\u00e7o Eterno do Pai<\/strong>, aos 77 anos, amada e admirada por todo o Brasil devido \u00e0\u00a0<strong>dedica\u00e7\u00e3o<\/strong>\u00a0da vida inteira aos\u00a0<strong>pobres e doentes<\/strong>, em especial na Bahia, sua terra natal.<\/li>\n<li>Em 22 de maio de 2011, foi <strong>beatificada pelo Papa Bento XVI<\/strong>, sendo a sua festa lit\u00fargica celebrada em 13 de agosto, data em que recebeu o h\u00e1bito da congrega\u00e7\u00e3o.<\/li>\n<li>O <strong>Papa Francisco<\/strong> anunciou oficialmente, em julho deste ano, que a Irm\u00e3 Dulce vai ser <strong>canonizada<\/strong> no pr\u00f3ximo dia 13 de outubro.<\/li>\n<li>Juntamente com a confirma\u00e7\u00e3o da data de canoniza\u00e7\u00e3o, foram divulgados detalhes do caso de\u00a0<strong>cura<\/strong>\u00a0obtida de Deus por intercess\u00e3o da beata Irm\u00e3 Dulce e que constitui o\u00a0<strong>milagre<\/strong>\u00a0necess\u00e1rio para que ela seja declarada santa. Trata-se da cura de\u00a0<strong>Jos\u00e9 Maur\u00edcio Moreira<\/strong>, de 50 anos, baiano e morador de Recife, que ficou\u00a0<strong>cego<\/strong>\u00a0aos 14 anos e, depois de suplicar a intercess\u00e3o da beata, voltou a\u00a0<strong>enxergar de modo inexplic\u00e1vel<\/strong>\u00a0segundo os m\u00e9dicos.<\/li>\n<\/ul>\n<h3>A \u00faltima festa como beata<\/h3>\n<p>Sua <strong>festa lit\u00fargica<\/strong> permanecer\u00e1 sendo no dia <strong>13 de agosto<\/strong>. Entretanto, esta \u00e9 a \u00faltima vez em que ela \u00e9 venerada como Beata (ou Bem-Aventurada): a partir de outubro, oficialmente, ela ser\u00e1 reconhecida como <strong>Santa Dulce dos Pobres!<\/strong><\/p>\n<\/div>\n","protected":false},"excerpt":{"rendered":"<p>A data de 13 de agosto foi escolhida n\u00e3o por causa do seu falecimento, mas do in\u00edcio de uma grande virada em sua vida Celebramos no dia 13 de agosto a festa lit\u00fargica da Bem-Aventurada Irm\u00e3 Dulce dos Pobres porque nessa data, em 1933, a jovem Maria Rita de Souza Brito Lopes Pontes, de 19 [&hellip;]<\/p>\n","protected":false},"author":1,"featured_media":52264,"comment_status":"open","ping_status":"closed","sticky":false,"template":"","format":"standard","meta":{"footnotes":""},"categories":[13],"tags":[],"class_list":["post-52263","post","type-post","status-publish","format-standard","has-post-thumbnail","hentry","category-featured"],"_links":{"self":[{"href":"https:\/\/catolicanet.net\/wp-cnet\/wp-json\/wp\/v2\/posts\/52263","targetHints":{"allow":["GET"]}}],"collection":[{"href":"https:\/\/catolicanet.net\/wp-cnet\/wp-json\/wp\/v2\/posts"}],"about":[{"href":"https:\/\/catolicanet.net\/wp-cnet\/wp-json\/wp\/v2\/types\/post"}],"author":[{"embeddable":true,"href":"https:\/\/catolicanet.net\/wp-cnet\/wp-json\/wp\/v2\/users\/1"}],"replies":[{"embeddable":true,"href":"https:\/\/catolicanet.net\/wp-cnet\/wp-json\/wp\/v2\/comments?post=52263"}],"version-history":[{"count":1,"href":"https:\/\/catolicanet.net\/wp-cnet\/wp-json\/wp\/v2\/posts\/52263\/revisions"}],"predecessor-version":[{"id":52265,"href":"https:\/\/catolicanet.net\/wp-cnet\/wp-json\/wp\/v2\/posts\/52263\/revisions\/52265"}],"wp:featuredmedia":[{"embeddable":true,"href":"https:\/\/catolicanet.net\/wp-cnet\/wp-json\/wp\/v2\/media\/52264"}],"wp:attachment":[{"href":"https:\/\/catolicanet.net\/wp-cnet\/wp-json\/wp\/v2\/media?parent=52263"}],"wp:term":[{"taxonomy":"category","embeddable":true,"href":"https:\/\/catolicanet.net\/wp-cnet\/wp-json\/wp\/v2\/categories?post=52263"},{"taxonomy":"post_tag","embeddable":true,"href":"https:\/\/catolicanet.net\/wp-cnet\/wp-json\/wp\/v2\/tags?post=52263"}],"curies":[{"name":"wp","href":"https:\/\/api.w.org\/{rel}","templated":true}]}}