{"id":52236,"date":"2019-08-12T08:57:14","date_gmt":"2019-08-12T11:57:14","guid":{"rendered":"http:\/\/catolicanet.net\/wp-cnet\/?p=52236"},"modified":"2019-08-13T08:58:29","modified_gmt":"2019-08-13T11:58:29","slug":"nelson-arns-neumann-coordenador-internacional-da-pastoral-da-crianca-realiza-visita-pastoral-em-filipinas","status":"publish","type":"post","link":"https:\/\/catolicanet.net\/wp-cnet\/nelson-arns-neumann-coordenador-internacional-da-pastoral-da-crianca-realiza-visita-pastoral-em-filipinas\/","title":{"rendered":"Nelson Arns Neumann, Coordenador Internacional da Pastoral da Crian\u00e7a, realiza visita Pastoral em Filipinas"},"content":{"rendered":"<p>De 30 de julho a 14 de agosto, Dr. Nelson Arns Neumann, Coordenador Internacional da Pastoral da Crian\u00e7a, realizou visita \u00e0 Pastoral da Crian\u00e7a Internacional das Filipinas.\u00a0 Acompanhado de Lady Anne Cardoso, Assessora da Pastoral da Crian\u00e7a Internacional, Dr. Nelson aproveitou para\u00a0realizar uma reuni\u00e3o com o Unicef das Filipinas e conversar\u00a0com a senhora\u00a0Wigdan Madani, Chefe de Sa\u00fade e Nutri\u00e7\u00e3o do UNICEF. Nessa oportunidade, al\u00e9m de discutirem pautas em comum e poss\u00edveis parcerias, Dr. Nelson apresentou a ela o AppVisita Domiciliar da Pastoral da Crian\u00e7a.<\/p>\n<p>Filipinas \u00e9 um dos pa\u00edses apoiados pela Pastoral da Crian\u00e7a Internacional, inclusive pela campanha Pequenos Reis Magos do Brasil, que tem como objetivo angariar recursos para as crian\u00e7as em situa\u00e7\u00e3o de vulnerabilidade de pa\u00edses subdesenvolvidos e conscientizar as crian\u00e7as brasileiras sobre a realidade de outros pa\u00edses, al\u00e9m de despertar a solidariedade e o esp\u00edrito mission\u00e1rio. Para saber mais:\u00a0<a href=\"https:\/\/www.pastoraldacrianca.org.br\/pequenosreismagos\/\">https:\/\/www.pastoraldacrianca.org.br\/pequenosreismagos\/<\/a><\/p>\n<p><a href=\"https:\/\/www.pastoraldacrianca.org.br\/noticias2\/4790-visita-pastoral-filipinas\">Confira a not\u00edcia na \u00edntegra<\/a>.<\/p>\n","protected":false},"excerpt":{"rendered":"<p>De 30 de julho a 14 de agosto, Dr. Nelson Arns Neumann, Coordenador Internacional da Pastoral da Crian\u00e7a, realizou visita \u00e0 Pastoral da Crian\u00e7a Internacional das Filipinas.\u00a0 Acompanhado de Lady Anne Cardoso, Assessora da Pastoral da Crian\u00e7a Internacional, Dr. Nelson aproveitou para\u00a0realizar uma reuni\u00e3o com o Unicef das Filipinas e conversar\u00a0com a senhora\u00a0Wigdan Madani, Chefe [&hellip;]<\/p>\n","protected":false},"author":1,"featured_media":52237,"comment_status":"open","ping_status":"closed","sticky":false,"template":"","format":"standard","meta":{"footnotes":""},"categories":[7],"tags":[],"class_list":["post-52236","post","type-post","status-publish","format-standard","has-post-thumbnail","hentry","category-cnbb"],"_links":{"self":[{"href":"https:\/\/catolicanet.net\/wp-cnet\/wp-json\/wp\/v2\/posts\/52236","targetHints":{"allow":["GET"]}}],"collection":[{"href":"https:\/\/catolicanet.net\/wp-cnet\/wp-json\/wp\/v2\/posts"}],"about":[{"href":"https:\/\/catolicanet.net\/wp-cnet\/wp-json\/wp\/v2\/types\/post"}],"author":[{"embeddable":true,"href":"https:\/\/catolicanet.net\/wp-cnet\/wp-json\/wp\/v2\/users\/1"}],"replies":[{"embeddable":true,"href":"https:\/\/catolicanet.net\/wp-cnet\/wp-json\/wp\/v2\/comments?post=52236"}],"version-history":[{"count":1,"href":"https:\/\/catolicanet.net\/wp-cnet\/wp-json\/wp\/v2\/posts\/52236\/revisions"}],"predecessor-version":[{"id":52238,"href":"https:\/\/catolicanet.net\/wp-cnet\/wp-json\/wp\/v2\/posts\/52236\/revisions\/52238"}],"wp:featuredmedia":[{"embeddable":true,"href":"https:\/\/catolicanet.net\/wp-cnet\/wp-json\/wp\/v2\/media\/52237"}],"wp:attachment":[{"href":"https:\/\/catolicanet.net\/wp-cnet\/wp-json\/wp\/v2\/media?parent=52236"}],"wp:term":[{"taxonomy":"category","embeddable":true,"href":"https:\/\/catolicanet.net\/wp-cnet\/wp-json\/wp\/v2\/categories?post=52236"},{"taxonomy":"post_tag","embeddable":true,"href":"https:\/\/catolicanet.net\/wp-cnet\/wp-json\/wp\/v2\/tags?post=52236"}],"curies":[{"name":"wp","href":"https:\/\/api.w.org\/{rel}","templated":true}]}}