{"id":52226,"date":"2019-08-13T08:35:30","date_gmt":"2019-08-13T11:35:30","guid":{"rendered":"http:\/\/catolicanet.net\/wp-cnet\/?p=52226"},"modified":"2019-08-13T08:35:30","modified_gmt":"2019-08-13T11:35:30","slug":"valor-perene-da-vida","status":"publish","type":"post","link":"https:\/\/catolicanet.net\/wp-cnet\/valor-perene-da-vida\/","title":{"rendered":"Valor perene da vida"},"content":{"rendered":"<p>Deus quer a riqueza de sua a\u00e7\u00e3o misericordiosa e cheia de gra\u00e7a no mundo, sendo os sacerdotes seus instrumentos, no exerc\u00edcio do minist\u00e9rio &#8211; dom e gra\u00e7a -, que, segundo sua vontade, seja o mais fecundo e mais pleno das gra\u00e7as do nosso bom Deus. Que sua consci\u00eancia seja sempre maior, a partir do minist\u00e9rio da Igreja, em primeiro lugar para si, mas tamb\u00e9m para a comunidade dos batizados, na clareza do absoluto de Deus, no sacrif\u00edcio eucar\u00edstico, como renova\u00e7\u00e3o do sacrif\u00edcio da santa e sagrada cruz, al\u00e9m de alimento, indicador da vida na sua mais elevada plenitude: a vida eterna, a gloriosa ressurrei\u00e7\u00e3o.<\/p>\n<p>O sacerdote, al\u00e9m das pr\u00e1ticas do amor fraterno, que tenha uma caridade sem precedentes, exercida em alto e bom tom na comunidade dos batizados, como na afirma\u00e7\u00e3o de Jesus de Nazar\u00e9, sumo e eterno sacerdote: \u201cN\u00e3o vim para ser servido, mas para servir e dar a vida como resgate por muitos\u201d. Como servidor, ele deve se sentir no dever de se adiantar por tais pr\u00e1ticas de virtudes, com a mente e o cora\u00e7\u00e3o voltados para o povo de Deus, na sua coerente intimidade com Deus, Nosso Senhor. Evidentemente, deve ser obediente \u00e0 voz da Igreja, na correta e piedosa administra\u00e7\u00e3o dos sacramentos, tamb\u00e9m na pr\u00e1tica da justi\u00e7a e mesmo no exerc\u00edcio dos seus pr\u00f3prios sacrif\u00edcios, quando se perceber vezes e mais vezes sendo sacerdote, nem sempre o primeiro a se sacrificar, como no bin\u00f4mio: ren\u00fancia e doa\u00e7\u00e3o.<\/p>\n<p>Embora sendo muitas nossas limita\u00e7\u00f5es no exerc\u00edcio dos 31 anos de minist\u00e9rio sacerdotal a servi\u00e7o da Igreja aqui na Arquidiocese de Fortaleza (14\/8\/2019), sempre procuramos, de bom grado, visitar os enfermos e os idosos, levando-lhes, com nossa humilde presen\u00e7a, o sacramento da un\u00e7\u00e3o dos enfermos. Pensemos, pois, no valor indiz\u00edvel de tal sacramento, aos olhos da f\u00e9, e nas express\u00f5es s\u00e1bias do arcebispo que nos ordenou sacerdote, o Cardeal Alo\u00edsio Lorscheider:<\/p>\n<p>\u201c\u00c9 um dos sacramentos que o sacerdote, por vezes incont\u00e1veis, administra durante sua vida sacerdotal. \u00c9, por assim dizer, esse sacramento a \u00faltima manifesta\u00e7\u00e3o do amor de Deus para com seu filho bem-amado. O sacerdote pode bem compreender em tal instante qu\u00e3o grande \u00e9 sua responsabilidade e qu\u00e3o grande \u00e9 a miseric\u00f3rdia de Deus, que n\u00e3o quer a morte do pecador, mas sim que ele se converta e viva. Esse sacramento, se Deus assim o dispuser, d\u00e1 ao enfermo a sa\u00fade do corpo, d\u00e1 sempre, se o enfermo estiver devidamente disposto, a sa\u00fade da alma. Parece que Deus tem \u00e2nsia em ver os homens junto de si no c\u00e9u. Administrando esse sacramento, lembrar-se-\u00e1 o sacerdote da import\u00e2ncia do \u00faltimo momento da vida. Tudo passa. A eternidade se aproxima. S\u00f3 a vida dedicada a Deus possui valor perene. S\u00f3 tal vida d\u00e1 tranquilidade e paz para essa hora \u00fanica na vida. S\u00f3 a vida, que se viveu para Deus, \u00e9 que ent\u00e3o traz consolo. S\u00f3 a vida santa \u00e9 que conforta. Por conseguinte, ser\u00e1 a administra\u00e7\u00e3o desse sacramento uma admoesta\u00e7\u00e3o de que o sacerdote, o predileto do Divino Mestre mais do que qualquer outro, deve ter sempre diante dos olhos o conselho: \u2018Vigiai e orai. (&#8230;) Na hora em que menos o esperardes, vir\u00e1 o Filho do Homem\u2019\u201d (Mt 25,13). Assim seja!<\/p>\n","protected":false},"excerpt":{"rendered":"<p>Deus quer a riqueza de sua a\u00e7\u00e3o misericordiosa e cheia de gra\u00e7a no mundo, sendo os sacerdotes seus instrumentos, no exerc\u00edcio do minist\u00e9rio &#8211; dom e gra\u00e7a -, que, segundo sua vontade, seja o mais fecundo e mais pleno das gra\u00e7as do nosso bom Deus. Que sua consci\u00eancia seja sempre maior, a partir do minist\u00e9rio [&hellip;]<\/p>\n","protected":false},"author":6,"featured_media":32779,"comment_status":"open","ping_status":"closed","sticky":false,"template":"","format":"standard","meta":{"footnotes":""},"categories":[9],"tags":[],"class_list":["post-52226","post","type-post","status-publish","format-standard","has-post-thumbnail","hentry","category-artigos"],"_links":{"self":[{"href":"https:\/\/catolicanet.net\/wp-cnet\/wp-json\/wp\/v2\/posts\/52226","targetHints":{"allow":["GET"]}}],"collection":[{"href":"https:\/\/catolicanet.net\/wp-cnet\/wp-json\/wp\/v2\/posts"}],"about":[{"href":"https:\/\/catolicanet.net\/wp-cnet\/wp-json\/wp\/v2\/types\/post"}],"author":[{"embeddable":true,"href":"https:\/\/catolicanet.net\/wp-cnet\/wp-json\/wp\/v2\/users\/6"}],"replies":[{"embeddable":true,"href":"https:\/\/catolicanet.net\/wp-cnet\/wp-json\/wp\/v2\/comments?post=52226"}],"version-history":[{"count":1,"href":"https:\/\/catolicanet.net\/wp-cnet\/wp-json\/wp\/v2\/posts\/52226\/revisions"}],"predecessor-version":[{"id":52227,"href":"https:\/\/catolicanet.net\/wp-cnet\/wp-json\/wp\/v2\/posts\/52226\/revisions\/52227"}],"wp:featuredmedia":[{"embeddable":true,"href":"https:\/\/catolicanet.net\/wp-cnet\/wp-json\/wp\/v2\/media\/32779"}],"wp:attachment":[{"href":"https:\/\/catolicanet.net\/wp-cnet\/wp-json\/wp\/v2\/media?parent=52226"}],"wp:term":[{"taxonomy":"category","embeddable":true,"href":"https:\/\/catolicanet.net\/wp-cnet\/wp-json\/wp\/v2\/categories?post=52226"},{"taxonomy":"post_tag","embeddable":true,"href":"https:\/\/catolicanet.net\/wp-cnet\/wp-json\/wp\/v2\/tags?post=52226"}],"curies":[{"name":"wp","href":"https:\/\/api.w.org\/{rel}","templated":true}]}}