{"id":52213,"date":"2019-08-09T16:18:51","date_gmt":"2019-08-09T19:18:51","guid":{"rendered":"http:\/\/catolicanet.net\/wp-cnet\/?p=52213"},"modified":"2019-08-09T16:18:51","modified_gmt":"2019-08-09T19:18:51","slug":"o-segredo-de-ser-voce","status":"publish","type":"post","link":"https:\/\/catolicanet.net\/wp-cnet\/o-segredo-de-ser-voce\/","title":{"rendered":"O segredo de ser voc\u00ea"},"content":{"rendered":"<p>Descri\u00e7\u00e3o<\/p>\n<p>Deus tem prefer\u00eancias? O que faz um ser humano feliz? Por que ele sofre? Qual o papel da dor? A partir destes e outros questionamentos, irm\u00e3 Ana Paula apresenta nesse livro uma comovente reflex\u00e3o sobre as dores e emo\u00e7\u00f5es humanas, \u00e0 luz da palavra de Deus. A supera\u00e7\u00e3o dos problemas, o fortalecimento da alma, a cura interior e uma compreens\u00e3o do papel da dor s\u00e3o s\u00f3 algumas das muitas mensagens que trar\u00e1 para acalentar a alma e os cora\u00e7\u00f5es feridos pelos problemas, erros e adversidades da vida. Deus \u00e9 o seu maior companheiro e ele est\u00e1 disposto a construir um caminho de felicidade para cada um de n\u00f3s. Entender isso e ser determinado s\u00e3o os pontos cruciais para uma vida realizada. Aqui, ser\u00e1 poss\u00edvel compreender, entender e se inspirar para que essa jornada seja cheia de alegria, paz, amor, esperan\u00e7a e vit\u00f3rias.<\/p>\n","protected":false},"excerpt":{"rendered":"<p>Descri\u00e7\u00e3o Deus tem prefer\u00eancias? O que faz um ser humano feliz? Por que ele sofre? Qual o papel da dor? A partir destes e outros questionamentos, irm\u00e3 Ana Paula apresenta nesse livro uma comovente reflex\u00e3o sobre as dores e emo\u00e7\u00f5es humanas, \u00e0 luz da palavra de Deus. A supera\u00e7\u00e3o dos problemas, o fortalecimento da alma, [&hellip;]<\/p>\n","protected":false},"author":1,"featured_media":52214,"comment_status":"open","ping_status":"closed","sticky":false,"template":"","format":"standard","meta":{"footnotes":""},"categories":[4],"tags":[],"class_list":["post-52213","post","type-post","status-publish","format-standard","has-post-thumbnail","hentry","category-cotidiano"],"_links":{"self":[{"href":"https:\/\/catolicanet.net\/wp-cnet\/wp-json\/wp\/v2\/posts\/52213","targetHints":{"allow":["GET"]}}],"collection":[{"href":"https:\/\/catolicanet.net\/wp-cnet\/wp-json\/wp\/v2\/posts"}],"about":[{"href":"https:\/\/catolicanet.net\/wp-cnet\/wp-json\/wp\/v2\/types\/post"}],"author":[{"embeddable":true,"href":"https:\/\/catolicanet.net\/wp-cnet\/wp-json\/wp\/v2\/users\/1"}],"replies":[{"embeddable":true,"href":"https:\/\/catolicanet.net\/wp-cnet\/wp-json\/wp\/v2\/comments?post=52213"}],"version-history":[{"count":1,"href":"https:\/\/catolicanet.net\/wp-cnet\/wp-json\/wp\/v2\/posts\/52213\/revisions"}],"predecessor-version":[{"id":52215,"href":"https:\/\/catolicanet.net\/wp-cnet\/wp-json\/wp\/v2\/posts\/52213\/revisions\/52215"}],"wp:featuredmedia":[{"embeddable":true,"href":"https:\/\/catolicanet.net\/wp-cnet\/wp-json\/wp\/v2\/media\/52214"}],"wp:attachment":[{"href":"https:\/\/catolicanet.net\/wp-cnet\/wp-json\/wp\/v2\/media?parent=52213"}],"wp:term":[{"taxonomy":"category","embeddable":true,"href":"https:\/\/catolicanet.net\/wp-cnet\/wp-json\/wp\/v2\/categories?post=52213"},{"taxonomy":"post_tag","embeddable":true,"href":"https:\/\/catolicanet.net\/wp-cnet\/wp-json\/wp\/v2\/tags?post=52213"}],"curies":[{"name":"wp","href":"https:\/\/api.w.org\/{rel}","templated":true}]}}