{"id":52210,"date":"2019-08-09T16:07:16","date_gmt":"2019-08-09T19:07:16","guid":{"rendered":"http:\/\/catolicanet.net\/wp-cnet\/?p=52210"},"modified":"2019-08-09T16:07:16","modified_gmt":"2019-08-09T19:07:16","slug":"quantos-milagres-sao-necessarios-para-um-santo-ser-canonizado","status":"publish","type":"post","link":"https:\/\/catolicanet.net\/wp-cnet\/quantos-milagres-sao-necessarios-para-um-santo-ser-canonizado\/","title":{"rendered":"Quantos milagres s\u00e3o necess\u00e1rios para um santo ser canonizado?"},"content":{"rendered":"<h2 class=\"subtitle\">O processo de canoniza\u00e7\u00e3o pode variar, dependendo do santo e da hist\u00f3ria dele<\/h2>\n<div class=\"base-post-content\">Um santo canonizado pela Igreja Cat\u00f3lica \u00e9 algu\u00e9m que teve uma vida de virtude her\u00f3ica, cujo exemplo \u00e9 particularmente edificante para os fi\u00e9is crist\u00e3os. Nem todo mundo \u00e9 declarado \u201csanto\u201d, mas isso n\u00e3o significa que eles n\u00e3o tenham desfrutado da vis\u00e3o beat\u00edfica de Deus no c\u00e9u.Para aqueles homens e mulheres que s\u00e3o canonizados, inicia-se um longo processo no qual suas vidas s\u00e3o profundamente examinadas. Se eles demonstrarem ter tido uma vida de virtude her\u00f3ica, sua causa normalmente progride, e o pr\u00f3ximo est\u00e1gio depende da verifica\u00e7\u00e3o de milagres.<\/p>\n<p>Para ser beatificado (o \u00faltimo passo antes de ser canonizado), um indiv\u00edduo precisa ter um milagre atribu\u00eddo \u00e0 sua intercess\u00e3o.<\/p>\n<p>Os milagres s\u00e3o descritos por S\u00e3o Tom\u00e1s de Aquino como \u201caquelas coisas \u2026 que s\u00e3o feitas pelo poder divino \u00e0 parte da ordem geralmente seguida nas coisas\u201d. Isso significa que um milagre deve ter provas concretas de que ele n\u00e3o seguiu as regras da natureza.<\/p>\n<p>Um dos tipos mais comuns de milagres \u00e9 a cura s\u00fabita de algu\u00e9m. Segundo o autor Michael O\u2019Neill, \u201cPara que a cura seja considerada milagrosa, a doen\u00e7a deve ser s\u00e9ria e imposs\u00edvel (ou pelo menos muito dif\u00edcil) de ser curada por meios humanos, e n\u00e3o estar em um est\u00e1gio em que possa desaparecer em breve por si s\u00f3. Nenhum tratamento m\u00e9dico deve ter sido dado, ou deve-se ter certeza que \u00a0 o tratamento dado n\u00e3o tem refer\u00eancia \u00e0 cura. A cura deve ser espont\u00e2nea, completa e permanente\u201d.<\/p>\n<p>O bispo local \u00e9 encarregado de investigar o milagre e, se for comprovado, o homem ou a mulher recebe o t\u00edtulo de \u201cBem-aventurado(a)\u201d ou \u201cBeata(o)\u201d.<\/p>\n<div class=\"nativo-inread\"><\/div>\n<p>Depois que esse est\u00e1gio estiver completo, um segundo milagre \u00e9 necess\u00e1rio antes que a canoniza\u00e7\u00e3o final possa ocorrer e, ent\u00e3o, nomear a pessoa como um \u201csanto\u201d. Ocasionalmente este requisito pode ser dispensado, como no caso de S\u00e3o Jo\u00e3o XXIII, em que apenas um milagre foi comprovado e necess\u00e1rio.<\/p>\n<p>Al\u00e9m disso, \u00e0s vezes, este procedimento \u00e9 ajustado para santos que tiveram uma longa hist\u00f3ria de venera\u00e7\u00e3o. Isso \u00e9 chamado de \u201ccanoniza\u00e7\u00e3o equivalente\u201d e, embora o processo n\u00e3o seja id\u00eantico, ainda requer uma hist\u00f3ria de interven\u00e7\u00e3o milagrosa.<\/p>\n<p>O cardeal Angelo Amato explicou, em 2014, que \u201cuma canoniza\u00e7\u00e3o equivalente requer um culto lit\u00fargico de longa data, a \u2018atesta\u00e7\u00e3o constante e comum\u2019 de historiadores cred\u00edveis sobre as virtudes da pessoa e uma \u2018reputa\u00e7\u00e3o ininterrupta de maravilhas\u2019 obtida por intercess\u00e3o dessa pessoa\u201d.<\/p>\n<p>Neste caso, mais de dois milagres s\u00e3o necess\u00e1rios, e a canoniza\u00e7\u00e3o s\u00f3 ocorre depois de um longo tempo, provando a intercess\u00e3o celestial do indiv\u00edduo.<\/p>\n<p>A canoniza\u00e7\u00e3o n\u00e3o pretende ser uma \u201crecompensa\u201d para certos homens ou mulheres ap\u00f3s sua morte, mas uma confirma\u00e7\u00e3o p\u00fablica de sua vida santa e uni\u00e3o com Deus. Os santos devem encorajar-nos em nossa luta di\u00e1ria pela santidade e nos mostrar o caminho a seguir.<\/p>\n<\/div>\n","protected":false},"excerpt":{"rendered":"<p>O processo de canoniza\u00e7\u00e3o pode variar, dependendo do santo e da hist\u00f3ria dele Um santo canonizado pela Igreja Cat\u00f3lica \u00e9 algu\u00e9m que teve uma vida de virtude her\u00f3ica, cujo exemplo \u00e9 particularmente edificante para os fi\u00e9is crist\u00e3os. Nem todo mundo \u00e9 declarado \u201csanto\u201d, mas isso n\u00e3o significa que eles n\u00e3o tenham desfrutado da vis\u00e3o beat\u00edfica [&hellip;]<\/p>\n","protected":false},"author":1,"featured_media":52211,"comment_status":"open","ping_status":"closed","sticky":false,"template":"","format":"standard","meta":{"footnotes":""},"categories":[4],"tags":[],"class_list":["post-52210","post","type-post","status-publish","format-standard","has-post-thumbnail","hentry","category-cotidiano"],"_links":{"self":[{"href":"https:\/\/catolicanet.net\/wp-cnet\/wp-json\/wp\/v2\/posts\/52210","targetHints":{"allow":["GET"]}}],"collection":[{"href":"https:\/\/catolicanet.net\/wp-cnet\/wp-json\/wp\/v2\/posts"}],"about":[{"href":"https:\/\/catolicanet.net\/wp-cnet\/wp-json\/wp\/v2\/types\/post"}],"author":[{"embeddable":true,"href":"https:\/\/catolicanet.net\/wp-cnet\/wp-json\/wp\/v2\/users\/1"}],"replies":[{"embeddable":true,"href":"https:\/\/catolicanet.net\/wp-cnet\/wp-json\/wp\/v2\/comments?post=52210"}],"version-history":[{"count":1,"href":"https:\/\/catolicanet.net\/wp-cnet\/wp-json\/wp\/v2\/posts\/52210\/revisions"}],"predecessor-version":[{"id":52212,"href":"https:\/\/catolicanet.net\/wp-cnet\/wp-json\/wp\/v2\/posts\/52210\/revisions\/52212"}],"wp:featuredmedia":[{"embeddable":true,"href":"https:\/\/catolicanet.net\/wp-cnet\/wp-json\/wp\/v2\/media\/52211"}],"wp:attachment":[{"href":"https:\/\/catolicanet.net\/wp-cnet\/wp-json\/wp\/v2\/media?parent=52210"}],"wp:term":[{"taxonomy":"category","embeddable":true,"href":"https:\/\/catolicanet.net\/wp-cnet\/wp-json\/wp\/v2\/categories?post=52210"},{"taxonomy":"post_tag","embeddable":true,"href":"https:\/\/catolicanet.net\/wp-cnet\/wp-json\/wp\/v2\/tags?post=52210"}],"curies":[{"name":"wp","href":"https:\/\/api.w.org\/{rel}","templated":true}]}}