{"id":52204,"date":"2019-08-09T14:52:48","date_gmt":"2019-08-09T17:52:48","guid":{"rendered":"http:\/\/catolicanet.net\/wp-cnet\/?p=52204"},"modified":"2019-08-09T14:54:32","modified_gmt":"2019-08-09T17:54:32","slug":"agosto-mes-no-qual-se-comemora-a-diversidade-e-a-riqueza-das-vocacoes-e-ministerios","status":"publish","type":"post","link":"https:\/\/catolicanet.net\/wp-cnet\/agosto-mes-no-qual-se-comemora-a-diversidade-e-a-riqueza-das-vocacoes-e-ministerios\/","title":{"rendered":"Agosto, m\u00eas no qual se comemora a diversidade e a riqueza das voca\u00e7\u00f5es e minist\u00e9rios"},"content":{"rendered":"<p>A Igreja no Brasil celebra uma experi\u00eancia bel\u00edssima que acontece sempre em agosto, m\u00eas no qual se comemora a diversidade e a riqueza das voca\u00e7\u00f5es e dos minist\u00e9rios que est\u00e3o a servi\u00e7o do povo crist\u00e3o. Neste domingo, por exemplo, dia 11, \u00e9 exaltada a voca\u00e7\u00e3o para a vida e a fam\u00edlia, com aten\u00e7\u00e3o especial aos pais.<\/p>\n<p>O bispo auxiliar de Manaus e presidente da Pastoral Vocacional, dom Jos\u00e9 Albuquerque faz um convite para que todos se empenhem \u201cnesse grande mutir\u00e3o de ora\u00e7\u00e3o, celebrando, procurando refletir e dando continuidade a essa caminhada t\u00e3o bonita que se faz n\u00e3o s\u00f3 no m\u00eas de agosto\u201d.<\/p>\n<p>O prelado lembra tamb\u00e9m que o m\u00eas vocacional n\u00e3o deve ser apenas uma tarefa da Pastoral Vocacional, mas de toda a Igreja e for\u00e7as vivas, para que segundo ele, todos possam celebrar a alegria de ser chamado a servir a Cristo aonde quer que esteja.<\/p>\n<p>Confira, abaixo, a entrevista completa com o dom Jos\u00e9 Albuquerque:<\/p>\n<p><iframe loading=\"lazy\" width=\"696\" height=\"392\" src=\"https:\/\/www.youtube.com\/embed\/YZk7aQylQhk?feature=oembed\" frameborder=\"0\" allow=\"accelerometer; autoplay; encrypted-media; gyroscope; picture-in-picture\" allowfullscreen><\/iframe><\/p>\n","protected":false},"excerpt":{"rendered":"<p>A Igreja no Brasil celebra uma experi\u00eancia bel\u00edssima que acontece sempre em agosto, m\u00eas no qual se comemora a diversidade e a riqueza das voca\u00e7\u00f5es e dos minist\u00e9rios que est\u00e3o a servi\u00e7o do povo crist\u00e3o. Neste domingo, por exemplo, dia 11, \u00e9 exaltada a voca\u00e7\u00e3o para a vida e a fam\u00edlia, com aten\u00e7\u00e3o especial aos [&hellip;]<\/p>\n","protected":false},"author":1,"featured_media":52206,"comment_status":"open","ping_status":"closed","sticky":false,"template":"","format":"standard","meta":{"footnotes":""},"categories":[7],"tags":[],"class_list":["post-52204","post","type-post","status-publish","format-standard","has-post-thumbnail","hentry","category-cnbb"],"_links":{"self":[{"href":"https:\/\/catolicanet.net\/wp-cnet\/wp-json\/wp\/v2\/posts\/52204","targetHints":{"allow":["GET"]}}],"collection":[{"href":"https:\/\/catolicanet.net\/wp-cnet\/wp-json\/wp\/v2\/posts"}],"about":[{"href":"https:\/\/catolicanet.net\/wp-cnet\/wp-json\/wp\/v2\/types\/post"}],"author":[{"embeddable":true,"href":"https:\/\/catolicanet.net\/wp-cnet\/wp-json\/wp\/v2\/users\/1"}],"replies":[{"embeddable":true,"href":"https:\/\/catolicanet.net\/wp-cnet\/wp-json\/wp\/v2\/comments?post=52204"}],"version-history":[{"count":1,"href":"https:\/\/catolicanet.net\/wp-cnet\/wp-json\/wp\/v2\/posts\/52204\/revisions"}],"predecessor-version":[{"id":52205,"href":"https:\/\/catolicanet.net\/wp-cnet\/wp-json\/wp\/v2\/posts\/52204\/revisions\/52205"}],"wp:featuredmedia":[{"embeddable":true,"href":"https:\/\/catolicanet.net\/wp-cnet\/wp-json\/wp\/v2\/media\/52206"}],"wp:attachment":[{"href":"https:\/\/catolicanet.net\/wp-cnet\/wp-json\/wp\/v2\/media?parent=52204"}],"wp:term":[{"taxonomy":"category","embeddable":true,"href":"https:\/\/catolicanet.net\/wp-cnet\/wp-json\/wp\/v2\/categories?post=52204"},{"taxonomy":"post_tag","embeddable":true,"href":"https:\/\/catolicanet.net\/wp-cnet\/wp-json\/wp\/v2\/tags?post=52204"}],"curies":[{"name":"wp","href":"https:\/\/api.w.org\/{rel}","templated":true}]}}