{"id":52199,"date":"2019-08-10T08:00:24","date_gmt":"2019-08-10T11:00:24","guid":{"rendered":"http:\/\/catolicanet.net\/wp-cnet\/?p=52199"},"modified":"2019-08-09T14:46:33","modified_gmt":"2019-08-09T17:46:33","slug":"a-familia-como-vai","status":"publish","type":"post","link":"https:\/\/catolicanet.net\/wp-cnet\/a-familia-como-vai\/","title":{"rendered":"A fam\u00edlia, como vai?"},"content":{"rendered":"<p>Na semana que segue \u201cO Dia dos Pais\u201d, a Igreja realiza a \u201cSemana Nacional da Fam\u00edlia\u201d, que neste ano, tem como tema: \u201cA fam\u00edlia, como vai?\u201d Retoma a pergunta da Campanha da Fraternidade de 1994. A Exorta\u00e7\u00e3o Apost\u00f3lica \u201cAmoris Laetitia: sobre o amor na fam\u00edlia\u201d do Papa Francisco, de 19 de mar\u00e7o de 2016, fruto de escuta de pessoas do mundo inteiro, revela a vis\u00e3o cat\u00f3lica sobre a fam\u00edlia, na qual se inspira a presente reflex\u00e3o.<\/p>\n<p>Todo tempo e esfor\u00e7o dedicado para tratar da fam\u00edlia, que tem suas luzes e sombras, \u00e9 pouco. Um assunto que envolve uma complexidade de situa\u00e7\u00f5es tem necessidade de ser aprofundado, com liberdade, envolvendo diferentes ci\u00eancias e perspectivas. O \u201ctempo \u00e9 superior ao espa\u00e7o\u201d (n\u00ba 3), isto \u00e9, nenhuma abordagem consegue responder plenamente a todas as situa\u00e7\u00f5es familiares. A seguir, o papa, se prop\u00f5e oferecer na Amoris Laetitia \u201cconsidera\u00e7\u00f5es que possam orientar a reflex\u00e3o, o di\u00e1logo ou a pr\u00e1xis pastoral, e simultaneamente ofere\u00e7a coragem, est\u00edmulo e ajuda \u00e0s fam\u00edlias na doa\u00e7\u00e3o e nas suas dificuldades (n\u00ba 4)\u201d.<\/p>\n<p>\u00c9 extremamente f\u00e1cil fazer lamenta\u00e7\u00f5es elencando os problemas e desafios das fam\u00edlias. Ver e se conscientizar dos problemas \u00e9 necess\u00e1rio, mas n\u00e3o \u00e9 o suficiente, pois \u00e9 preciso \u201csentir-se chamado a cuidar com amor da vida das fam\u00edlias, porque elas \u2018n\u00e3o s\u00e3o um problema, s\u00e3o sobretudo uma oportunidade\u201d (n\u00ba 7). Cuidar \u00e9 trabalhoso, mas \u00e9 a \u00fanica maneira de construir, de sarar feridas e aproximar vidas.<\/p>\n<p>\u201cA alegria do amor que se vive nas fam\u00edlias \u00e9 tamb\u00e9m o j\u00fabilo da Igreja\u201d (n\u00ba 1). O grande apre\u00e7o da Igreja pela institui\u00e7\u00e3o natural da fam\u00edlia e pela necessidade de ser cuidada, a partir da f\u00e9 em Jesus Cristo, os esposos crist\u00e3os recebem o Sacramento do Matrim\u00f4nio, como sinal sacramental, isto \u00e9 o amor que Cristo tem pela Igreja. Da\u00ed nasce a defini\u00e7\u00e3o de matrim\u00f4nio como comunidade de vida e amor conjugal, em primeiro lugar para o bem dos pr\u00f3prios esposos. O amor entre marido e mulher implica a m\u00fatua doa\u00e7\u00e3o de si mesmo, incluindo e integrando todas as dimens\u00f5es do ser humano. O casal como comunidade de amor est\u00e1 aberto para a gera\u00e7\u00e3o de filhos, com consci\u00eancia e paternidade respons\u00e1vel. \u201cO exerc\u00edcio da paternidade respons\u00e1vel implica, portanto, que os c\u00f4njuges reconhe\u00e7am plenamente os pr\u00f3prios deveres para com Deus, para consigo mesmos, para com a fam\u00edlia e para com a sociedade, em uma justa hierarquia de valores\u201d (n\u00ba 68).<\/p>\n<p>Formar uma fam\u00edlia \u00e9 assumir uma miss\u00e3o e, para tal, deve ser fruto de um discernimento. Discernir \u00e9 a capacidade de dividir em profundidade, de penetrar no interior, de simpatizar, de avaliar, colocar \u00e0 prova, distinguir, julgar. Um bom discernimento \u00e9 feito quando a pessoa se confia a um guia, para n\u00e3o seguir somente a vontade pr\u00f3pria e confiar-se na intui\u00e7\u00e3o individual. O casal crist\u00e3o faz seu discernimento com uma expl\u00edcita refer\u00eancia \u00e0 vontade de Deus, perguntando qual a Sua vontade sobre o casal aqui, agora e nestas circunst\u00e2ncias. A complexidade do cotidiano da vida familiar para fazer as escolhas, operar bem, requer discernimento para ser uma op\u00e7\u00e3o livre e respons\u00e1vel.<\/p>\n<p>\u201cFam\u00edlia \u00e9 o santu\u00e1rio da vida, o lugar onde a vida \u00e9 gerada e cuidada\u201d (n\u00ba 83). A Igreja \u00e9 convidada a desenvolver uma Pastoral Familiar para anunciar o Evangelho da fam\u00edlia, propor o valor e a riqueza do matrim\u00f4nio, em particular aos jovens e noivos, dispor-se para acompanhar os casais, especialmente nos primeiros anos de vida matrimonial. Tamb\u00e9m fazer-se presente, aproximar-se para iluminar as crises, ang\u00fastias e dificuldades.<\/p>\n<p>Deus aben\u00e7oe os pais e atrav\u00e9s deles todas as fam\u00edlias.<\/p>\n<p>&nbsp;<\/p>\n","protected":false},"excerpt":{"rendered":"<p>Na semana que segue \u201cO Dia dos Pais\u201d, a Igreja realiza a \u201cSemana Nacional da Fam\u00edlia\u201d, que neste ano, tem como tema: \u201cA fam\u00edlia, como vai?\u201d Retoma a pergunta da Campanha da Fraternidade de 1994. A Exorta\u00e7\u00e3o Apost\u00f3lica \u201cAmoris Laetitia: sobre o amor na fam\u00edlia\u201d do Papa Francisco, de 19 de mar\u00e7o de 2016, fruto [&hellip;]<\/p>\n","protected":false},"author":18,"featured_media":32780,"comment_status":"open","ping_status":"closed","sticky":false,"template":"","format":"standard","meta":{"footnotes":""},"categories":[9],"tags":[],"class_list":["post-52199","post","type-post","status-publish","format-standard","has-post-thumbnail","hentry","category-artigos"],"_links":{"self":[{"href":"https:\/\/catolicanet.net\/wp-cnet\/wp-json\/wp\/v2\/posts\/52199","targetHints":{"allow":["GET"]}}],"collection":[{"href":"https:\/\/catolicanet.net\/wp-cnet\/wp-json\/wp\/v2\/posts"}],"about":[{"href":"https:\/\/catolicanet.net\/wp-cnet\/wp-json\/wp\/v2\/types\/post"}],"author":[{"embeddable":true,"href":"https:\/\/catolicanet.net\/wp-cnet\/wp-json\/wp\/v2\/users\/18"}],"replies":[{"embeddable":true,"href":"https:\/\/catolicanet.net\/wp-cnet\/wp-json\/wp\/v2\/comments?post=52199"}],"version-history":[{"count":1,"href":"https:\/\/catolicanet.net\/wp-cnet\/wp-json\/wp\/v2\/posts\/52199\/revisions"}],"predecessor-version":[{"id":52200,"href":"https:\/\/catolicanet.net\/wp-cnet\/wp-json\/wp\/v2\/posts\/52199\/revisions\/52200"}],"wp:featuredmedia":[{"embeddable":true,"href":"https:\/\/catolicanet.net\/wp-cnet\/wp-json\/wp\/v2\/media\/32780"}],"wp:attachment":[{"href":"https:\/\/catolicanet.net\/wp-cnet\/wp-json\/wp\/v2\/media?parent=52199"}],"wp:term":[{"taxonomy":"category","embeddable":true,"href":"https:\/\/catolicanet.net\/wp-cnet\/wp-json\/wp\/v2\/categories?post=52199"},{"taxonomy":"post_tag","embeddable":true,"href":"https:\/\/catolicanet.net\/wp-cnet\/wp-json\/wp\/v2\/tags?post=52199"}],"curies":[{"name":"wp","href":"https:\/\/api.w.org\/{rel}","templated":true}]}}