{"id":52160,"date":"2019-08-08T13:21:55","date_gmt":"2019-08-08T16:21:55","guid":{"rendered":"http:\/\/catolicanet.net\/wp-cnet\/?p=52160"},"modified":"2019-08-08T13:21:55","modified_gmt":"2019-08-08T16:21:55","slug":"santuario-abre-vagas-de-voluntariado-para-festa-da-padroeira","status":"publish","type":"post","link":"https:\/\/catolicanet.net\/wp-cnet\/santuario-abre-vagas-de-voluntariado-para-festa-da-padroeira\/","title":{"rendered":"Santu\u00e1rio abre vagas de voluntariado para Festa da Padroeira"},"content":{"rendered":"<h2>Profissionais e estudantes de diversas \u00e1reas podem se inscrever at\u00e9 12 de setembro<\/h2>\n<div class=\"image\" contenteditable=\"false\"><span class=\"image__subtitle\" data-subtitle-origin=\"0\">Durante per\u00edodo festivo, peregrina\u00e7\u00f5es a p\u00e9 se intensificam<\/span><\/div>\n<p>O Santu\u00e1rio Nacional de Aparecida abriu esta semana inscri\u00e7\u00f5es para trabalho volunt\u00e1rio de acolhida aos romeiros durante o per\u00edodo da Novena e Festa da Padroeira do Brasil 2019. As vagas s\u00e3o voltadas para estudantes e profissionais das \u00e1reas de massoterapia, enfermagem, fisioterapia, medicina, administra\u00e7\u00e3o e \u00e1reas afins. O trabalho ser\u00e1 realizado em outubro, nos dias 5 e 6 e de 11 a 13.<\/p>\n<p>Os volunt\u00e1rios v\u00e3o atuar na Tenda dos Peregrinos. Pelo terceiro ano, o espa\u00e7o vai acolher e prestar atendimento para quem vem a p\u00e9 ou de bicicleta a Aparecida. No espa\u00e7o ser\u00e3o oferecidos servi\u00e7os de massagem, fisioterapia, verifica\u00e7\u00e3o de sinais vitais, como aferi\u00e7\u00e3o de press\u00e3o arterial, curativos e outras orienta\u00e7\u00f5es gerais que forem necess\u00e1rias.<\/p>\n<p>Quem atuar no servi\u00e7o volunt\u00e1rio aos peregrinos recebe do Santu\u00e1rio Nacional, al\u00e9m dos materiais necess\u00e1rios para o exerc\u00edcio da fun\u00e7\u00e3o, alimenta\u00e7\u00e3o e libera\u00e7\u00e3o do estacionamento. Estudantes que participarem da realiza\u00e7\u00e3o dos atendimentos recebem ainda uma declara\u00e7\u00e3o de horas de est\u00e1gio.<\/p>\n<p>As inscri\u00e7\u00f5es acontecem at\u00e9 o dia 12 de setembro pelo site www.a12.com\/santuario\/tenda-dos-peregrinos. L\u00e1 \u00e9 poss\u00edvel preencher os dados e informar os dias e hor\u00e1rios dispon\u00edveis para a atua\u00e7\u00e3o volunt\u00e1ria. Mais informa\u00e7\u00f5es tamb\u00e9m podem ser obtidas no telefone (12) 3104-1694.<\/p>\n","protected":false},"excerpt":{"rendered":"<p>Profissionais e estudantes de diversas \u00e1reas podem se inscrever at\u00e9 12 de setembro Durante per\u00edodo festivo, peregrina\u00e7\u00f5es a p\u00e9 se intensificam O Santu\u00e1rio Nacional de Aparecida abriu esta semana inscri\u00e7\u00f5es para trabalho volunt\u00e1rio de acolhida aos romeiros durante o per\u00edodo da Novena e Festa da Padroeira do Brasil 2019. As vagas s\u00e3o voltadas para estudantes [&hellip;]<\/p>\n","protected":false},"author":1,"featured_media":52161,"comment_status":"open","ping_status":"closed","sticky":false,"template":"","format":"standard","meta":{"footnotes":""},"categories":[4],"tags":[],"class_list":["post-52160","post","type-post","status-publish","format-standard","has-post-thumbnail","hentry","category-cotidiano"],"_links":{"self":[{"href":"https:\/\/catolicanet.net\/wp-cnet\/wp-json\/wp\/v2\/posts\/52160","targetHints":{"allow":["GET"]}}],"collection":[{"href":"https:\/\/catolicanet.net\/wp-cnet\/wp-json\/wp\/v2\/posts"}],"about":[{"href":"https:\/\/catolicanet.net\/wp-cnet\/wp-json\/wp\/v2\/types\/post"}],"author":[{"embeddable":true,"href":"https:\/\/catolicanet.net\/wp-cnet\/wp-json\/wp\/v2\/users\/1"}],"replies":[{"embeddable":true,"href":"https:\/\/catolicanet.net\/wp-cnet\/wp-json\/wp\/v2\/comments?post=52160"}],"version-history":[{"count":1,"href":"https:\/\/catolicanet.net\/wp-cnet\/wp-json\/wp\/v2\/posts\/52160\/revisions"}],"predecessor-version":[{"id":52162,"href":"https:\/\/catolicanet.net\/wp-cnet\/wp-json\/wp\/v2\/posts\/52160\/revisions\/52162"}],"wp:featuredmedia":[{"embeddable":true,"href":"https:\/\/catolicanet.net\/wp-cnet\/wp-json\/wp\/v2\/media\/52161"}],"wp:attachment":[{"href":"https:\/\/catolicanet.net\/wp-cnet\/wp-json\/wp\/v2\/media?parent=52160"}],"wp:term":[{"taxonomy":"category","embeddable":true,"href":"https:\/\/catolicanet.net\/wp-cnet\/wp-json\/wp\/v2\/categories?post=52160"},{"taxonomy":"post_tag","embeddable":true,"href":"https:\/\/catolicanet.net\/wp-cnet\/wp-json\/wp\/v2\/tags?post=52160"}],"curies":[{"name":"wp","href":"https:\/\/api.w.org\/{rel}","templated":true}]}}