{"id":52157,"date":"2019-08-08T11:31:08","date_gmt":"2019-08-08T14:31:08","guid":{"rendered":"http:\/\/catolicanet.net\/wp-cnet\/?p=52157"},"modified":"2019-08-08T11:31:08","modified_gmt":"2019-08-08T14:31:08","slug":"criam-capela-movel-para-combater-indiferenca-religiosa-no-uruguai","status":"publish","type":"post","link":"https:\/\/catolicanet.net\/wp-cnet\/criam-capela-movel-para-combater-indiferenca-religiosa-no-uruguai\/","title":{"rendered":"Criam capela m\u00f3vel para combater indiferen\u00e7a religiosa no Uruguai"},"content":{"rendered":"<p>Com o objetivo de combater a indiferen\u00e7a religiosa, uma capela m\u00f3vel foi inaugurada em 4 de agosto e circular\u00e1 no bairro Malv\u00edn Nuevo, em Montevid\u00e9u (Uruguai).<\/p>\n<p>Pe. Omar Franca, p\u00e1roco de Santa Bernadette, explicou ao Grupo ACI que foi iniciativa da comunidade levar a ora\u00e7\u00e3o \u00e0s feiras do bairro, onde circulam muitas pessoas para comprar frutas e verduras e \u201cexiste um bom ambiente de intera\u00e7\u00e3o&#8221;.<\/p>\n<p>A capela m\u00f3vel visa incentivar as pessoas que n\u00e3o frequentam a igreja por falta de tempo ou inseguran\u00e7a a rezar, mas, sobretudo, visa combater \u201ca indiferen\u00e7a em rela\u00e7\u00e3o ao religioso\u201d, disse o sacerdote.<\/p>\n<p>A iniciativa surge em um pa\u00eds com mais de 100 anos de seculariza\u00e7\u00e3o, onde, segundo uma pesquisa realizada em fevereiro de 2019, apenas 38% se declaram cat\u00f3licos e onde as celebra\u00e7\u00f5es cat\u00f3licas como o Natal ou a Semana Santa foram substitu\u00eddas pelo Dia da Fam\u00edlia e pela Semana do Turismo, respectivamente.<\/p>\n<p>Por isso, Pe. Franca disse que querem ser uma \u201cIgreja em sa\u00edda, levar a Igreja para onde est\u00e3o as pessoas. Assim como h\u00e1 unidades m\u00f3veis de cuidados intensivos m\u00e9dicos, que atendem doentes, a capela m\u00f3vel quer levar Deus e a Igreja para onde as pessoas est\u00e3o\u201d.<\/p>\n<p><iframe loading=\"lazy\" src=\"https:\/\/www.facebook.com\/plugins\/video.php?href=https%3A%2F%2Fwww.facebook.com%2FParroq.StaBernardita%2Fvideos%2F2714350451909122%2F&amp;show_text=0&amp;width=560\" width=\"560\" height=\"308\" frameborder=\"0\" scrolling=\"no\" allowfullscreen=\"allowfullscreen\" data-mce-fragment=\"1\"><\/iframe><\/p>\n<p>Pe. Franca explicou que a elabora\u00e7\u00e3o da capela m\u00f3vel durou dois meses e meio e \u00e9 o resultado da colabora\u00e7\u00e3o de muitos doadores. Primeiro, foi preciso comprar um caminh\u00e3o ba\u00fa e arrumar dentro dele duas poltronas, imagens religiosas, um vitral do Sagrado Cora\u00e7\u00e3o, uma b\u00edblia e ora\u00e7\u00f5es.<\/p>\n<p>A capela m\u00f3vel tem c\u00e2meras internas para manter a seguran\u00e7a e tem as permiss\u00f5es necess\u00e1rias para circular.<\/p>\n<p>O espa\u00e7o pode ser acessado por uma escada met\u00e1lica de tr\u00eas degraus com corrim\u00e3os, depois atravessa-se uma cortina que, junto com as duas janelas laterais, permitem a passagem da luz.<\/p>\n<p>Na cabine do motorista, Pe. Franca dedica duas a tr\u00eas horas por dia para conversar ou resolver d\u00favidas espirituais com as pessoas e atender confiss\u00f5es.<\/p>\n<p>O sacerdote disse que tamb\u00e9m distribuem panfletos para explicar o significado da iniciativa e convidam os fi\u00e9is da par\u00f3quia a viver este momento de ora\u00e7\u00e3o para que outros vizinhos vejam e se animem.<\/p>\n<p>A capela m\u00f3vel circular\u00e1 tr\u00eas vezes por semana pelas feiras localizadas nas ruas Acegu\u00e1, Dalmiro Costa e Santiago de Anca.<\/p>\n<p>No mesmo dia em que a capela m\u00f3vel come\u00e7ou a funcionar, a par\u00f3quia de Santa Bernadette inaugurou seu primeiro campan\u00e1rio.<\/p>\n<p>A constru\u00e7\u00e3o do campan\u00e1rio foi administrada pelo p\u00e1roco anterior. A estrutura de oito metros de altura foi feita com quatro trilhos que serviram para a circula\u00e7\u00e3o de bondes at\u00e9 1957.<\/p>\n","protected":false},"excerpt":{"rendered":"<p>Com o objetivo de combater a indiferen\u00e7a religiosa, uma capela m\u00f3vel foi inaugurada em 4 de agosto e circular\u00e1 no bairro Malv\u00edn Nuevo, em Montevid\u00e9u (Uruguai). Pe. Omar Franca, p\u00e1roco de Santa Bernadette, explicou ao Grupo ACI que foi iniciativa da comunidade levar a ora\u00e7\u00e3o \u00e0s feiras do bairro, onde circulam muitas pessoas para comprar [&hellip;]<\/p>\n","protected":false},"author":1,"featured_media":52158,"comment_status":"open","ping_status":"closed","sticky":false,"template":"","format":"standard","meta":{"footnotes":""},"categories":[4],"tags":[],"class_list":["post-52157","post","type-post","status-publish","format-standard","has-post-thumbnail","hentry","category-cotidiano"],"_links":{"self":[{"href":"https:\/\/catolicanet.net\/wp-cnet\/wp-json\/wp\/v2\/posts\/52157","targetHints":{"allow":["GET"]}}],"collection":[{"href":"https:\/\/catolicanet.net\/wp-cnet\/wp-json\/wp\/v2\/posts"}],"about":[{"href":"https:\/\/catolicanet.net\/wp-cnet\/wp-json\/wp\/v2\/types\/post"}],"author":[{"embeddable":true,"href":"https:\/\/catolicanet.net\/wp-cnet\/wp-json\/wp\/v2\/users\/1"}],"replies":[{"embeddable":true,"href":"https:\/\/catolicanet.net\/wp-cnet\/wp-json\/wp\/v2\/comments?post=52157"}],"version-history":[{"count":1,"href":"https:\/\/catolicanet.net\/wp-cnet\/wp-json\/wp\/v2\/posts\/52157\/revisions"}],"predecessor-version":[{"id":52159,"href":"https:\/\/catolicanet.net\/wp-cnet\/wp-json\/wp\/v2\/posts\/52157\/revisions\/52159"}],"wp:featuredmedia":[{"embeddable":true,"href":"https:\/\/catolicanet.net\/wp-cnet\/wp-json\/wp\/v2\/media\/52158"}],"wp:attachment":[{"href":"https:\/\/catolicanet.net\/wp-cnet\/wp-json\/wp\/v2\/media?parent=52157"}],"wp:term":[{"taxonomy":"category","embeddable":true,"href":"https:\/\/catolicanet.net\/wp-cnet\/wp-json\/wp\/v2\/categories?post=52157"},{"taxonomy":"post_tag","embeddable":true,"href":"https:\/\/catolicanet.net\/wp-cnet\/wp-json\/wp\/v2\/tags?post=52157"}],"curies":[{"name":"wp","href":"https:\/\/api.w.org\/{rel}","templated":true}]}}