{"id":52119,"date":"2019-08-07T15:42:18","date_gmt":"2019-08-07T18:42:18","guid":{"rendered":"http:\/\/catolicanet.net\/wp-cnet\/?p=52119"},"modified":"2019-08-07T15:42:18","modified_gmt":"2019-08-07T18:42:18","slug":"igreja-no-brasil-celebra-a-partir-de-domingo-a-semana-nacional-da-familia","status":"publish","type":"post","link":"https:\/\/catolicanet.net\/wp-cnet\/igreja-no-brasil-celebra-a-partir-de-domingo-a-semana-nacional-da-familia\/","title":{"rendered":"Igreja no Brasil celebra a partir de domingo a Semana Nacional da Fam\u00edlia"},"content":{"rendered":"<p>Tem in\u00edcio no pr\u00f3ximo domingo, 11 de agosto, quando \u00e9 celebrado o Dia dos Pais, a Semana Nacional da Fam\u00edlia, que neste ano tem como tema \u201cA fam\u00edlia, como vai?\u201d.<\/p>\n<p>A Semana Nacional da Fam\u00edlia \u00e9 promovida pela Comiss\u00e3o Nacional da Pastoral Familiar (CNPF) e Comiss\u00e3o Episcopal Pastoral para a vida e a Fam\u00edlia, da Confer\u00eancia Nacional dos Bispos do Brasil (CNBB). Trata-se de um evento anual, que j\u00e1 faz parte do calend\u00e1rio das diversas dioceses e paroquias do pa\u00eds.<\/p>\n<p>Esta iniciativa teve in\u00edcio em 1992, como resposta ao desejo de se fazer alguma coisa em defesa e promo\u00e7\u00e3o da fam\u00edlia, cujos valores v\u00eam sendo agredidos sistematicamente na sociedade. \u00c9 realizada sempre na segunda semana de agosto, m\u00eas vocacional, tendo in\u00edcio com o Dia dos Pais e o domingo em que a igreja no pa\u00eds celebra a voca\u00e7\u00e3o matrimonial.<\/p>\n<p>Conforme assinala o site da CNPF, com o tema deste ano, busca-se \u201cindicar a necessidade da fam\u00edlia vivenciar uma profunda experi\u00eancia de Jesus e da sua Palavra para conseguir vencer os desafios e dificuldades que encontra em seu caminho, e assim compreender seu papel evangelizador na Igreja e na sociedade\u201d.<\/p>\n<p>Para o assessor nacional da Comiss\u00e3o Vida e Fam\u00edlia, Padre Jorge Alves Filho, esta pergunta, \u201cA fam\u00edlia, como vai?\u201d, continua sendo \u201ctamb\u00e9m para a Igreja um desafio n\u00e3o s\u00f3 por causa da complexidade que responder a ela envolve, mas principalmente porque tamb\u00e9m o mundo parece esperar a resposta para ajud\u00e1-lo a n\u00e3o ferir mais a pr\u00f3pria fam\u00edlia que, n\u00e3o deixou de ser a c\u00e9lula da sociedade\u201d.<\/p>\n<p>O pr\u00f3prio Papa Francisco, em diversas ocasi\u00f5es, tem manifestado seu apoio e ora\u00e7\u00e3o pelas fam\u00edlias. Neste m\u00eas de agosto, por exemplo, em seu v\u00eddeo de inten\u00e7\u00f5es de ora\u00e7\u00f5es, pediu que se reze pelas fam\u00edlias.<\/p>\n<p>\u201cRezemos pelas fam\u00edlias para que gra\u00e7as a uma vida de amor se tornem cada vez mais laborat\u00f3rios de humaniza\u00e7\u00e3o\u201d, exortou o Santo Padre, pedindo tamb\u00e9m que \u201ccuidemos das fam\u00edlias, porque s\u00e3o verdadeiras escolas do amanh\u00e3, s\u00e3o espa\u00e7os de liberdade, s\u00e3o centros de humanidade\u201d.<\/p>\n<p>Al\u00e9m disso, o Pont\u00edfice, inclusive, j\u00e1 convocou um S\u00ednodo Extraordin\u00e1rio e um S\u00ednodo Ordin\u00e1rio sobre a fam\u00edlia, que resultaram na exorta\u00e7\u00e3o apost\u00f3lica p\u00f3s-sinodal Amoris Laetitia.<\/p>\n<p>Ao final deste documento, o Santo Padre deixou a seguinte ora\u00e7\u00e3o \u00e0 Sagrada Fam\u00edlia de Nazar\u00e9, que pode ser rezada por todas as fam\u00edlias:<\/p>\n<p>Jesus, Maria e Jos\u00e9,<br \/>\nem V\u00f3s contemplamos<br \/>\no esplendor do verdadeiro amor,<br \/>\nconfiantes, a V\u00f3s nos consagramos.<\/p>\n<p>Sagrada Fam\u00edlia de Nazar\u00e9,<br \/>\ntornai tamb\u00e9m as nossas fam\u00edlias<br \/>\nlugares de comunh\u00e3o e cen\u00e1culos de ora\u00e7\u00e3o,<br \/>\naut\u00eanticas escolas do Evangelho<br \/>\ne pequenas igrejas dom\u00e9sticas.<\/p>\n<p>Sagrada Fam\u00edlia de Nazar\u00e9,<br \/>\nque nunca mais haja nas fam\u00edlias<br \/>\nepis\u00f3dios de viol\u00eancia, de fechamento e divis\u00e3o;<br \/>\ne quem tiver sido ferido ou escandalizado<br \/>\nseja rapidamente consolado e curado.<\/p>\n<p>Sagrada Fam\u00edlia de Nazar\u00e9,<br \/>\nfazei que todos nos tornemos conscientes<br \/>\ndo car\u00e1ter sagrado e inviol\u00e1vel da fam\u00edlia,<br \/>\nda sua beleza no projeto de Deus.<\/p>\n<p>Jesus, Maria e Jos\u00e9,<br \/>\nouvi-nos e acolhei a nossa s\u00faplica.<\/p>\n<p>Am\u00e9m.<\/p>\n","protected":false},"excerpt":{"rendered":"<p>Tem in\u00edcio no pr\u00f3ximo domingo, 11 de agosto, quando \u00e9 celebrado o Dia dos Pais, a Semana Nacional da Fam\u00edlia, que neste ano tem como tema \u201cA fam\u00edlia, como vai?\u201d. A Semana Nacional da Fam\u00edlia \u00e9 promovida pela Comiss\u00e3o Nacional da Pastoral Familiar (CNPF) e Comiss\u00e3o Episcopal Pastoral para a vida e a Fam\u00edlia, da [&hellip;]<\/p>\n","protected":false},"author":1,"featured_media":52120,"comment_status":"open","ping_status":"closed","sticky":false,"template":"","format":"standard","meta":{"footnotes":""},"categories":[13],"tags":[],"class_list":["post-52119","post","type-post","status-publish","format-standard","has-post-thumbnail","hentry","category-featured"],"_links":{"self":[{"href":"https:\/\/catolicanet.net\/wp-cnet\/wp-json\/wp\/v2\/posts\/52119","targetHints":{"allow":["GET"]}}],"collection":[{"href":"https:\/\/catolicanet.net\/wp-cnet\/wp-json\/wp\/v2\/posts"}],"about":[{"href":"https:\/\/catolicanet.net\/wp-cnet\/wp-json\/wp\/v2\/types\/post"}],"author":[{"embeddable":true,"href":"https:\/\/catolicanet.net\/wp-cnet\/wp-json\/wp\/v2\/users\/1"}],"replies":[{"embeddable":true,"href":"https:\/\/catolicanet.net\/wp-cnet\/wp-json\/wp\/v2\/comments?post=52119"}],"version-history":[{"count":1,"href":"https:\/\/catolicanet.net\/wp-cnet\/wp-json\/wp\/v2\/posts\/52119\/revisions"}],"predecessor-version":[{"id":52121,"href":"https:\/\/catolicanet.net\/wp-cnet\/wp-json\/wp\/v2\/posts\/52119\/revisions\/52121"}],"wp:featuredmedia":[{"embeddable":true,"href":"https:\/\/catolicanet.net\/wp-cnet\/wp-json\/wp\/v2\/media\/52120"}],"wp:attachment":[{"href":"https:\/\/catolicanet.net\/wp-cnet\/wp-json\/wp\/v2\/media?parent=52119"}],"wp:term":[{"taxonomy":"category","embeddable":true,"href":"https:\/\/catolicanet.net\/wp-cnet\/wp-json\/wp\/v2\/categories?post=52119"},{"taxonomy":"post_tag","embeddable":true,"href":"https:\/\/catolicanet.net\/wp-cnet\/wp-json\/wp\/v2\/tags?post=52119"}],"curies":[{"name":"wp","href":"https:\/\/api.w.org\/{rel}","templated":true}]}}