{"id":52110,"date":"2019-08-07T11:22:28","date_gmt":"2019-08-07T14:22:28","guid":{"rendered":"http:\/\/catolicanet.net\/wp-cnet\/?p=52110"},"modified":"2019-08-07T11:22:28","modified_gmt":"2019-08-07T14:22:28","slug":"o-milagre-de-hiroshima-jesuitas-sobreviveram-a-bomba-atomica-gracas-ao-rosario-2","status":"publish","type":"post","link":"https:\/\/catolicanet.net\/wp-cnet\/o-milagre-de-hiroshima-jesuitas-sobreviveram-a-bomba-atomica-gracas-ao-rosario-2\/","title":{"rendered":"O Milagre de Hiroshima: Jesu\u00edtas sobreviveram \u00e0 bomba at\u00f4mica gra\u00e7as ao Ros\u00e1rio"},"content":{"rendered":"<p>H\u00e1 74 anos aconteceu a explos\u00e3o da bomba at\u00f4mica em Hiroshima, um dos epis\u00f3dios mais dram\u00e1ticos na hist\u00f3ria da humanidade. No dia 6 de agosto de 1945, festa da Transfigura\u00e7\u00e3o, muito perto de onde caiu a bomba \u201cLittle Boy\u201d, quatro sacerdotes jesu\u00edtas alem\u00e3es sobreviveram a esta cat\u00e1strofe e a radia\u00e7\u00e3o \u2013 que matou milhares de pessoas nos meses seguintes \u2013 n\u00e3o causou nenhum efeito neles. Esta hist\u00f3ria, documentada por historiadores e m\u00e9dicos, \u00e9 conhecida como o Milagre de Hiroshima.<\/p>\n<p>Os jesu\u00edtas Hugo Lassalle, superior no Jap\u00e3o, Hubert Schiffer, Wilhelm Kleinsorge e Hubert Cieslik, estavam na casa paroquial da igreja jesu\u00edta de Nossa Senhora da Assun\u00e7\u00e3o, em um dos poucos edif\u00edcios que resistiu \u00e0 bomba. No momento da explos\u00e3o, um dos jesu\u00edtas estava celebrando a Eucaristia, outro tomando caf\u00e9 da manh\u00e3 e o outros estavam nos arredores da par\u00f3quia.<\/p>\n<p>Conforme escreveu o Pe. Hubert Cieslik em um jornal, somente sofreram pequenos ferimentos por causa de cristais quebrados, mas nenhum efeito da radia\u00e7\u00e3o, nenhuma perda de audi\u00e7\u00e3o, nem qualquer outro dano.<\/p>\n<p>Os m\u00e9dicos que atenderam os jesu\u00edtas, alguns dias ap\u00f3s a explos\u00e3o da bomba, lhes advertiram que a radia\u00e7\u00e3o recebida lhes causaria les\u00f5es graves, assim como doen\u00e7as e inclusive uma morte prematura.<\/p>\n<p>Mas, este progn\u00f3stico nunca aconteceu. N\u00e3o desenvolveram nenhum transtorno e em 1976, exatamente 31 anos ap\u00f3s a explos\u00e3o da bomba, o Pe. Schiffer foi ao Congresso Eucar\u00edstico na Filad\u00e9lfia, relatou sua hist\u00f3ria e disse que os quatro jesu\u00edtas ainda estavam vivos e sem nenhuma doen\u00e7a. Foram examinados por dezenas de doutores cerca de 200 vezes ao longo dos anos seguintes e nunca encontraram em seus corpos qualquer consequ\u00eancia da radia\u00e7\u00e3o.<\/p>\n<p>Os quatro religiosos nunca duvidaram de que tinham gozado da prote\u00e7\u00e3o divina e, em particular, da Virgem: \u201cN\u00f3s acreditamos que sobrevivemos porque est\u00e1vamos vivendo a Mensagem de F\u00e1tima. N\u00f3s viv\u00edamos e rez\u00e1vamos o Ros\u00e1rio diariamente naquela casa\u201d, explicaram.<\/p>\n<p>O Pe. Schiffer escreveu \u201cO Ros\u00e1rio de Hiroshima\u201d, um livro por meio do qual relata tudo o que ele vivenciou.<\/p>\n<p>Em 2015, ao recordar os 70 anos da explos\u00e3o at\u00f4mica em Hiroshima, o Bispo de Niigata e Presidente da C\u00e1ritas \u00c1sia, Dom Tarcisius Isao Kikuchi, difundiu uma mensagem na qual sublinhou que o Jap\u00e3o pode contribuir \u00e0 paz \u201cn\u00e3o com novas armas, mas com suas atividades de nobreza e grande hist\u00f3ria no crescimento mundial, de maneira particular nas consideradas na\u00e7\u00f5es em via de desenvolvimento\u201d.<\/p>\n<p>O Prelado acrescentou que \u201ccom esta contribui\u00e7\u00e3o ao desenvolvimento, que leva a pleno respeito e \u00e0 realiza\u00e7\u00e3o da dignidade humana, seria muito apreciado e respeitado pela comunidade internacional\u201d. Todos os anos, entre os dias 5 e 15 de agosto, o pa\u00eds celebra uma Ora\u00e7\u00e3o pela Paz.<\/p>\n<p>Em Hiroshima e Nagasaki morreram cerca de 246 mil pessoas, a metade faleceu no momento do impacto e o resto das pessoas algumas semanas depois pelos efeitos da radia\u00e7\u00e3o. A bomba de Hiroshima coincidiu com a solenidade da Transfigura\u00e7\u00e3o do Senhor e a rendi\u00e7\u00e3o do Jap\u00e3o ocorreu no dia 15 de agosto, solenidade da Assun\u00e7\u00e3o da Virgem Maria.<\/p>\n","protected":false},"excerpt":{"rendered":"<p>H\u00e1 74 anos aconteceu a explos\u00e3o da bomba at\u00f4mica em Hiroshima, um dos epis\u00f3dios mais dram\u00e1ticos na hist\u00f3ria da humanidade. No dia 6 de agosto de 1945, festa da Transfigura\u00e7\u00e3o, muito perto de onde caiu a bomba \u201cLittle Boy\u201d, quatro sacerdotes jesu\u00edtas alem\u00e3es sobreviveram a esta cat\u00e1strofe e a radia\u00e7\u00e3o \u2013 que matou milhares de [&hellip;]<\/p>\n","protected":false},"author":1,"featured_media":52111,"comment_status":"open","ping_status":"closed","sticky":false,"template":"","format":"standard","meta":{"footnotes":""},"categories":[4],"tags":[],"class_list":["post-52110","post","type-post","status-publish","format-standard","has-post-thumbnail","hentry","category-cotidiano"],"_links":{"self":[{"href":"https:\/\/catolicanet.net\/wp-cnet\/wp-json\/wp\/v2\/posts\/52110","targetHints":{"allow":["GET"]}}],"collection":[{"href":"https:\/\/catolicanet.net\/wp-cnet\/wp-json\/wp\/v2\/posts"}],"about":[{"href":"https:\/\/catolicanet.net\/wp-cnet\/wp-json\/wp\/v2\/types\/post"}],"author":[{"embeddable":true,"href":"https:\/\/catolicanet.net\/wp-cnet\/wp-json\/wp\/v2\/users\/1"}],"replies":[{"embeddable":true,"href":"https:\/\/catolicanet.net\/wp-cnet\/wp-json\/wp\/v2\/comments?post=52110"}],"version-history":[{"count":1,"href":"https:\/\/catolicanet.net\/wp-cnet\/wp-json\/wp\/v2\/posts\/52110\/revisions"}],"predecessor-version":[{"id":52112,"href":"https:\/\/catolicanet.net\/wp-cnet\/wp-json\/wp\/v2\/posts\/52110\/revisions\/52112"}],"wp:featuredmedia":[{"embeddable":true,"href":"https:\/\/catolicanet.net\/wp-cnet\/wp-json\/wp\/v2\/media\/52111"}],"wp:attachment":[{"href":"https:\/\/catolicanet.net\/wp-cnet\/wp-json\/wp\/v2\/media?parent=52110"}],"wp:term":[{"taxonomy":"category","embeddable":true,"href":"https:\/\/catolicanet.net\/wp-cnet\/wp-json\/wp\/v2\/categories?post=52110"},{"taxonomy":"post_tag","embeddable":true,"href":"https:\/\/catolicanet.net\/wp-cnet\/wp-json\/wp\/v2\/tags?post=52110"}],"curies":[{"name":"wp","href":"https:\/\/api.w.org\/{rel}","templated":true}]}}