{"id":52069,"date":"2019-08-07T09:31:29","date_gmt":"2019-08-07T12:31:29","guid":{"rendered":"http:\/\/catolicanet.net\/wp-cnet\/?p=52069"},"modified":"2019-08-07T09:31:29","modified_gmt":"2019-08-07T12:31:29","slug":"novos-bispos-falam-das-primeiras-experiencias-nas-dioceses-e-sobre-curso-oferecido-pela-cnbb","status":"publish","type":"post","link":"https:\/\/catolicanet.net\/wp-cnet\/novos-bispos-falam-das-primeiras-experiencias-nas-dioceses-e-sobre-curso-oferecido-pela-cnbb\/","title":{"rendered":"Novos bispos falam das primeiras experi\u00eancias nas dioceses e sobre curso oferecido pela CNBB"},"content":{"rendered":"<p>A hist\u00f3ria do povo de Deus, dos profetas, do nascimento de Jesus e dos que seguiram depois de sua vinda, \u00e9 marcada pelo sim, pela coragem de assumir a miss\u00e3o confiada por Deus. Da mesma forma, entre os presb\u00edteros s\u00e3o escolhidos os novos bispos que ir\u00e3o compor o col\u00e9gio episcopal da Igreja, assumindo o pastoreio de uma determinada Igreja particular.<\/p>\n<p>Alguns dos bispos participantes da 30\u00aa edi\u00e7\u00e3o do Cursos para novos bispos da Confer\u00eancia Nacional dos Bispos do Brasil (CNBB) partilham um pouco dos primeiros momentos ap\u00f3s a experi\u00eancia de assumir o mandato e o poder de ensinar, de santificar e de apascentar.<\/p>\n<p><strong>Alegria e gra\u00e7a<\/strong><\/p>\n<div id=\"attachment_223788\" class=\"wp-caption alignleft\"><a href=\"http:\/\/www.cnbb.org.br\/?attachment_id=223788\"><img loading=\"lazy\" decoding=\"async\" class=\" wp-image-223788\" src=\"http:\/\/www.cnbb.org.br\/wp-content\/uploads\/sites\/32\/2019\/08\/Dom-Carlos-Jos\u00e9-de-Oliveira-300x169.jpg\" srcset=\"http:\/\/www.cnbb.org.br\/wp-content\/uploads\/sites\/32\/2019\/08\/Dom-Carlos-Jos\u00e9-de-Oliveira-300x169.jpg 300w, http:\/\/www.cnbb.org.br\/wp-content\/uploads\/sites\/32\/2019\/08\/Dom-Carlos-Jos\u00e9-de-Oliveira.jpg 640w\" alt=\"\" width=\"286\" height=\"161\" aria-describedby=\"caption-attachment-223788\" \/><\/a><\/p>\n<p id=\"caption-attachment-223788\" class=\"wp-caption-text\"><em>Dom Carlos Jos\u00e9 de Oliveira | Foto: CNBB\/Daniel Flores<\/em><\/p>\n<\/div>\n<p>Ordenado no dia 19 de mar\u00e7o deste ano, o novo bispo de Apucarana (PR), dom Carlos Jos\u00e9 de Oliveira, conta que os \u00faltimos meses foram de alegria, \u201cpela acolhida maravilhosa do nosso povo, do clero da diocese de Apucarana, alegria de, a cada dia, descobrir uma nova realidade\u201d. Mas tamb\u00e9m recordou os desafios, nos quais tamb\u00e9m se manifesta a alegria, por \u201cperceber o comprometimento dos padres e dos leigos com a caminhada da diocese\u201d.<\/p>\n<p>Dom Jos\u00e9 Francisco Rodrigues do R\u00eago, bispo eleito para a diocese de Ipameri (GO) e ordenado no \u00faltimo domingo, 4 de agosto, considera ser motivo de gra\u00e7a para as Igrejas particulares de Urua\u00e7u (GO) e Ipameri terem, respectivamente, ordenado mais um bispo e ganhado o novo bispo. Dom Jos\u00e9 Francisco tamb\u00e9m ressalta a gra\u00e7a para a Igreja como um todo, <em>\u201cporque o bispo \u00e9 ordenado para a Igreja, para o servi\u00e7o, para ser seu primeiro servidor\u201d<\/em>.<\/p>\n<div id=\"attachment_223789\" class=\"wp-caption alignright\"><a href=\"http:\/\/www.cnbb.org.br\/?attachment_id=223789\"><img loading=\"lazy\" decoding=\"async\" class=\"wp-image-223789 size-medium\" src=\"http:\/\/www.cnbb.org.br\/wp-content\/uploads\/sites\/32\/2019\/08\/Dom-Jos\u00e9-Francisco-do-R\u00eago-300x169.jpg\" srcset=\"http:\/\/www.cnbb.org.br\/wp-content\/uploads\/sites\/32\/2019\/08\/Dom-Jos\u00e9-Francisco-do-R\u00eago-300x169.jpg 300w, http:\/\/www.cnbb.org.br\/wp-content\/uploads\/sites\/32\/2019\/08\/Dom-Jos\u00e9-Francisco-do-R\u00eago.jpg 640w\" alt=\"\" width=\"300\" height=\"169\" aria-describedby=\"caption-attachment-223789\" \/><\/a><\/p>\n<p id=\"caption-attachment-223789\" class=\"wp-caption-text\"><em>Dom Jos\u00e9 Francisco do R\u00eago | Foto: CNBB\/Daniel Flores<\/em><\/p>\n<\/div>\n<p><strong>Acolhida<\/strong><br \/>\nDom Jos\u00e9 Francisco do R\u00eago conta que teve uma acolhida especial ap\u00f3s a sua nomea\u00e7\u00e3o, em 15 de maio deste ano. Durante retiro do clero de Urua\u00e7u em Ipameri, teve a <em>\u201ca alegria de poder conhecer e fui muito bem recebido, muito bem acolhido por todos os padres, tanto diocesanos, como religiosos que ali trabalham. Foi uma experi\u00eancia muito bonita de acolhida, de eclesialidade, \u00e9 como \u2018aquele que \u00e9 enviado por Deus \u00e9 acolhido como realmente um enviado\u2019, assim que me senti naquela experi\u00eancia\u201d<\/em>.<\/p>\n<p>\u201cSabemos muito bem que na Igreja o povo n\u00e3o escolhe seus ministros, Deus que envia seus ministros e s\u00e3o acolhidos com f\u00e9. Por isso, [a experi\u00eancia] tem sido t\u00e3o boa at\u00e9 aqui, tenho experimentado a gra\u00e7a desse acolhimento da diocese de Ipameri. Inclusive na minha ordena\u00e7\u00e3o, muita gente se fez presente, n\u00e3o s\u00f3 da parte do clero, como do povo da nossa comunidade diocesana de Ipameri\u201d, recorda dom Jos\u00e9.<\/p>\n<p><strong>Fronteira<\/strong><\/p>\n<div id=\"attachment_223790\" class=\"wp-caption alignleft\"><a href=\"http:\/\/www.cnbb.org.br\/?attachment_id=223790\"><img loading=\"lazy\" decoding=\"async\" class=\"size-medium wp-image-223790\" src=\"http:\/\/www.cnbb.org.br\/wp-content\/uploads\/sites\/32\/2019\/08\/Dom-Jo\u00e3o-Aparecido-Bergamasco-300x169.jpg\" srcset=\"http:\/\/www.cnbb.org.br\/wp-content\/uploads\/sites\/32\/2019\/08\/Dom-Jo\u00e3o-Aparecido-Bergamasco-300x169.jpg 300w, http:\/\/www.cnbb.org.br\/wp-content\/uploads\/sites\/32\/2019\/08\/Dom-Jo\u00e3o-Aparecido-Bergamasco.jpg 640w\" alt=\"\" width=\"300\" height=\"169\" aria-describedby=\"caption-attachment-223790\" \/><\/a><\/p>\n<p id=\"caption-attachment-223790\" class=\"wp-caption-text\"><em>Dom Jo\u00e3o Aparecido Bergamasco | Foto: CNBB\/Daniel Flores<\/em><\/p>\n<\/div>\n<p>Dom Jo\u00e3o Aparecido Bergamasco j\u00e1 atuava no Mato Grosso do Sul quando ainda era padre, em F\u00e1tima do Sul (MS), na diocese de Dourados (MS). Mas foi nomeado para o outro extremo do estado, na regi\u00e3o do pantanal sul mato-grossense, na fronteira com a Bol\u00edvia. H\u00e1 quase cinco meses que na diocese, manifestou-se contente pela oportunidade de celebrar em muitas comunidades, por ter \u201cmarcado presen\u00e7a em diversas par\u00f3quias, juntamente \u00e0 Marinha, do Ex\u00e9rcito (for\u00e7as armadas presentes na regi\u00e3o) e tamb\u00e9m realizado j\u00e1 as grandes celebra\u00e7\u00f5es com clero, na Quinta-feira Santa, celebrado as Crismas, momentos de festa do padroeiro tanto de comunidades, como da matriz, um momento de intenso contato com o povo daquela diocese\u201d.<\/p>\n<p>Dom Jo\u00e3o Aparecido tamb\u00e9m teve a oportunidade de conhecer a riqueza cultural e religiosa da regi\u00e3o e os desafios, como o sincretismo religioso, as realidades de fronteira como mobilidade humana, tr\u00e1fico de pessoas, turismo sexual, al\u00e9m das dificuldades econ\u00f4micas e sociais. Junto com o clero, o novo bispo est\u00e1 \u201cbuscando os caminhos para a evangeliza\u00e7\u00e3o\u201d.<\/p>\n<p><strong>Curso para novos bispos<\/strong><\/p>\n<p>O curso para novos bispos promovido pela Comiss\u00e3o Episcopal Pastoral para os Minist\u00e9rios Ordenados e a Vida Consagrada da CNBB \u00e9 uma das principais oportunidades para que os bispos nomeados e ordenados recentemente aprofundem mais a respeito da miss\u00e3o confiada a eles.<\/p>\n<p>Para dom Carlos Jos\u00e9 de Oliveira, uma alegria conhecer toda a estrutura aqui da CNBB, \u201cque existe em fun\u00e7\u00e3o da nossa miss\u00e3o episcopal\u201d, al\u00e9m da alegria de conhecer \u201cmais de perto tantos irm\u00e3os tamb\u00e9m nomeados recentemente\u201d. O bispo de Apucarana define este momento como uma fase de descobrimento, de descoberta do novo que Deus oferece: <em>\u201c\u00c9 claro que o sentimento do medo, do temor tamb\u00e9m fazem parte diante dessa nova realidade que o Senhor nos pede. Ent\u00e3o \u00e9 este misto de uma situa\u00e7\u00e3o de descoberta, que te traz alegria e tamb\u00e9m o medo diante da responsabilidade. Mas, al\u00e9m da alegria e do medo, a f\u00e9 \u00e9 que nos mant\u00e9m\u201d<\/em>.<\/p>\n<div id=\"attachment_223793\" class=\"wp-caption aligncenter\"><a href=\"http:\/\/www.cnbb.org.br\/?attachment_id=223793\"><img loading=\"lazy\" decoding=\"async\" class=\"size-medium wp-image-223793\" src=\"http:\/\/www.cnbb.org.br\/wp-content\/uploads\/sites\/32\/2019\/08\/Curso-novos-bispos-300x169.jpg\" srcset=\"http:\/\/www.cnbb.org.br\/wp-content\/uploads\/sites\/32\/2019\/08\/Curso-novos-bispos-300x169.jpg 300w, http:\/\/www.cnbb.org.br\/wp-content\/uploads\/sites\/32\/2019\/08\/Curso-novos-bispos-768x432.jpg 768w, http:\/\/www.cnbb.org.br\/wp-content\/uploads\/sites\/32\/2019\/08\/Curso-novos-bispos.jpg 1024w\" alt=\"\" width=\"300\" height=\"169\" aria-describedby=\"caption-attachment-223793\" \/><\/a><\/p>\n<p id=\"caption-attachment-223793\" class=\"wp-caption-text\"><em>Foto: CNBB\/Daniel Flores<\/em><\/p>\n<\/div>\n<p>Falando da chegada em breve \u00e0 diocese de Ipameri, dom Jos\u00e9 Francisco cita a abertura para aprender, tendo Cristo como centro, \u201crespeitando toda a hist\u00f3ria de caminhada diocesana, poder dar continuidade segundo a a\u00e7\u00e3o do mesmo Esp\u00edrito\u201d.<\/p>\n<p>Dom Jos\u00e9 Francisco do R\u00eago considera uma gra\u00e7a poder participar da forma\u00e7\u00e3o na sequ\u00eancia de sua ordena\u00e7\u00e3o episcopal: \u201cN\u00e3o sei de nada, ent\u00e3o \u00e9 importante que eu n\u00e3o me furte essa oportunidade que me \u00e9 dada para aproveitar e compreender melhor a miss\u00e3o do bispo\u201d.<\/p>\n<p>Para dom Jo\u00e3o Aparecido Bergamasco, a partilha durante o curso os \u201cajuda muito, porque cada um tamb\u00e9m partilha as suas dificuldades, expectativas, esperan\u00e7as, mas tamb\u00e9m os desafios que est\u00e3o enfrentando\u201d. O bispo de Corumb\u00e1 tamb\u00e9m ressalta as reflex\u00f5es favorecidas pelos assessores do encontro, as quais contribuem para \u201ciluminar a nossa miss\u00e3o\u201d. O bispo tamb\u00e9m recordou sua participa\u00e7\u00e3o na \u00faltima Assembleia Geral da CNBB e o contato com os bispos do regional a partir das comiss\u00f5es episcopais regionais como positivos para o minist\u00e9rio.<\/p>\n","protected":false},"excerpt":{"rendered":"<p>A hist\u00f3ria do povo de Deus, dos profetas, do nascimento de Jesus e dos que seguiram depois de sua vinda, \u00e9 marcada pelo sim, pela coragem de assumir a miss\u00e3o confiada por Deus. Da mesma forma, entre os presb\u00edteros s\u00e3o escolhidos os novos bispos que ir\u00e3o compor o col\u00e9gio episcopal da Igreja, assumindo o pastoreio [&hellip;]<\/p>\n","protected":false},"author":1,"featured_media":52070,"comment_status":"open","ping_status":"closed","sticky":false,"template":"","format":"standard","meta":{"footnotes":""},"categories":[7],"tags":[],"class_list":["post-52069","post","type-post","status-publish","format-standard","has-post-thumbnail","hentry","category-cnbb"],"_links":{"self":[{"href":"https:\/\/catolicanet.net\/wp-cnet\/wp-json\/wp\/v2\/posts\/52069","targetHints":{"allow":["GET"]}}],"collection":[{"href":"https:\/\/catolicanet.net\/wp-cnet\/wp-json\/wp\/v2\/posts"}],"about":[{"href":"https:\/\/catolicanet.net\/wp-cnet\/wp-json\/wp\/v2\/types\/post"}],"author":[{"embeddable":true,"href":"https:\/\/catolicanet.net\/wp-cnet\/wp-json\/wp\/v2\/users\/1"}],"replies":[{"embeddable":true,"href":"https:\/\/catolicanet.net\/wp-cnet\/wp-json\/wp\/v2\/comments?post=52069"}],"version-history":[{"count":1,"href":"https:\/\/catolicanet.net\/wp-cnet\/wp-json\/wp\/v2\/posts\/52069\/revisions"}],"predecessor-version":[{"id":52071,"href":"https:\/\/catolicanet.net\/wp-cnet\/wp-json\/wp\/v2\/posts\/52069\/revisions\/52071"}],"wp:featuredmedia":[{"embeddable":true,"href":"https:\/\/catolicanet.net\/wp-cnet\/wp-json\/wp\/v2\/media\/52070"}],"wp:attachment":[{"href":"https:\/\/catolicanet.net\/wp-cnet\/wp-json\/wp\/v2\/media?parent=52069"}],"wp:term":[{"taxonomy":"category","embeddable":true,"href":"https:\/\/catolicanet.net\/wp-cnet\/wp-json\/wp\/v2\/categories?post=52069"},{"taxonomy":"post_tag","embeddable":true,"href":"https:\/\/catolicanet.net\/wp-cnet\/wp-json\/wp\/v2\/tags?post=52069"}],"curies":[{"name":"wp","href":"https:\/\/api.w.org\/{rel}","templated":true}]}}