{"id":52065,"date":"2019-08-11T08:10:10","date_gmt":"2019-08-11T11:10:10","guid":{"rendered":"http:\/\/catolicanet.net\/wp-cnet\/?p=52065"},"modified":"2019-08-07T09:23:34","modified_gmt":"2019-08-07T12:23:34","slug":"rezemos-pelos-pais","status":"publish","type":"post","link":"https:\/\/catolicanet.net\/wp-cnet\/rezemos-pelos-pais\/","title":{"rendered":"Rezemos pelos pais!"},"content":{"rendered":"<p>\u00c9 tradi\u00e7\u00e3o no Brasil, no segundo domingo do m\u00eas de agosto, comemorar o Dia dos Pais. Isso foi institu\u00eddo quando ainda se celebrava a festa de S\u00e3o Joaquim (pai de N. Sra.) no dia seguinte \u00e0 Assun\u00e7\u00e3o, no dia 16 de agosto. O domingo mais pr\u00f3ximo desse dia \u00e9 o segundo domingo. Hoje a festa de S\u00e3o Joaquim foi unida \u00e0 de Santana no dia 26 de julho e se caracteriza pela festa dos av\u00f3s. Por\u00e9m, em nosso pa\u00eds, ficou a tradi\u00e7\u00e3o do segundo domingo de agosto. Nossa Arquidiocese de S\u00e3o Sebasti\u00e3o do Rio de Janeiro tem uma programa\u00e7\u00e3o especial iniciando com essa comemora\u00e7\u00e3o a Semana Nacional da Fam\u00edlia (de 11 a 17 de agosto) que, neste ano, tem como tema: \u201cA Fam\u00edlia, como vai?\u201d. Tamb\u00e9m, em todas as Par\u00f3quias do Rio de Janeiro teremos missas nas inten\u00e7\u00f5es dos pais vivos e pelo eterno descanso dos pais j\u00e1 falecidos.<\/p>\n<p>O respeito pelos pais (piedade filial) \u00e9 produto do reconhecimento para com aqueles que, pelo dom da vida, por seu amor e por seu trabalho puseram seus filhos no mundo e permitiram que crescessem em estatura, em sabedoria e gra\u00e7a. \u201cHonra teu pai de todo o cora\u00e7\u00e3o e n\u00e3o esque\u00e7as as dores de tua m\u00e3e. Lembra-te que foste gerado por eles. O que lhes dar\u00e1s pelo que te deram?\u201d (Eclo 7,27-28). O respeito filial se revela pela docilidade e pela obedi\u00eancia verdadeiras. \u201cMeu filho, guarda os preceitos de teu pai, n\u00e3o rejeites a instru\u00e7\u00e3o de tua m\u00e3e&#8230; Quando caminhares, te guiar\u00e3o; quando descansares, te guardar\u00e3o; quando despertares, te falar\u00e3o\u201d (Pr 6,20-22). \u201cUm filho s\u00e1bio ama a corre\u00e7\u00e3o do pai, e o zombador n\u00e3o escuta a reprimenda\u201d (Pr 13,1).<\/p>\n<p>Uma das principais miss\u00f5es dos pais \u00e9 a transmiss\u00e3o da f\u00e9 aos filhos: A educa\u00e7\u00e3o para a f\u00e9 por parte dos pais deve come\u00e7ar desde a mais tenra inf\u00e2ncia. Ocorre j\u00e1 quando os membros da fam\u00edlia se ajudam a crescer na f\u00e9 pelo testemunho de uma vida crist\u00e3 de acordo com o Evangelho. A catequese familiar precede, acompanha e enriquece as outras formas de ensinamento da f\u00e9. Os pais t\u00eam a miss\u00e3o de ensinar os filhos a orar e a descobrir sua voca\u00e7\u00e3o de filhos de Deus. A par\u00f3quia \u00e9 a comunidade eucar\u00edstica e o centro da vida lit\u00fargica das fam\u00edlias crist\u00e3s; ela \u00e9 um lugar privilegiado da catequese dos filhos e dos pais.<\/p>\n<p>\u00c9 direito inalien\u00e1vel dos pais educar os seus filhos na f\u00e9 e conduzi-los a um crescimento em sabedoria, estatura e santidade. \u201cAquele que ama o filho castiga-o com frequ\u00eancia; aquele que educa o seu filho ter\u00e1 motivo de satisfa\u00e7\u00e3o\u201d (Eclo 30, 1-2). Esse \u201ccastiga-o com frequ\u00eancia\u201d deve ser entendido como \u201ccorrige-o com frequ\u00eancia\u201d. E S\u00e3o Paulo lembra que os pais n\u00e3o podem humilhar e magoar os filhos ao corrigi-los: \u201cE v\u00f3s, pais, n\u00e3o deis a vossos filhos motivo de revolta contra v\u00f3s, mas criai-os na disciplina e na corre\u00e7\u00e3o do Senhor\u201d (Ef 6,4).<\/p>\n<p>S\u00e3o Paulo exorta os filhos \u00e0 obedi\u00eancia: \u201cFilhos, obedecei a vossos pais segundo o Senhor; porque isso \u00e9 justo. O primeiro mandamento acompanhado de uma promessa \u00e9: \u2018Honra teu pai e tua m\u00e3e, para que sejas feliz e tenhas longa vida sobre a terra\u2019 (cf. Dt 5,16). Pais, n\u00e3o exaspereis vossos filhos. Pelo contr\u00e1rio, criai-os na educa\u00e7\u00e3o e doutrina do Senhor\u201d (Ef 6,1-2).<\/p>\n<p>A dimens\u00e3o familiar tem que ser solidificada em uma f\u00e9 profunda. O exemplo do pai e da m\u00e3e que rezam em casa marcam profundamente a alma e molda o \u00edntimo de seus filhos. A participa\u00e7\u00e3o dominical da fam\u00edlia na Santa Missa \u00e9 o centro da vida familiar. A ora\u00e7\u00e3o da manh\u00e3, a ora\u00e7\u00e3o na mesa das refei\u00e7\u00f5es, a recita\u00e7\u00e3o do Ros\u00e1rio e a ora\u00e7\u00e3o noturna devem pautar a viv\u00eancia e o di\u00e1logo da fam\u00edlia. A Igreja ensina que \u00e9 na fam\u00edlia crist\u00e3 o primeiro lugar da educa\u00e7\u00e3o para a ora\u00e7\u00e3o. Fundada sobre o sacramento do matrim\u00f4nio, a fam\u00edlia \u00e9 \u201ca Igreja dom\u00e9stica\u201d onde os filhos de Deus aprendem a orar e a perseverar na ora\u00e7\u00e3o (cf. n. 2.685). A Igreja ensina que \u201ca educa\u00e7\u00e3o para a f\u00e9, por parte dos pais, deve come\u00e7ar desde a mais tenra inf\u00e2ncia. Ocorre j\u00e1 quando os membros da fam\u00edlia se ajudam a crescer na f\u00e9 pelo testemunho de uma vida crist\u00e3 de acordo com o Evangelho. A catequese familiar precede, acompanha e enriquece as outras formas de ensinamento da f\u00e9. Os pais t\u00eam a miss\u00e3o de ensinar os filhos a orar e descobrir sua voca\u00e7\u00e3o de filhos de Deus\u201d (CIC n. 2226).<\/p>\n<p>O Papa Francisco exortou que: \u201c&#8230; o pai seja presen\u00e7a na fam\u00edlia. Que seja pr\u00f3ximo \u00e0 mulher, para partilhar tudo, alegrias e dores, cansa\u00e7os e esperan\u00e7as. E que seja pr\u00f3ximo aos filhos em seu crescimento: quando brincam e quando se empenham, quando est\u00e3o despreocupados e quando est\u00e3o angustiados, quando se exprimem e quando ficam em sil\u00eancio, quando ousam e quando t\u00eam medo, quando d\u00e3o um passo errado e quando reencontram o caminho; pai presente, sempre. Dizer presente n\u00e3o \u00e9 o mesmo que dizer controlador! Porque os pais muito controladores anulam os filhos, n\u00e3o os deixam crescer\u201d.<\/p>\n<p><a href=\"https:\/\/noticias.cancaonova.com\/especiais\/pontificado\/francisco\/catequese\/catequese-do-papa-sobre-os-pais-importancia-na-familia\/\">https:\/\/noticias.cancaonova.com\/especiais\/pontificado\/francisco\/catequese\/catequese-do-papa-sobre-os-pais-importancia-na-familia\/<\/a>, \u00faltimo acesso em 26 de julho de 2019.<\/p>\n<p>\u00c9 muito divulgado alguns conselhos que o Papa Francisco d\u00e1 aos pais que pode ser para a reflex\u00e3o nestes dias.<\/p>\n<ol>\n<li>O pai \u201csabe bem quanto custa transmitir esta heran\u00e7a: quanta proximidade, quanta do\u00e7ura e quanta firmeza\u201d, mas tamb\u00e9m \u201cquanto consolo e recompensa se recebe quando os filhos honram esta heran\u00e7a! \u00c9 uma alegria que redime todo cansa\u00e7o, que supera toda incompreens\u00e3o e cura toda ferida\u201d.<\/li>\n<li>\u201cOs pais devem ser pacientes. Tantas vezes n\u00e3o h\u00e1 outra coisa a fazer se n\u00e3o esperar; rezar e esperar com paci\u00eancia, do\u00e7ura, magnanimidade, miseric\u00f3rdia\u201d.<\/li>\n<li>\u201c(\u2026) um bom pai sabe esperar e sabe perdoar, do fundo do cora\u00e7\u00e3o. Certo, sabe tamb\u00e9m corrigir com firmeza: n\u00e3o \u00e9 um pai fr\u00e1gil, complacente, sentimental. O pai que sabe corrigir sem degradar \u00e9 o mesmo que sabe proteger sem se economizar\u201d.<\/li>\n<li>\u201cSem a gra\u00e7a que vem do Pai que est\u00e1 nos c\u00e9us, os pais perdem a coragem e abandonam o campo. Mas os filhos precisam encontrar um pai que os espera quando retornam dos seus insucessos. Far\u00e3o de tudo para n\u00e3o admitir isso, para n\u00e3o deixarem ver, mas precisam; e n\u00e3o encontrar isso abre feridas dif\u00edceis de curar\u201d.<\/li>\n<li>\u201cN\u00e3o se poderia exprimir melhor o orgulho e a como\u00e7\u00e3o de um pai que reconhece ter transmitido ao filho aquilo que realmente conta na vida, ou seja, um cora\u00e7\u00e3o s\u00e1bio\u201d.<\/li>\n<li>\u201c(\u2026) Igreja, nossa m\u00e3e, \u00e9 empenhada em apoiar com todas as suas for\u00e7as a presen\u00e7a boa e generosa dos pais nas fam\u00edlias, porque esses s\u00e3o para as novas gera\u00e7\u00f5es protetores e mediadores insubstitu\u00edveis da f\u00e9 na bondade, da f\u00e9 na justi\u00e7a e na prote\u00e7\u00e3o de Deus, como S\u00e3o Jos\u00e9\u201d.<\/li>\n<li>\u201cToda fam\u00edlia necessita de um pai. Um pai que n\u00e3o se vanglorie de que seu filho seja parecido com ele, mas sem que se alegre de que aprenda a retid\u00e3o e a sensatez que \u00e9 o que conta na vida\u201d.<\/li>\n<li>\u201cRecordemos que o dom mais valioso para os filhos n\u00e3o s\u00e3o as coisas, e sim o amor dos pais\u201d.<\/li>\n<li>\u201cFalar com os filhos, escut\u00e1-los, perguntar o que eles pensam, este di\u00e1logo entre os pais e filhos faz muito bem, faz os filhos crescerem em maturidade\u201d.<\/li>\n<li>\u201cO presente mais valioso para os filhos n\u00e3o s\u00e3o as coisas, e sim o amor dos pais\u201d.<\/li>\n<li>\u201cCuidar, n\u00e3o descuidar. Brincar com as crian\u00e7as, com os filhos. O matrim\u00f4nio \u00e9 como uma planta. N\u00e3o \u00e9 como um arm\u00e1rio, que se mete ali, na habita\u00e7\u00e3o, e basta limpar o p\u00f3 de vez em quando\u201d.<\/li>\n<\/ol>\n<p><a href=\"https:\/\/jovensconectados.org.br\/11-conselhos-do-papa-francisco-para-ser-um-bom-pai.html\">https:\/\/jovensconectados.org.br\/11-conselhos-do-papa-francisco-para-ser-um-bom-pai.html<\/a>, \u00faltimo acesso em 26 de julho de 2019.<\/p>\n<p>Animo aos rec\u00e9m casados de n\u00e3o terem medo de se abrir a constitu\u00edrem fam\u00edlias numerosas. Haver\u00e1 sempre dificuldades de toda a sorte, mas a gra\u00e7a de Deus ir\u00e1 ajudar os pais na constitui\u00e7\u00e3o de fam\u00edlias verdadeiramente crist\u00e3s.<\/p>\n<p>Manifesto minha gratid\u00e3o a todos os pais dos irm\u00e3os Bispos Auxiliares, dos queridos Padres, Di\u00e1conos e dos nossos amados seminaristas. \u00c9 a maior riqueza para um pai entregar para Deus e para a Igreja o seu filho que se prepara e \u00e9 chamado em nome da Igreja para o minist\u00e9rio presbiteral. Obrigado pela sua doa\u00e7\u00e3o fraterna e pelo seu testemunho crist\u00e3o.<\/p>\n<p>Pe\u00e7o, por fim, a Deus que conceda a todos os pais de nossa Arquidiocese de S\u00e3o Sebasti\u00e3o do Rio de Janeiro as melhores b\u00ean\u00e7\u00e3os e gra\u00e7as divinas e que nunca falte a nenhum deles o consolo da Igreja e a assist\u00eancia de Deus em suas vidas. Ser\u00e1 muito importante a participa\u00e7\u00e3o na Semana Nacional da Fam\u00edlia, seja em sua comunidade ou na reflex\u00e3o nas casas com os temas sugeridos para este ano. Parab\u00e9ns pelo Dia dos Pais e que Deus os aben\u00e7oe com profundidade, Am\u00e9m!<\/p>\n","protected":false},"excerpt":{"rendered":"<p>\u00c9 tradi\u00e7\u00e3o no Brasil, no segundo domingo do m\u00eas de agosto, comemorar o Dia dos Pais. Isso foi institu\u00eddo quando ainda se celebrava a festa de S\u00e3o Joaquim (pai de N. Sra.) no dia seguinte \u00e0 Assun\u00e7\u00e3o, no dia 16 de agosto. O domingo mais pr\u00f3ximo desse dia \u00e9 o segundo domingo. Hoje a festa [&hellip;]<\/p>\n","protected":false},"author":5,"featured_media":32777,"comment_status":"open","ping_status":"closed","sticky":false,"template":"","format":"standard","meta":{"footnotes":""},"categories":[9],"tags":[],"class_list":["post-52065","post","type-post","status-publish","format-standard","has-post-thumbnail","hentry","category-artigos"],"_links":{"self":[{"href":"https:\/\/catolicanet.net\/wp-cnet\/wp-json\/wp\/v2\/posts\/52065","targetHints":{"allow":["GET"]}}],"collection":[{"href":"https:\/\/catolicanet.net\/wp-cnet\/wp-json\/wp\/v2\/posts"}],"about":[{"href":"https:\/\/catolicanet.net\/wp-cnet\/wp-json\/wp\/v2\/types\/post"}],"author":[{"embeddable":true,"href":"https:\/\/catolicanet.net\/wp-cnet\/wp-json\/wp\/v2\/users\/5"}],"replies":[{"embeddable":true,"href":"https:\/\/catolicanet.net\/wp-cnet\/wp-json\/wp\/v2\/comments?post=52065"}],"version-history":[{"count":1,"href":"https:\/\/catolicanet.net\/wp-cnet\/wp-json\/wp\/v2\/posts\/52065\/revisions"}],"predecessor-version":[{"id":52066,"href":"https:\/\/catolicanet.net\/wp-cnet\/wp-json\/wp\/v2\/posts\/52065\/revisions\/52066"}],"wp:featuredmedia":[{"embeddable":true,"href":"https:\/\/catolicanet.net\/wp-cnet\/wp-json\/wp\/v2\/media\/32777"}],"wp:attachment":[{"href":"https:\/\/catolicanet.net\/wp-cnet\/wp-json\/wp\/v2\/media?parent=52065"}],"wp:term":[{"taxonomy":"category","embeddable":true,"href":"https:\/\/catolicanet.net\/wp-cnet\/wp-json\/wp\/v2\/categories?post=52065"},{"taxonomy":"post_tag","embeddable":true,"href":"https:\/\/catolicanet.net\/wp-cnet\/wp-json\/wp\/v2\/tags?post=52065"}],"curies":[{"name":"wp","href":"https:\/\/api.w.org\/{rel}","templated":true}]}}