{"id":5205,"date":"2014-10-15T17:42:31","date_gmt":"2014-10-15T20:42:31","guid":{"rendered":"http:\/\/catolicanet.net\/wp-cnet\/paternidade-responsavel-como-aplica-la-na-pratica\/"},"modified":"2017-04-06T15:35:14","modified_gmt":"2017-04-06T18:35:14","slug":"paternidade-responsavel-como-aplica-la-na-pratica","status":"publish","type":"post","link":"https:\/\/catolicanet.net\/wp-cnet\/paternidade-responsavel-como-aplica-la-na-pratica\/","title":{"rendered":"Paternidade respons\u00e1vel: como aplic\u00e1-la na pr\u00e1tica?"},"content":{"rendered":"<p style=\"text-align: justify;\"><img decoding=\"async\" src=\"http:\/\/catolicanet.com.br\/images\/stories\/geral\/paternidade.jpg\" border=\"0\" align=\"left\" \/>Segunda-feira, 13, foi apresentado o Relat\u00f3rio sobre os trabalhos da primeira semana no S\u00ednodo dos Bispos, em curso no Vaticano. O documento toca o tema da contracep\u00e7\u00e3o, afirmando que \u201c\u00e9 preciso uma linguagem mais realista\u201d.<\/p>\n<p>No entanto, os debates deixaram espa\u00e7o aberto somente para os m\u00e9todos \u2018naturais\u2019 e o Relat\u00f3rio convida as fam\u00edlias a redescobrirem a mensagem da enc\u00edclica Humanae Vitae. Paulo VI, em 1968, recomendava a contin\u00eancia peri\u00f3dica nos per\u00edodos f\u00e9rteis da mulher. Esta orienta\u00e7\u00e3o doutrin\u00e1ria e subordinada ao conhecimento dos dias f\u00e9rteis da mulher desconsidera a rela\u00e7\u00e3o sexual do casal como express\u00e3o prazerosa do sacramento, que n\u00e3o pode estar submetida ao calend\u00e1rio.<\/p>\n<p>S\u00e3o raros os casais que afirmam seguir a contin\u00eancia peri\u00f3dica para o planejamento familiar. Em que medida este ensinamento \u00e9 realmente conhecido, aceito, rejeitado ou criticado nos ambientes extra-eclesiais? Quais s\u00e3o os fatores culturais que dificultam a plena aceita\u00e7\u00e3o deste ensinamento da Igreja sobre a paternidade respons\u00e1vel?<\/p>\n<p>Quem nos responde \u00e8 a te\u00f3loga, professora e decana do Centro de Teologia e Ci\u00eancias Humanas da Pontif\u00edcia Universidade Cat\u00f3lica do Rio de Janeiro, Maria Clara Bingemer. Para ouvir a entrevista, clique acima.<\/p>\n<p><strong>Fonte:<\/strong> R\u00e1dio Vaticano<br \/><strong>Local:<\/strong> Cidade do Vaticano<\/p>\n","protected":false},"excerpt":{"rendered":"<p>Segunda-feira, 13, foi apresentado o Relat\u00f3rio sobre os trabalhos da primeira semana no S\u00ednodo dos Bispos, em curso no Vaticano. O documento toca o tema da contracep\u00e7\u00e3o, afirmando que \u201c\u00e9 preciso uma linguagem mais realista\u201d. No entanto, os debates deixaram espa\u00e7o aberto somente para os m\u00e9todos \u2018naturais\u2019 e o Relat\u00f3rio convida as fam\u00edlias a redescobrirem [&hellip;]<\/p>\n","protected":false},"author":1,"featured_media":0,"comment_status":"closed","ping_status":"closed","sticky":false,"template":"","format":"standard","meta":{"footnotes":""},"categories":[4],"tags":[],"class_list":["post-5205","post","type-post","status-publish","format-standard","hentry","category-cotidiano"],"_links":{"self":[{"href":"https:\/\/catolicanet.net\/wp-cnet\/wp-json\/wp\/v2\/posts\/5205","targetHints":{"allow":["GET"]}}],"collection":[{"href":"https:\/\/catolicanet.net\/wp-cnet\/wp-json\/wp\/v2\/posts"}],"about":[{"href":"https:\/\/catolicanet.net\/wp-cnet\/wp-json\/wp\/v2\/types\/post"}],"author":[{"embeddable":true,"href":"https:\/\/catolicanet.net\/wp-cnet\/wp-json\/wp\/v2\/users\/1"}],"replies":[{"embeddable":true,"href":"https:\/\/catolicanet.net\/wp-cnet\/wp-json\/wp\/v2\/comments?post=5205"}],"version-history":[{"count":1,"href":"https:\/\/catolicanet.net\/wp-cnet\/wp-json\/wp\/v2\/posts\/5205\/revisions"}],"predecessor-version":[{"id":10071,"href":"https:\/\/catolicanet.net\/wp-cnet\/wp-json\/wp\/v2\/posts\/5205\/revisions\/10071"}],"wp:attachment":[{"href":"https:\/\/catolicanet.net\/wp-cnet\/wp-json\/wp\/v2\/media?parent=5205"}],"wp:term":[{"taxonomy":"category","embeddable":true,"href":"https:\/\/catolicanet.net\/wp-cnet\/wp-json\/wp\/v2\/categories?post=5205"},{"taxonomy":"post_tag","embeddable":true,"href":"https:\/\/catolicanet.net\/wp-cnet\/wp-json\/wp\/v2\/tags?post=5205"}],"curies":[{"name":"wp","href":"https:\/\/api.w.org\/{rel}","templated":true}]}}