{"id":52039,"date":"2019-08-06T15:34:33","date_gmt":"2019-08-06T18:34:33","guid":{"rendered":"http:\/\/catolicanet.net\/wp-cnet\/?p=52039"},"modified":"2019-08-06T15:34:33","modified_gmt":"2019-08-06T18:34:33","slug":"pai-agradece-a-charlie-gard-pelo-seu-filho-se-nao-fosse-por-ele-nao-existiria","status":"publish","type":"post","link":"https:\/\/catolicanet.net\/wp-cnet\/pai-agradece-a-charlie-gard-pelo-seu-filho-se-nao-fosse-por-ele-nao-existiria\/","title":{"rendered":"Pai agradece a Charlie Gard pelo seu filho: Se n\u00e3o fosse por ele, n\u00e3o existiria"},"content":{"rendered":"<p>Dois anos ap\u00f3s a morte do menino ingl\u00eas Charlie Gard, um pai o agradeceu por ter sido a inspira\u00e7\u00e3o para o nascimento de seu terceiro filho.<\/p>\n<p>Giuseppe \u00e9 um italiano de 41 anos que mora em Roma. Ele \u00e9 casado com Elena. H\u00e1 alguns anos, tiveram dois filhos: Chiara e Paolo. Em um di\u00e1logo com a revista mensal \u2018Il Timone\u2019, explica que o nascimento de seu terceiro filho, David, teve muito a ver com o caso de Charlie Gard, uma crian\u00e7a que sofria uma doen\u00e7a grave e que teve seu suporte vital desligada para deix\u00e1-la morrer. O menino faleceu em 28 de julho de 2017.<\/p>\n<p>Giuseppe lembra que p\u00f4de assistir com sua esposa o v\u00eddeo no qual os pais de Charlie, Connie e Cris, disseram ao mundo que os m\u00e9dicos do Great Osmond Street Hospital n\u00e3o permitiam que eles levassem o filho para um tratamento experimental e que os m\u00e9dicos preferiam deix\u00e1-lo morrer.<\/p>\n<p>\u201cQuando minha esposa me mostrou o v\u00eddeo de Connie e Chris, foi um ponto sem retorno para n\u00f3s. V\u00ednhamos de um per\u00edodo espec\u00edfico: a gravidez do nosso segundo filho foi dif\u00edcil e havia a possibilidade de que nascesse com alguma defici\u00eancia, inclusive grave. Sua vida n\u00e3o estava em discuss\u00e3o, n\u00f3s o receber\u00edamos como viesse. Quando nasceu saud\u00e1vel foi um grande al\u00edvio, como se uma grande cruz tivesse sido tirada de n\u00f3s\u201d, relata.<\/p>\n<p>\u201cA \u00faltima coisa que pens\u00e1vamos ent\u00e3o era em outra gravidez com todos os riscos envolvidos. Al\u00e9m disso, havia os problemas do dia a dia: noites sem dormir, minha esposa acabava de voltar ao trabalho, o empr\u00e9stimo para pagar, o col\u00e9gio das crian\u00e7as, n\u00e3o t\u00ednhamos ajuda. Em suma, todas essas coisas juntas nos fizeram dizer n\u00e3o \u00e0 abertura para a vida, mesmo que isso nos fizesse sofrer\u201d, explicou Giuseppe.<\/p>\n<p>O caso de Charlie os fez reconsiderar sua decis\u00e3o.<\/p>\n<p>\u201cCharlie foi um ponto de verdade para n\u00f3s, como se pud\u00e9ssemos ver com nossos olhos o que poderia ter acontecido com Paolo. Charlie nos fez compreender concretamente a grandeza da dignidade da crian\u00e7a doente, a sacralidade da vida em suas formas mais fr\u00e1geis, a luminosidade do abandono total\u201d, explicou.<\/p>\n<p>Ele e sua esposa come\u00e7aram a rezar por Charlie \u201ccom fervor, como fizemos durante a gravidez de risco (de Paolo). A vida de Charlie j\u00e1 tinha diretamente a ver com a nossa\u201d, disse Giuseppe.<\/p>\n<p>Apesar de todos os esfor\u00e7os e ora\u00e7\u00f5es deles e de muitos outros em todo o mundo, assim como uma carta enviada ao Papa Francisco, Charlie morreu.<\/p>\n<p>&#8220;Um dia, Elena me disse que se sentia diferente por dentro, que dever\u00edamos fazer alguma coisa e que a \u00fanica maneira de responder \u00e0 cultura diab\u00f3lica da morte era nos abrindo \u00e0 vida&#8221;.<\/p>\n<p>\u201cFoi comovente reconhecer que eu tinha o mesmo por dentro. Pouco depois, concebemos David. Se Charlie n\u00e3o tivesse existido, nosso terceiro filho provavelmente n\u00e3o teria nascido\u201d, concluiu.<\/p>\n<p><strong>O caso de Charlie Gard<\/strong><\/p>\n<p>Charlie Gard foi um beb\u00ea que faleceu aos onze meses, em 28 de julho de 2017. Sofria com uma s\u00edndrome de esgotamento mitocondrial, uma doen\u00e7a gen\u00e9tica rara que causa a fraqueza muscular progressiva e pode provocar a morte no primeiro ano de vida.<\/p>\n<p>Seu caso gerou uma batalha legal entre os pais, que queriam fazer um tratamento experimental nos Estados Unidos, e o hospital Great Ormond Street de Londres, onde estava internado. Os m\u00e9dicos ingleses solicitaram \u00e0 justi\u00e7a que lhes permitisse desconectar o suporte que mantinha Charlie com vida.<\/p>\n<p>Assim, embora os pais tenham conseguido doa\u00e7\u00f5es para lev\u00e1-lo aos Estados Unidos, um juiz brit\u00e2nico ordenou, em abril de 2017, que retirassem o suporte vital do beb\u00ea.<\/p>\n<p>Em 2018, uma batalha legal similar aconteceu com o caso do pequeno Alfie Evans.<\/p>\n","protected":false},"excerpt":{"rendered":"<p>Dois anos ap\u00f3s a morte do menino ingl\u00eas Charlie Gard, um pai o agradeceu por ter sido a inspira\u00e7\u00e3o para o nascimento de seu terceiro filho. Giuseppe \u00e9 um italiano de 41 anos que mora em Roma. Ele \u00e9 casado com Elena. H\u00e1 alguns anos, tiveram dois filhos: Chiara e Paolo. Em um di\u00e1logo com [&hellip;]<\/p>\n","protected":false},"author":1,"featured_media":52040,"comment_status":"open","ping_status":"closed","sticky":false,"template":"","format":"standard","meta":{"footnotes":""},"categories":[4],"tags":[],"class_list":["post-52039","post","type-post","status-publish","format-standard","has-post-thumbnail","hentry","category-cotidiano"],"_links":{"self":[{"href":"https:\/\/catolicanet.net\/wp-cnet\/wp-json\/wp\/v2\/posts\/52039","targetHints":{"allow":["GET"]}}],"collection":[{"href":"https:\/\/catolicanet.net\/wp-cnet\/wp-json\/wp\/v2\/posts"}],"about":[{"href":"https:\/\/catolicanet.net\/wp-cnet\/wp-json\/wp\/v2\/types\/post"}],"author":[{"embeddable":true,"href":"https:\/\/catolicanet.net\/wp-cnet\/wp-json\/wp\/v2\/users\/1"}],"replies":[{"embeddable":true,"href":"https:\/\/catolicanet.net\/wp-cnet\/wp-json\/wp\/v2\/comments?post=52039"}],"version-history":[{"count":1,"href":"https:\/\/catolicanet.net\/wp-cnet\/wp-json\/wp\/v2\/posts\/52039\/revisions"}],"predecessor-version":[{"id":52041,"href":"https:\/\/catolicanet.net\/wp-cnet\/wp-json\/wp\/v2\/posts\/52039\/revisions\/52041"}],"wp:featuredmedia":[{"embeddable":true,"href":"https:\/\/catolicanet.net\/wp-cnet\/wp-json\/wp\/v2\/media\/52040"}],"wp:attachment":[{"href":"https:\/\/catolicanet.net\/wp-cnet\/wp-json\/wp\/v2\/media?parent=52039"}],"wp:term":[{"taxonomy":"category","embeddable":true,"href":"https:\/\/catolicanet.net\/wp-cnet\/wp-json\/wp\/v2\/categories?post=52039"},{"taxonomy":"post_tag","embeddable":true,"href":"https:\/\/catolicanet.net\/wp-cnet\/wp-json\/wp\/v2\/tags?post=52039"}],"curies":[{"name":"wp","href":"https:\/\/api.w.org\/{rel}","templated":true}]}}