{"id":52036,"date":"2019-08-06T15:24:07","date_gmt":"2019-08-06T18:24:07","guid":{"rendered":"http:\/\/catolicanet.net\/wp-cnet\/?p=52036"},"modified":"2019-08-06T15:24:07","modified_gmt":"2019-08-06T18:24:07","slug":"tiroteio-el-paso-bispo-afirma-que-deus-enviou-cristo-para-enfrentar-este-mal-diabolico","status":"publish","type":"post","link":"https:\/\/catolicanet.net\/wp-cnet\/tiroteio-el-paso-bispo-afirma-que-deus-enviou-cristo-para-enfrentar-este-mal-diabolico\/","title":{"rendered":"Tiroteio El Paso: Bispo afirma que Deus enviou Cristo para enfrentar este mal diab\u00f3lico"},"content":{"rendered":"<p>O Bispo de El Paso, no estado do Texas (Estados Unidos), Dom Mark J. Seitz, recordou que Deus enviou seu Filho ao mundo para &#8220;enfrentar o mal diab\u00f3lico&#8221;, como o tiroteio ocorrido, em 3 de agosto, em uma loja de Walmart, que deixou 22 mortos e 24 feridos.<\/p>\n<p>\u201cFoi precisamente para enfrentar esse mal diab\u00f3lico que Deus enviou seu Filho ao mundo. Foi para entrar no meio disto e experimentar toda a sua for\u00e7a que o inocente, Jesus, experimentou sua paix\u00e3o e sua cruz. Justo quando parecia que o mal havia vencido o dia que Cristo saiu vitorioso. Esta \u00e9 a minha esperan\u00e7a para todos aqueles que sofreram esta viol\u00eancia hoje e para a nossa comunidade\u201d, indicou o Prelado em uma declara\u00e7\u00e3o publicada em espanhol na segunda-feira, 5 de agosto, no Twitter da Diocese de El Paso.<\/p>\n<p>No s\u00e1bado, 3 de agosto, um homem identificado como Patrick Crusius entrou em uma loja Walmart em El Paso e atirou nas pessoas que estavam l\u00e1, deixando in\u00fameras v\u00edtimas entre as quais havia v\u00e1rios mexicanos.<\/p>\n<p>Segundo assinala BBC Mundo, o jovem de 21 anos se entregou \u00e0s autoridades e disse que seu objetivo era &#8220;matar o maior n\u00famero poss\u00edvel de mexicanos&#8221;, algo que decorre do manifesto que apareceu na pol\u00eamica plataforma 8chan, cujo site foi suspenso depois do tiroteio.<\/p>\n<p>&#8220;Agora temos um manifesto desse indiv\u00edduo que indica, em certa medida, uma conex\u00e3o com um poss\u00edvel crime de \u00f3dio&#8221;, disse o chefe de pol\u00edcia de El Paso, Greg Allen.<\/p>\n<p>O &#8220;manifesto&#8221; come\u00e7a com uma declara\u00e7\u00e3o de simpatia para com o autor do tiroteio nas mesquitas da Nova Zel\u00e2ndia, onde 51 pessoas morreram, em mar\u00e7o.<\/p>\n<p>O acusado do tiroteio no Texas tamb\u00e9m disse que o ataque foi uma resposta ao que chama de &#8220;invas\u00e3o hisp\u00e2nica do Texas&#8221;.<\/p>\n<p>Por sua vez, o promotor p\u00fablico Jaime Esparza indicou que a pol\u00edcia tratar\u00e1 o caso como &#8220;terrorismo dom\u00e9stico&#8221; e buscar\u00e1 a pena de morte para Crusius.<\/p>\n<p>Dom Seitz expressou que, \u201cdepois desse tr\u00e1gico dia em El Paso, meu cora\u00e7\u00e3o se enche de tristeza por todas as v\u00edtimas e por suas fam\u00edlias. O s\u00e1bado come\u00e7ou como qualquer outro. As pessoas faziam suas atividades di\u00e1rias. Alguns optaram por parar no Walmart local para pegar algumas coisas. E, ent\u00e3o, o \u00f3dio e a loucura do mal desencadearam sua agress\u00e3o sem sentido\u201d.<\/p>\n<p>Como sacerdote, continuou o Prelado, \u201csou chamado a estar presente para todos os que sofreram este ataque e para suas fam\u00edlias. Eu preciso fazer isso com um senso de compostura\u201d.<\/p>\n<p>\u201cMas quando eu visitei as v\u00edtimas e seus entes queridos, meu cora\u00e7\u00e3o se quebrava dentro de mim. Suas perguntas tamb\u00e9m s\u00e3o minhas. Por que crian\u00e7as inocentes? Por que m\u00e3es com beb\u00eas no colo? Por que um ser humano deve ser submetido a tanta viol\u00eancia?\u201d.<\/p>\n<p>O Bispo de El Paso lamentou que mais uma vez se veja nos Estados Unidos \u201co rosto do mal. Vemos os efeitos de uma mente possu\u00edda pelo \u00f3dio. Vemos os efeitos da convic\u00e7\u00e3o pecaminosa e ins\u00edpida de que alguns de n\u00f3s somos melhores que outros devido \u00e0 ra\u00e7a, \u00e0 religi\u00e3o, ao idioma ou \u00e0 nacionalidade\u201d.<\/p>\n<p>\u201cNos \u00faltimos meses, as terras fronteiri\u00e7as mostraram ao mundo que a generosidade, a compaix\u00e3o e a dignidade humana s\u00e3o mais poderosas do que as for\u00e7as da divis\u00e3o. A grande doen\u00e7a do nosso tempo \u00e9 que nos esquecemos de como ser compassivos, generosos e humanit\u00e1rios\u201d, assinalou.<\/p>\n<p>Dom Seitz disse que, infelizmente, agora \u201ctudo \u00e9 uma competi\u00e7\u00e3o. Tudo \u00e9 gan\u00e2ncia. Tudo \u00e9 frio. A ternura e o amor que n\u00e3o conhecem fronteiras s\u00e3o crucificados em um redemoinho de autobusca mortal, medo e vingan\u00e7a\u201d.<\/p>\n<p>\u201cO Cristo que sofreu est\u00e1 entre n\u00f3s. \u00c9 nosso companheiro. Esperamos que levante os ca\u00eddos, traga cura \u00e0s v\u00edtimas e consolide nossa comunidade quebrada. Nossa comunidade de El Paso vai superar esse dia terr\u00edvel\u201d, expressou.<\/p>\n<p>Para concluir, o Bispo de El Paso afirmou: \u201cHoje choremos pelos falecidos e rezemos por eles. Amanh\u00e3, voltemos a nos comprometer com o amor. E preparemo-nos todos para uma a\u00e7\u00e3o justa que supere as for\u00e7as da divis\u00e3o e construa uma sociedade mais amorosa\u201d.<\/p>\n<p>O tiroteio ocorreu alguns dias depois que Dom Seitz iniciou uma campanha para levantar fundos de ajuda para imigrantes que buscam asilo nos Estados Unidos e que est\u00e3o presos no M\u00e9xico.<\/p>\n<p>A campanha lan\u00e7ada atrav\u00e9s da plataforma GoFundMe, em 29 de julho, j\u00e1 arrecadou quase 15 mil d\u00f3lares.<\/p>\n","protected":false},"excerpt":{"rendered":"<p>O Bispo de El Paso, no estado do Texas (Estados Unidos), Dom Mark J. Seitz, recordou que Deus enviou seu Filho ao mundo para &#8220;enfrentar o mal diab\u00f3lico&#8221;, como o tiroteio ocorrido, em 3 de agosto, em uma loja de Walmart, que deixou 22 mortos e 24 feridos. \u201cFoi precisamente para enfrentar esse mal diab\u00f3lico [&hellip;]<\/p>\n","protected":false},"author":1,"featured_media":52037,"comment_status":"open","ping_status":"closed","sticky":false,"template":"","format":"standard","meta":{"footnotes":""},"categories":[4],"tags":[],"class_list":["post-52036","post","type-post","status-publish","format-standard","has-post-thumbnail","hentry","category-cotidiano"],"_links":{"self":[{"href":"https:\/\/catolicanet.net\/wp-cnet\/wp-json\/wp\/v2\/posts\/52036","targetHints":{"allow":["GET"]}}],"collection":[{"href":"https:\/\/catolicanet.net\/wp-cnet\/wp-json\/wp\/v2\/posts"}],"about":[{"href":"https:\/\/catolicanet.net\/wp-cnet\/wp-json\/wp\/v2\/types\/post"}],"author":[{"embeddable":true,"href":"https:\/\/catolicanet.net\/wp-cnet\/wp-json\/wp\/v2\/users\/1"}],"replies":[{"embeddable":true,"href":"https:\/\/catolicanet.net\/wp-cnet\/wp-json\/wp\/v2\/comments?post=52036"}],"version-history":[{"count":1,"href":"https:\/\/catolicanet.net\/wp-cnet\/wp-json\/wp\/v2\/posts\/52036\/revisions"}],"predecessor-version":[{"id":52038,"href":"https:\/\/catolicanet.net\/wp-cnet\/wp-json\/wp\/v2\/posts\/52036\/revisions\/52038"}],"wp:featuredmedia":[{"embeddable":true,"href":"https:\/\/catolicanet.net\/wp-cnet\/wp-json\/wp\/v2\/media\/52037"}],"wp:attachment":[{"href":"https:\/\/catolicanet.net\/wp-cnet\/wp-json\/wp\/v2\/media?parent=52036"}],"wp:term":[{"taxonomy":"category","embeddable":true,"href":"https:\/\/catolicanet.net\/wp-cnet\/wp-json\/wp\/v2\/categories?post=52036"},{"taxonomy":"post_tag","embeddable":true,"href":"https:\/\/catolicanet.net\/wp-cnet\/wp-json\/wp\/v2\/tags?post=52036"}],"curies":[{"name":"wp","href":"https:\/\/api.w.org\/{rel}","templated":true}]}}