{"id":52033,"date":"2019-08-06T15:19:11","date_gmt":"2019-08-06T18:19:11","guid":{"rendered":"http:\/\/catolicanet.net\/wp-cnet\/?p=52033"},"modified":"2019-08-06T15:19:11","modified_gmt":"2019-08-06T18:19:11","slug":"causa-de-beatificacao-de-chesterton-nao-sera-aberta-por-enquanto-anuncia-bispo","status":"publish","type":"post","link":"https:\/\/catolicanet.net\/wp-cnet\/causa-de-beatificacao-de-chesterton-nao-sera-aberta-por-enquanto-anuncia-bispo\/","title":{"rendered":"Causa de beatifica\u00e7\u00e3o de Chesterton n\u00e3o ser\u00e1 aberta por enquanto, anuncia Bispo"},"content":{"rendered":"<p>A causa de beatifica\u00e7\u00e3o do famoso escritor e apologista ingl\u00eas Gilbert Keith Chesterton n\u00e3o ser\u00e1 aberta por enquanto, conforme anunciado por Dom Peter Doyle, Bispo de Northampton (Reino Unido), a diocese natal de Chesterton.<\/p>\n<p>Apesar dos escritos inspiradores de Chesterton e seu papel no renascimento cat\u00f3lico na Inglaterra, no in\u00edcio do s\u00e9culo XX, v\u00e1rios obst\u00e1culos impedem o avan\u00e7o da causa de beatifica\u00e7\u00e3o do autor, disse Dom Doyle em uma carta lida durante a sess\u00e3o de abertura da confer\u00eancia da Sociedade Americana de Chesterton.<\/p>\n<p>As tr\u00eas preocupa\u00e7\u00f5es citadas por Dom Doyle s\u00e3o que Chesterton n\u00e3o tem um &#8220;culto&#8221; de devo\u00e7\u00e3o local, a falta de um &#8220;padr\u00e3o de espiritualidade pessoal&#8221; que poderia ser discernido atrav\u00e9s de seus escritos e as acusa\u00e7\u00f5es de antissemitismo em seus escritos.<\/p>\n<p>\u201cSou muito consciente da devo\u00e7\u00e3o a G.K. Chesterton em muitas partes do mundo e de sua influ\u00eancia inspiradora em tantas pessoas, e isso torna dif\u00edcil comunicar a conclus\u00e3o a qual cheguei\u201d, disse o bispo, de acordo com o meio brit\u00e2nico \u2018Catholic Herald\u2019.<\/p>\n<p>Dom Doyle elogiou &#8220;a bondade de Chesterton e sua habilidade para evangelizar&#8221;, mas disse que n\u00e3o poderia abrir a causa neste momento.<\/p>\n<p>\u201c\u2026 N\u00e3o posso promover a causa de G.K. Chesterton por tr\u00eas raz\u00f5es. Primeira, e mais importante, n\u00e3o h\u00e1 culto local. Em segundo lugar, n\u00e3o consegui decifrar um padr\u00e3o de espiritualidade pessoal. E, em terceiro lugar, mesmo levando em considera\u00e7\u00e3o o contexto da \u00e9poca de G.K. Chesterton, a quest\u00e3o do antissemitismo \u00e9 um obst\u00e1culo real, particularmente neste momento no Reino Unido\u201d, disse na carta.<\/p>\n<p>Em entrevista ao seman\u00e1rio cat\u00f3lico espanhol \u2018Alpha y Omega\u2019, Dom Doyle disse que, enquanto Chesterton se posicionava firmemente contra os nazistas, estereotipava os judeus em formas preocupantes em alguns de seus escritos.<\/p>\n<p>Como exemplo, \u2018Alpha y Omega\u2019 assinalou que em \u2018The New Jerusalem\u2019, um livro escrito em 1920 por Chesterton, argumentou que os judeus precisavam ter uma na\u00e7\u00e3o separada para &#8220;viver, na medida do poss\u00edvel, em uma sociedade judaica governada pelos judeus&#8221;. Tamb\u00e9m defendia que os judeus deveriam usar roupas diferentes em p\u00fablico para poder distingui-los.<\/p>\n<p>The Society of Gilbert Keith Chesterton argumenta que a acusa\u00e7\u00e3o de antissemitismo contra Chesterton \u00e9 falsa, dado que o homem disse uma vez: &#8220;O mundo deve a Deus e aos judeus&#8221; e &#8220;morrerei defendendo o \u00faltimo judeu na Europa&#8221;.<\/p>\n<p>Chesterton foi &#8220;um homem que odiava o racismo e as teorias raciais e que lutou pela dignidade humana e sempre afirmou a irmandade de todos os homens&#8221;, afirma a sociedade em seu site.<\/p>\n<p>Pe. John Udris, que serviu como investigador da causa de Chesterton, disse a \u2018Catholic Herald\u2019: &#8220;Eu n\u00e3o invejo o bispo Peter por ter que tomar uma decis\u00e3o com t\u00e3o grandes implica\u00e7\u00f5es&#8221;.<\/p>\n<p>\u201cClaro que \u00e9 uma decep\u00e7\u00e3o. Mas a investiga\u00e7\u00e3o foi um grande privil\u00e9gio. Conhecer melhor Chesterton certamente mudou minha vida para melhor\u201d, acrescentou.<\/p>\n<p>Pe. Benedict Kiely, um sacerdote que afirma que a intercess\u00e3o de Chesterton ajudou a curar sua m\u00e3e de sepse, disse que a decis\u00e3o mostra que a hierarquia cat\u00f3lica inglesa est\u00e1 em uma &#8220;n\u00e9voa de mediocridade&#8221;, uma frase elaborada pelo autor Hilaire Belloc.<\/p>\n<p>\u201cA decis\u00e3o do atual Bispo de Northampton de n\u00e3o buscar a causa da canoniza\u00e7\u00e3o de G.K. Chesterton indica que a n\u00e9voa ainda n\u00e3o passou\u201d, disse Kiely a \u2018Catholic Herald\u2019.<\/p>\n<p>Segundo sua entrevista a \u2018Alfa y Omega\u2019, Dom Doyle disse que \u00e9 poss\u00edvel que seu sucessor reabra a causa. Dom Doyle tem 75 anos e j\u00e1 apresentou sua ren\u00fancia ao Papa Francisco.<\/p>\n<p>&#8220;N\u00e3o gostaria de ser um obst\u00e1culo para isso, al\u00e9m de declarar as conclus\u00f5es as quais cheguei&#8221;, disse o bispo.<\/p>\n<p>Chesterton nasceu em 1874 e se tornou escritor prol\u00edfico e apologista cat\u00f3lico ap\u00f3s sua convers\u00e3o \u00e0 f\u00e9. Ele \u00e9 conhecido por escrever cl\u00e1ssicos apolog\u00e9ticos como &#8220;Ortodoxia&#8221; e &#8220;O Homem Eterno&#8221;, bem como por sua s\u00e9rie fict\u00edcia &#8220;Padre Brown&#8221;, entre muitos outros trabalhos. Morreu em 1936.<\/p>\n","protected":false},"excerpt":{"rendered":"<p>A causa de beatifica\u00e7\u00e3o do famoso escritor e apologista ingl\u00eas Gilbert Keith Chesterton n\u00e3o ser\u00e1 aberta por enquanto, conforme anunciado por Dom Peter Doyle, Bispo de Northampton (Reino Unido), a diocese natal de Chesterton. Apesar dos escritos inspiradores de Chesterton e seu papel no renascimento cat\u00f3lico na Inglaterra, no in\u00edcio do s\u00e9culo XX, v\u00e1rios obst\u00e1culos [&hellip;]<\/p>\n","protected":false},"author":1,"featured_media":52034,"comment_status":"open","ping_status":"closed","sticky":false,"template":"","format":"standard","meta":{"footnotes":""},"categories":[4],"tags":[],"class_list":["post-52033","post","type-post","status-publish","format-standard","has-post-thumbnail","hentry","category-cotidiano"],"_links":{"self":[{"href":"https:\/\/catolicanet.net\/wp-cnet\/wp-json\/wp\/v2\/posts\/52033","targetHints":{"allow":["GET"]}}],"collection":[{"href":"https:\/\/catolicanet.net\/wp-cnet\/wp-json\/wp\/v2\/posts"}],"about":[{"href":"https:\/\/catolicanet.net\/wp-cnet\/wp-json\/wp\/v2\/types\/post"}],"author":[{"embeddable":true,"href":"https:\/\/catolicanet.net\/wp-cnet\/wp-json\/wp\/v2\/users\/1"}],"replies":[{"embeddable":true,"href":"https:\/\/catolicanet.net\/wp-cnet\/wp-json\/wp\/v2\/comments?post=52033"}],"version-history":[{"count":1,"href":"https:\/\/catolicanet.net\/wp-cnet\/wp-json\/wp\/v2\/posts\/52033\/revisions"}],"predecessor-version":[{"id":52035,"href":"https:\/\/catolicanet.net\/wp-cnet\/wp-json\/wp\/v2\/posts\/52033\/revisions\/52035"}],"wp:featuredmedia":[{"embeddable":true,"href":"https:\/\/catolicanet.net\/wp-cnet\/wp-json\/wp\/v2\/media\/52034"}],"wp:attachment":[{"href":"https:\/\/catolicanet.net\/wp-cnet\/wp-json\/wp\/v2\/media?parent=52033"}],"wp:term":[{"taxonomy":"category","embeddable":true,"href":"https:\/\/catolicanet.net\/wp-cnet\/wp-json\/wp\/v2\/categories?post=52033"},{"taxonomy":"post_tag","embeddable":true,"href":"https:\/\/catolicanet.net\/wp-cnet\/wp-json\/wp\/v2\/tags?post=52033"}],"curies":[{"name":"wp","href":"https:\/\/api.w.org\/{rel}","templated":true}]}}