{"id":52030,"date":"2019-08-06T15:08:19","date_gmt":"2019-08-06T18:08:19","guid":{"rendered":"http:\/\/catolicanet.net\/wp-cnet\/?p=52030"},"modified":"2019-08-06T15:08:19","modified_gmt":"2019-08-06T18:08:19","slug":"portugal-contagiar-os-jovens-com-o-virus-da-hospitalidade","status":"publish","type":"post","link":"https:\/\/catolicanet.net\/wp-cnet\/portugal-contagiar-os-jovens-com-o-virus-da-hospitalidade\/","title":{"rendered":"Portugal: \u201cContagiar os jovens com o v\u00edrus da hospitalidade\u201d"},"content":{"rendered":"<div class=\"article__subTitle\">Entrevista ao Vatican News do coordenador dos \u201cCampos de F\u00e9rias\u201d dos Irm\u00e3os de S. Jo\u00e3o de Deus, padre Alberto Mendes.<\/div>\n<div class=\"title__separator\"><\/div>\n<div class=\"article__text\">\n<p><b>Domingos Pinto \u2013 Lisboa<\/b><\/p>\n<p>\u201cValorizar a dimens\u00e3o do servi\u00e7o, da ora\u00e7\u00e3o, da forma\u00e7\u00e3o, da partilha, de viver no concreto aquilo que \u00e9 a hospitalidade\u201d.<\/p>\n<div>\n<div class=\"article__embed article__embed--unwrap article__embed--dark\">\n<div class=\"article__innerTitle\">Ou\u00e7a e compartilhe!<\/div>\n<audio class=\"wp-audio-shortcode\" id=\"audio-52030-1\" preload=\"none\" style=\"width: 100%;\" controls=\"controls\"><source type=\"audio\/mpeg\" src=\"https:\/\/media.vaticannews.va\/media\/audio\/s1\/2019\/08\/05\/18\/135163468_F135163468.mp3?_=1\" \/><a href=\"https:\/\/media.vaticannews.va\/media\/audio\/s1\/2019\/08\/05\/18\/135163468_F135163468.mp3\">https:\/\/media.vaticannews.va\/media\/audio\/s1\/2019\/08\/05\/18\/135163468_F135163468.mp3<\/a><\/audio>\n<\/div>\n<\/div>\n<p>\u00c9 desta forma que o padre Alberto Mendes, ligado \u00e0 Casa de Sa\u00fade do Telhal, no Concelho de Sintra, destaca o sentido dos \u201cCampos de F\u00e9rias\u201d que a Ordem Hospitaleira de S. Jo\u00e3o de Deus est\u00e1 a promover at\u00e9 \u00e0 1\u00aa semana de setembro nas suas casas em todo o pa\u00eds, incluindo as ilhas da Madeira e dos A\u00e7ores.<\/p>\n<p>Os jovens s\u00e3o desafiados a participar em atividades de voluntariado com doentes de foro psiqui\u00e1trico, concretamente de anima\u00e7\u00e3o, conv\u00edvio e ajuda em pequenas atividades.<\/p>\n<p>Para aquele sacerdote, respons\u00e1vel da iniciativa \u00abVer\u00e3o Hospitaleiro com S. Jo\u00e3o de Deus\u00bb, \u00e9 importante \u201ccontagiar\u201d os jovens com o \u201cv\u00edrus da hospitalidade\u201d.<\/p>\n<p>O padre Alberto Mendes diz que a sa\u00fade mental em Portugal \u201ccontinua a ser uma das periferias\u201d, porque s\u00e3o pessoas que \u201c\u00e0s vezes continuam a ser exclu\u00eddas, e que \u201cn\u00e3o t\u00eam quem lute por elas\u201d.<\/p>\n<p>\u00c9 neste contexto que o religioso diz que Francisco \u00e9 um Papa \u201chospitaleiro\u201d, que \u201cfala das periferias, dos mais pequenos, daqueles que necessitam mais, sempre\u201d.<\/p>\n<p>\u201c\u00c9 um Cristo vivo, digamos assim, no dia-a-dia, a forma como ele governa a igreja, como atende a igreja e acompanha, e com esta atitude sempre hospitaleira do acolhimento\u201d, explica o sacerdote que deixa um apelo: \u201cTemos de ser porta-vozes dos direitos destas pessoas\u201d.<\/p>\n<\/div>\n","protected":false},"excerpt":{"rendered":"<p>Entrevista ao Vatican News do coordenador dos \u201cCampos de F\u00e9rias\u201d dos Irm\u00e3os de S. Jo\u00e3o de Deus, padre Alberto Mendes. Domingos Pinto \u2013 Lisboa \u201cValorizar a dimens\u00e3o do servi\u00e7o, da ora\u00e7\u00e3o, da forma\u00e7\u00e3o, da partilha, de viver no concreto aquilo que \u00e9 a hospitalidade\u201d. Ou\u00e7a e compartilhe! \u00c9 desta forma que o padre Alberto Mendes, [&hellip;]<\/p>\n","protected":false},"author":1,"featured_media":52031,"comment_status":"open","ping_status":"closed","sticky":false,"template":"","format":"standard","meta":{"footnotes":""},"categories":[3],"tags":[],"class_list":["post-52030","post","type-post","status-publish","format-standard","has-post-thumbnail","hentry","category-vaticano"],"_links":{"self":[{"href":"https:\/\/catolicanet.net\/wp-cnet\/wp-json\/wp\/v2\/posts\/52030","targetHints":{"allow":["GET"]}}],"collection":[{"href":"https:\/\/catolicanet.net\/wp-cnet\/wp-json\/wp\/v2\/posts"}],"about":[{"href":"https:\/\/catolicanet.net\/wp-cnet\/wp-json\/wp\/v2\/types\/post"}],"author":[{"embeddable":true,"href":"https:\/\/catolicanet.net\/wp-cnet\/wp-json\/wp\/v2\/users\/1"}],"replies":[{"embeddable":true,"href":"https:\/\/catolicanet.net\/wp-cnet\/wp-json\/wp\/v2\/comments?post=52030"}],"version-history":[{"count":1,"href":"https:\/\/catolicanet.net\/wp-cnet\/wp-json\/wp\/v2\/posts\/52030\/revisions"}],"predecessor-version":[{"id":52032,"href":"https:\/\/catolicanet.net\/wp-cnet\/wp-json\/wp\/v2\/posts\/52030\/revisions\/52032"}],"wp:featuredmedia":[{"embeddable":true,"href":"https:\/\/catolicanet.net\/wp-cnet\/wp-json\/wp\/v2\/media\/52031"}],"wp:attachment":[{"href":"https:\/\/catolicanet.net\/wp-cnet\/wp-json\/wp\/v2\/media?parent=52030"}],"wp:term":[{"taxonomy":"category","embeddable":true,"href":"https:\/\/catolicanet.net\/wp-cnet\/wp-json\/wp\/v2\/categories?post=52030"},{"taxonomy":"post_tag","embeddable":true,"href":"https:\/\/catolicanet.net\/wp-cnet\/wp-json\/wp\/v2\/tags?post=52030"}],"curies":[{"name":"wp","href":"https:\/\/api.w.org\/{rel}","templated":true}]}}