{"id":52009,"date":"2019-08-05T14:31:34","date_gmt":"2019-08-05T17:31:34","guid":{"rendered":"http:\/\/catolicanet.net\/wp-cnet\/?p=52009"},"modified":"2019-08-05T14:31:34","modified_gmt":"2019-08-05T17:31:34","slug":"sinodo-para-a-amazonia-e-discutido-em-seminario-interdiocesano-no-maranhao","status":"publish","type":"post","link":"https:\/\/catolicanet.net\/wp-cnet\/sinodo-para-a-amazonia-e-discutido-em-seminario-interdiocesano-no-maranhao\/","title":{"rendered":"S\u00ednodo para a Amaz\u00f4nia \u00e9 discutido em semin\u00e1rio interdiocesano no Maranh\u00e3o"},"content":{"rendered":"<p>Dioceses do Sul do Maranh\u00e3o (Regional Nordeste 5: Carolina, Imperatriz, Viana, Graja\u00fa e Balsas) e a Diocese de Tocantin\u00f3polis, do Norte do Tocantins, se reuniram para discutir o documento de trabalho do S\u00ednodo para a Amaz\u00f4nia. Acolhidos pelo bispo de Carolina, Dom Francisco Lima Soares, o semin\u00e1rio de estudos, realizado em Estreito\/MA nos dias 03 e 04, contou com a presen\u00e7a de leigos, bispos, padres, religiosos, membros de movimentos e conselhos sociais e representantes do governo.<\/p>\n<p>Na ocasi\u00e3o, foram discutidas a\u00e7\u00f5es para antes, durante e depois da Assembleia Sinodal, a ser realizada em Roma no m\u00eas de outubro. Padre D\u00e1rio Bossi, assessor da Rede Eclesial Pan-Amaz\u00f4nica\/REPAM-Brasil, destaca o sentimento de esperan\u00e7a pela defesa da vida transmitida pelos participantes.<\/p>\n<p>\u201cSa\u00edmos desse encontro com muito \u00e2nimo, com a certeza de que o que foi decidido aqui vai ser multiplicado pelas m\u00e3os, cora\u00e7\u00f5es e pensamentos das pessoas que participaram\u201d, comemorou o assessor. \u00a0\u201cN\u00f3s mesmos somos o S\u00ednodo que caminha com nossas pernas, e isso, a partir de outubro, poderemos mostr\u00e1-lo em nossas comunidades crist\u00e3s\u201d, completou.<\/p>\n<p><strong>Unidade<\/strong><\/p>\n<p>A Diocese de Tocantin\u00f3polis \u00e9 membro do Regional Norte 3, mas\u00a0 faz divisa com o Sul do Maranh\u00e3o. O bispo diocesano Dom Giovane Pereira de Melo, explica que devido \u00e0 proximidade, muitas problem\u00e1ticas s\u00e3o comuns, e por isso \u00e9 importante somar for\u00e7as. \u201cDentro da metodologia da Repam a gente tem sempre buscado trabalhar como \u2018bacia\u2019, ent\u00e3o n\u00f3s estamos situados aqui na bacia do Rio Tocantins\u201d, explicou. <a href=\"http:\/\/www.cnbb.org.br\/sinodo-para-a-amazonia-e-discutido-em-seminario-interdiocesano-no-maranhao\/04-seminario-repam-estreito-foto-rodrigo-martins-agencia-sagrado\/\"><img loading=\"lazy\" decoding=\"async\" class=\"size-medium wp-image-223717 alignleft\" src=\"http:\/\/www.cnbb.org.br\/wp-content\/uploads\/sites\/32\/2019\/08\/04-Semin\u00e1rio-Repam-Estreito-Foto.-Rodrigo-Martins-Ag\u00eancia-Sagrado-300x200.jpg\" srcset=\"http:\/\/www.cnbb.org.br\/wp-content\/uploads\/sites\/32\/2019\/08\/04-Semin\u00e1rio-Repam-Estreito-Foto.-Rodrigo-Martins-Ag\u00eancia-Sagrado-300x200.jpg 300w, http:\/\/www.cnbb.org.br\/wp-content\/uploads\/sites\/32\/2019\/08\/04-Semin\u00e1rio-Repam-Estreito-Foto.-Rodrigo-Martins-Ag\u00eancia-Sagrado-768x512.jpg 768w, http:\/\/www.cnbb.org.br\/wp-content\/uploads\/sites\/32\/2019\/08\/04-Semin\u00e1rio-Repam-Estreito-Foto.-Rodrigo-Martins-Ag\u00eancia-Sagrado.jpg 1024w\" alt=\"\" width=\"300\" height=\"200\" \/><\/a><\/p>\n<p>Para o bispo, o semin\u00e1rio foi um momento prop\u00edcio para avan\u00e7ar na propaga\u00e7\u00e3o do processo sinodal. \u201cQueremos ser essas antenas, aqueles que v\u00e3o divulgar o s\u00ednodo, sensibilizar os atores, os grupos, os movimentos sociais, as nossas pastorais, as nossas dioceses, no sentido de abra\u00e7ar a problem\u00e1tica que o s\u00ednodo est\u00e1 discutindo\u201d. Dom Giovane destaca ainda que a problem\u00e1tica do S\u00ednodo n\u00e3o \u00e9 s\u00f3 dos bispos da Amaz\u00f4nia, \u201c\u00e9 uma problem\u00e1tica que interessa a toda a Igreja, que interessa o mundo inteiro\u201d.<\/p>\n<p><strong>Vozes ouvidas<\/strong><\/p>\n<p>Al\u00e9m de discutir o documento de trabalho do S\u00ednodo, o semin\u00e1rio ouviu as vozes dos povos amaz\u00f4nicos que participaram ativamente do encontro. Heraldo Guajaja, \u00e9 ind\u00edgena da aldeia Sabonete do Le\u00e3o, no munic\u00edpio de Graja\u00fa\/MA. Ele conta que foi a primeira vez que participou de uma atividade promovida pela Igreja Cat\u00f3lica e ficou admirado com a abertura dada a ele e aos demais ind\u00edgenas presentes. <a href=\"http:\/\/www.cnbb.org.br\/sinodo-para-a-amazonia-e-discutido-em-seminario-interdiocesano-no-maranhao\/06-seminario-repam-estreito-foto-rodrigo-martins-agencia-sagrado\/\"><img loading=\"lazy\" decoding=\"async\" class=\"size-medium wp-image-223716 alignright\" src=\"http:\/\/www.cnbb.org.br\/wp-content\/uploads\/sites\/32\/2019\/08\/06-Semin\u00e1rio-Repam-Estreito-Foto.-Rodrigo-Martins-Ag\u00eancia-Sagrado-300x200.jpg\" srcset=\"http:\/\/www.cnbb.org.br\/wp-content\/uploads\/sites\/32\/2019\/08\/06-Semin\u00e1rio-Repam-Estreito-Foto.-Rodrigo-Martins-Ag\u00eancia-Sagrado-300x200.jpg 300w, http:\/\/www.cnbb.org.br\/wp-content\/uploads\/sites\/32\/2019\/08\/06-Semin\u00e1rio-Repam-Estreito-Foto.-Rodrigo-Martins-Ag\u00eancia-Sagrado-768x512.jpg 768w, http:\/\/www.cnbb.org.br\/wp-content\/uploads\/sites\/32\/2019\/08\/06-Semin\u00e1rio-Repam-Estreito-Foto.-Rodrigo-Martins-Ag\u00eancia-Sagrado.jpg 1024w\" alt=\"\" width=\"300\" height=\"200\" \/><\/a><\/p>\n<p>\u201cFoi muito bom a gente ter tido a oportunidade de expressar o que a gente sente, o que a gente passa nas nossas aldeias. A gente teve essa oportunidade de expressar nossas ideias, nossa vis\u00e3o, nossa gente, nossa forma de ser, e a Igreja respeitou isso. A Igreja quer que gente venha a opinar, venha a expor as nossas ideias com a nossa pr\u00f3pria vis\u00e3o, com a nossa pr\u00f3pria forma de ser\u201d, declarou.<\/p>\n<p><strong>Carta Aberta<\/strong><\/p>\n<p>Ao final do semin\u00e1rio foi elaborada uma carta aberta para ser lida nas par\u00f3quias e comunidades, a fim de anunciar o compromisso com o S\u00ednodo para a Amaz\u00f4nia. Confira a carta na \u00edntegra:<\/p>\n<p><em>N\u00f3s, Membros do Comit\u00ea Interdiocesano da Rede Eclesial Pan-Amaz\u00f4nica (REPAM), no Sul do Maranh\u00e3o, Regional NE 5, das Dioceses de Balsas, Carolina, Graja\u00fa, Imperatriz, Viana, e a Diocese convidada de Tocantin\u00f3polis (TO), participantes do SEMIN\u00c1RIO DE ESTUDOS DA REPAM, celebrado nos dias 3 e 4 de agosto, no munic\u00edpio de Estreito, da Diocese de Carolina, juntamente com a Secretaria de Direitos Humanos e Participa\u00e7\u00e3o Popular \u2013 SEDIHPOP do Maranh\u00e3o, do Movimento Ind\u00edgena e demais entidades sociais, temos a alegria de anunciar nosso compromisso com o S\u00cdNODO PARA A PAN- AMAZ\u00d4NIA, convocado pelo Papa Francisco.<\/em><\/p>\n<p><em>O S\u00ednodo \u00e9 um convite a CAMINHAR JUNTOS e ouvir o clamor dos Povos da Amaz\u00f4nia \u2013 nossas vozes \u2013 no cuidado da Casa Comum, no compromisso prof\u00e9tico para o BEM VIVER.<\/em><\/p>\n<p><em>Com renovada esperan\u00e7a, CONVIDAMOS VOC\u00ca a conhecer e fazer parte deste processo na defesa e promo\u00e7\u00e3o da vida e dignidade do Povo de Deus, especialmente os Povos Ind\u00edgenas, Quilombolas, Extrativistas, Pescadores, Ribeirinhos, Camponeses e demais povos do campo e da cidade, frequentemente esquecidos, agredidos e sem perspectiva de um futuro seguro.<\/em><\/p>\n<p><em>Ser\u00e1 uma grande b\u00ean\u00e7\u00e3o chegarmos a uma CONVERS\u00c3O ECOL\u00d3GICA, de uma Igreja servidora e mission\u00e1ria, dispondo-nos a uma evangeliza\u00e7\u00e3o inclusiva, de respeito e valoriza\u00e7\u00e3o das diversas culturas e formas de vida.<\/em><\/p>\n<p><em>Tudo est\u00e1 interligado como se f\u00f4ssemos um, tudo est\u00e1 interligado nesta Casa Comum.<\/em><\/p>\n","protected":false},"excerpt":{"rendered":"<p>Dioceses do Sul do Maranh\u00e3o (Regional Nordeste 5: Carolina, Imperatriz, Viana, Graja\u00fa e Balsas) e a Diocese de Tocantin\u00f3polis, do Norte do Tocantins, se reuniram para discutir o documento de trabalho do S\u00ednodo para a Amaz\u00f4nia. Acolhidos pelo bispo de Carolina, Dom Francisco Lima Soares, o semin\u00e1rio de estudos, realizado em Estreito\/MA nos dias 03 [&hellip;]<\/p>\n","protected":false},"author":1,"featured_media":52010,"comment_status":"open","ping_status":"closed","sticky":false,"template":"","format":"standard","meta":{"footnotes":""},"categories":[7],"tags":[],"class_list":["post-52009","post","type-post","status-publish","format-standard","has-post-thumbnail","hentry","category-cnbb"],"_links":{"self":[{"href":"https:\/\/catolicanet.net\/wp-cnet\/wp-json\/wp\/v2\/posts\/52009","targetHints":{"allow":["GET"]}}],"collection":[{"href":"https:\/\/catolicanet.net\/wp-cnet\/wp-json\/wp\/v2\/posts"}],"about":[{"href":"https:\/\/catolicanet.net\/wp-cnet\/wp-json\/wp\/v2\/types\/post"}],"author":[{"embeddable":true,"href":"https:\/\/catolicanet.net\/wp-cnet\/wp-json\/wp\/v2\/users\/1"}],"replies":[{"embeddable":true,"href":"https:\/\/catolicanet.net\/wp-cnet\/wp-json\/wp\/v2\/comments?post=52009"}],"version-history":[{"count":1,"href":"https:\/\/catolicanet.net\/wp-cnet\/wp-json\/wp\/v2\/posts\/52009\/revisions"}],"predecessor-version":[{"id":52011,"href":"https:\/\/catolicanet.net\/wp-cnet\/wp-json\/wp\/v2\/posts\/52009\/revisions\/52011"}],"wp:featuredmedia":[{"embeddable":true,"href":"https:\/\/catolicanet.net\/wp-cnet\/wp-json\/wp\/v2\/media\/52010"}],"wp:attachment":[{"href":"https:\/\/catolicanet.net\/wp-cnet\/wp-json\/wp\/v2\/media?parent=52009"}],"wp:term":[{"taxonomy":"category","embeddable":true,"href":"https:\/\/catolicanet.net\/wp-cnet\/wp-json\/wp\/v2\/categories?post=52009"},{"taxonomy":"post_tag","embeddable":true,"href":"https:\/\/catolicanet.net\/wp-cnet\/wp-json\/wp\/v2\/tags?post=52009"}],"curies":[{"name":"wp","href":"https:\/\/api.w.org\/{rel}","templated":true}]}}