{"id":52006,"date":"2019-08-05T14:21:55","date_gmt":"2019-08-05T17:21:55","guid":{"rendered":"http:\/\/catolicanet.net\/wp-cnet\/?p=52006"},"modified":"2019-08-05T14:22:43","modified_gmt":"2019-08-05T17:22:43","slug":"papa-no-angelus-que-os-bens-materiais-nao-desviem-do-verdadeiro-tesouro","status":"publish","type":"post","link":"https:\/\/catolicanet.net\/wp-cnet\/papa-no-angelus-que-os-bens-materiais-nao-desviem-do-verdadeiro-tesouro\/","title":{"rendered":"Papa no Angelus: que os bens materiais n\u00e3o desviem do verdadeiro tesouro"},"content":{"rendered":"<p><iframe loading=\"lazy\" width=\"696\" height=\"392\" src=\"https:\/\/www.youtube.com\/embed\/tXe-eAVlHO8?feature=oembed\" frameborder=\"0\" allow=\"accelerometer; autoplay; encrypted-media; gyroscope; picture-in-picture\" allowfullscreen><\/iframe><\/p>\n<div class=\"article__subTitle\">Uma vida realizada segundo o estilo evang\u00e9lico &#8211; amar a Deus com todo o nosso ser e amar o pr\u00f3ximo como Jesus o amou &#8211; &#8220;\u00e9 a fonte da verdadeira felicidade, enquanto a procura desmedida de bens e de riquezas materiais \u00e9 muitas vezes fonte de inquieta\u00e7\u00e3o, de adversidade, de prevarica\u00e7\u00e3o, de guerra.&#8221;<\/div>\n<div class=\"title__separator\"><\/div>\n<div class=\"article__text\">\n<p><b>Jackson Erpen \u2013 Cidade do Vaticano<\/b><\/p>\n<p>Os bens materiais s\u00e3o necess\u00e1rios para a vida, s\u00e3o um meio para viver honestamente e na partilha com os mais necessitados.\u00a0 As riquezas, no entanto,\u00a0 podem aprisionar o cora\u00e7\u00e3o e distra\u00ed-lo \u00a0do verdadeiro tesouro que est\u00e1 no c\u00e9u. E a cobi\u00e7a \u00e9 fonte de inquieta\u00e7\u00e3o e guerras.<\/p>\n<div>\n<div class=\"article__embed article__embed--unwrap article__embed--dark\">\n<div class=\"article__innerTitle\">Ou\u00e7a e compartilhe!<\/div>\n<!--[if lt IE 9]><script>document.createElement('audio');<\/script><![endif]-->\n<audio class=\"wp-audio-shortcode\" id=\"audio-52006-1\" preload=\"none\" style=\"width: 100%;\" controls=\"controls\"><source type=\"audio\/mpeg\" src=\"https:\/\/media.vaticannews.va\/media\/audio\/s1\/2019\/08\/04\/14\/135161978_F135161978.mp3?_=1\" \/><a href=\"https:\/\/media.vaticannews.va\/media\/audio\/s1\/2019\/08\/04\/14\/135161978_F135161978.mp3\">https:\/\/media.vaticannews.va\/media\/audio\/s1\/2019\/08\/04\/14\/135161978_F135161978.mp3<\/a><\/audio>\n<\/div>\n<\/div>\n<p>Foi o que disse o Papa aos milhares de fi\u00e9is reunidos na Pra\u00e7a S\u00e3o Pedro no <i>Angelus<\/i> deste XVIII Domingo do Tempo Comum, ao inspirar sua reflex\u00e3o no Evangelho proposto pela liturgia do dia: &#8220;Seria belo se voc\u00eas lessem hoje o cap\u00edtulo 12 de S\u00e3o Lucas, vers\u00edculo 13. \u00c9 uma bela par\u00e1bola que nos ensina muito&#8221;, recomendou.<\/p>\n<p>Francisco come\u00e7a explicando a cena narrada por S\u00e3o Lucas, em que um homem que se levanta entre a multid\u00e3o e pede a Jesus para elucidar uma quest\u00e3o jur\u00eddica sobre a heran\u00e7a de fam\u00edlia. Mas Ele n\u00e3o trata da quest\u00e3o na resposta, e exorta a permanecer distante\u00a0 da gan\u00e2ncia, isto \u00e9, da avidez de possuir\u201d.<\/p>\n<p>Jesus ent\u00e3o, \u201cpara dissuadir seus ouvintes dessa busca fren\u00e9tica pela riqueza\u201d, conta a par\u00e1bola do rico louco, \u201cque acredita estar feliz porque teve a sorte de uma colheita excepcional e se sente seguro pelos bens acumulados\u201d.<\/p>\n<div>\n<aside class=\"article__readmore\">\n<div class=\"teaser--labelEvidence teaser teaser--type-angelus\">\n<article>\n<div class=\"teaser__labelWrapper\"><\/div>\n<\/article>\n<\/div>\n<\/aside>\n<\/div>\n<\/div>\n<p>De um lado, o rico, que coloca diante de si \u201cos muitos bens acumulados, os muitos anos que esses bens parecem assegurar a ele, e terceiro, tranquilidade e o bem-estar desenfreados.\u201d<\/p>\n<p>De outro, Deus que se dirige a ele, desfazendo todos estes projetos: \u201cem vez dos &#8220;muitos anos&#8221;, Deus indica o imediatismo de &#8220;nesta mesma noite, nesta noite morrer\u00e1s&#8221;; no lugar do &#8220;gozo da vida&#8221; apresenta-lhe o &#8220;devolver a vida, devolver\u00e1s a vida a Deus&#8221;, com o consequente julgamento.&#8221;<\/p>\n<h2>Trocar o concreto por fantasias<\/h2>\n<p>Diante da realidade dos muitos bens acumulados que eram a base sobre a qual o rico alicer\u00e7ava a sua vida, a pergunta: &#8220;E as coisas que voc\u00ea preparou, para quem v\u00e3o ficar?&#8221;<\/p>\n<p>O Papa recorda ent\u00e3o das lutas pela heran\u00e7a, &#8220;tantas lutas de fam\u00edlia&#8221;:<\/p>\n<div>\n<div class=\"article__embed article__embed--border embed_style\">\n<blockquote><p>\u201c E tanta gente, todos conhecemos alguma hist\u00f3ria, que na hora da morte come\u00e7a a aparecer: os sobrinhos, os netinhos vem conferir: &#8220;Mas o que cabe a mim?&#8221;, e levam embora tudo \u201d<\/p><\/blockquote>\n<\/div>\n<\/div>\n<p>\u00c9 nesta contraposi\u00e7\u00e3o \u2013 explica o Papa \u2013 \u201cque se justifica a denomina\u00e7\u00e3o de &#8220;louco&#8221; &#8211; porque pensa em coisas que ele acredita serem concretas, mas s\u00e3o uma fantasia &#8211; com a qual Deus se dirige a este homem. Ele \u00e9 louco, porque na pr\u00e1tica ele renegou a Deus, ele n\u00e3o contava com ele\u201d.<\/p>\n<p>Ao final, a advert\u00eancia do evangelista que \u201crevela o horizonte para o qual todos somos chamados a olhar\u201d: &#8220;Assim acontece com quem ajunta tesouros para si mesmo, mas n\u00e3o \u00e9 rico para Deus&#8221;:<\/p>\n<p>\u201c<i>Os bens materiais s\u00e3o necess\u00e1rios, s\u00e3o bens, mas s\u00e3o um meio para viver honestamente e na partilha com os mais necessitados. Jesus hoje nos convida a considerar que as riquezas podem aprisionar o cora\u00e7\u00e3o e distra\u00ed-lo \u00a0do verdadeiro tesouro que est\u00e1 no c\u00e9u.<\/i>\u201d<\/p>\n<h2>Buscar as coisas que t\u00eam um verdadeiro valor<\/h2>\n<p>Tamb\u00e9m na segunda leitura proposta pela liturgia do dia, da Carta aos Colossenses, S\u00e3o Paulo nos recorda a buscarmos as coisas do alto, e n\u00e3o as coisas da terra, o que n\u00e3o significa \u201cfugir da realidade\u201d, explica o Santo Padre:<\/p>\n<p>\u201c<i>Isso &#8211; d\u00e1 para entender &#8211; n\u00e3o significa fugir da realidade, mas buscar coisas que t\u00eam um verdadeiro valor: a justi\u00e7a, a solidariedade, a acolhida, a fraternidade, a paz, todas coisas que constituem a verdadeira dignidade do homem. Trata-se de direcionar para uma vida realizada n\u00e3o segundo o estilo mundano, mas segundo o estilo evang\u00e9lico: amar a Deus com todo o nosso ser e amar o pr\u00f3ximo como Jesus o amou, isto \u00e9, no servi\u00e7o e no dom de si.&#8221;<\/i><\/p>\n<h2>Cobi\u00e7a, fonte de inquieta\u00e7\u00e3o e de guerra<\/h2>\n<p>&#8220;O amor assim entendido e vivido, \u00e9 a fonte da verdadeira felicidade, enquanto a procura desmedida de bens e de riquezas materiais \u00e9 muitas vezes fonte de inquieta\u00e7\u00e3o, de adversidade, de prevarica\u00e7\u00e3o, de guerra\u201d:<\/p>\n<p>&#8220;<i>A cobi\u00e7a dos bens, o desejo de ter bens, n\u00e3o sacia o cora\u00e7\u00e3o, antes pelo contr\u00e1rio, provoca mais fome! A cobi\u00e7a \u00e9 como aquele caramelo gostoso: tu pegas um e diz: &#8220;Ah, que bom!!, e depois pega outro e outro. Assim \u00e9 a cobi\u00e7a: nunca se sacia. Estejam atentos<\/i>!&#8221;<\/p>\n<p>&#8220;Que a Virgem Maria &#8211; pediu o Pont\u00edce ao concluir &#8211; nos ajude a n\u00e3o ficarmos fascinados pelas seguran\u00e7as que passam, mas a sermos a cada dia cr\u00edveis testemunhas dos valores eternos do Evangelho.<\/p>\n","protected":false},"excerpt":{"rendered":"<p>Uma vida realizada segundo o estilo evang\u00e9lico &#8211; amar a Deus com todo o nosso ser e amar o pr\u00f3ximo como Jesus o amou &#8211; &#8220;\u00e9 a fonte da verdadeira felicidade, enquanto a procura desmedida de bens e de riquezas materiais \u00e9 muitas vezes fonte de inquieta\u00e7\u00e3o, de adversidade, de prevarica\u00e7\u00e3o, de guerra.&#8221; Jackson Erpen [&hellip;]<\/p>\n","protected":false},"author":1,"featured_media":52007,"comment_status":"open","ping_status":"closed","sticky":false,"template":"","format":"standard","meta":{"footnotes":""},"categories":[13],"tags":[],"class_list":["post-52006","post","type-post","status-publish","format-standard","has-post-thumbnail","hentry","category-featured"],"_links":{"self":[{"href":"https:\/\/catolicanet.net\/wp-cnet\/wp-json\/wp\/v2\/posts\/52006","targetHints":{"allow":["GET"]}}],"collection":[{"href":"https:\/\/catolicanet.net\/wp-cnet\/wp-json\/wp\/v2\/posts"}],"about":[{"href":"https:\/\/catolicanet.net\/wp-cnet\/wp-json\/wp\/v2\/types\/post"}],"author":[{"embeddable":true,"href":"https:\/\/catolicanet.net\/wp-cnet\/wp-json\/wp\/v2\/users\/1"}],"replies":[{"embeddable":true,"href":"https:\/\/catolicanet.net\/wp-cnet\/wp-json\/wp\/v2\/comments?post=52006"}],"version-history":[{"count":1,"href":"https:\/\/catolicanet.net\/wp-cnet\/wp-json\/wp\/v2\/posts\/52006\/revisions"}],"predecessor-version":[{"id":52008,"href":"https:\/\/catolicanet.net\/wp-cnet\/wp-json\/wp\/v2\/posts\/52006\/revisions\/52008"}],"wp:featuredmedia":[{"embeddable":true,"href":"https:\/\/catolicanet.net\/wp-cnet\/wp-json\/wp\/v2\/media\/52007"}],"wp:attachment":[{"href":"https:\/\/catolicanet.net\/wp-cnet\/wp-json\/wp\/v2\/media?parent=52006"}],"wp:term":[{"taxonomy":"category","embeddable":true,"href":"https:\/\/catolicanet.net\/wp-cnet\/wp-json\/wp\/v2\/categories?post=52006"},{"taxonomy":"post_tag","embeddable":true,"href":"https:\/\/catolicanet.net\/wp-cnet\/wp-json\/wp\/v2\/tags?post=52006"}],"curies":[{"name":"wp","href":"https:\/\/api.w.org\/{rel}","templated":true}]}}