{"id":51997,"date":"2019-08-05T11:43:42","date_gmt":"2019-08-05T14:43:42","guid":{"rendered":"http:\/\/catolicanet.net\/wp-cnet\/?p=51997"},"modified":"2019-08-05T11:43:42","modified_gmt":"2019-08-05T14:43:42","slug":"nigeria-pastores-fulani-matam-sacerdote-catolico-na-diocese-de-enugu","status":"publish","type":"post","link":"https:\/\/catolicanet.net\/wp-cnet\/nigeria-pastores-fulani-matam-sacerdote-catolico-na-diocese-de-enugu\/","title":{"rendered":"Nig\u00e9ria: Pastores Fulani matam sacerdote cat\u00f3lico na Diocese de Enugu"},"content":{"rendered":"<p>A Funda\u00e7\u00e3o Ajuda \u00e0 Igreja que Sofre (AIS) informa que pastores Fulani assassinaram na \u00faltima quinta-feira o padre Paul Offu, \u201cum dos jovens e mais ativos sacerdotes\u201d da Diocese de Enugu na Nig\u00e9ria.<\/p>\n<p>\u201cEm plena estrada, enquanto estava a fazer uma visita a um amigo seu, sacerdote em Ihe Agbudu. Que mundo perverso e demon\u00edaco\u201d, refere o padre Modestus Onwumelu, numa nota enviada \u00e0 hoje \u00e0 Ag\u00eancia ECCLESIA,<\/p>\n<p>A funda\u00e7\u00e3o pontif\u00edcia informa que o padre Paul Offu foi o segundo sacerdote cat\u00f3lico \u201cassassinado nos \u00faltimos meses\u201d pelos pastores Fulani na Diocese de Enugu e \u201ch\u00e1 relatos de outros ataques a sacerdotes, igrejas, escolas e indiv\u00edduos\u201d.<\/p>\n<p>\u201cO medo e o sentimento de inseguran\u00e7a est\u00e3o a aumentar cada vez mais na Nig\u00e9ria por causa destes ataques terroristas levados a cabo por grupos de pastores n\u00f3madas cuja viol\u00eancia contra os propriet\u00e1rios de terras, camponeses e cidad\u00e3os inocentes, como o Padre Paulo, est\u00e1 a aumentar sem que haja algum fim a vista\u201d, desenvolve a AIS.<\/p>\n<p>\u201cPor favor, rezem pelo eterno descanso da sua alma gentil\u201d, pediu o padre Emmanuel Nkemjika Igweshi ao comunicar a morte do sacerdote cat\u00f3lico \u201c\u00e0s m\u00e3os de alguns bandidos, supostamente Fulani, ao longo da estrada de Agbudu em Awgu\u201d.<\/p>\n<p>O padre Paul Offu que era, atualmente, respons\u00e1vel pela Par\u00f3quia de Santiago, em Ugbawka, tinha estado num encontro de todos os sacerdotes de Emene quando se dirigia para Agbudu onde ia participar numa vig\u00edlia de ora\u00e7\u00e3o, contou outro sacerdote.<\/p>\n<p>A Funda\u00e7\u00e3o Ajuda \u00c0 Igreja que Sofre divulga que atual Governo do presidente Buhari, da tribo Fulani, continua a promover leis que favorecem a pastor\u00edcia \u201clivre e sem limites\u201d em todo o pa\u00eds, como a lei \u2018Ruga\u2019, que foi \u201centretanto suspensa\u201d, mas \u201cenfrentou uma enorme resist\u00eancia de um grande n\u00famero de nigerianos\u201d.<\/p>\n<p>A AIS <a href=\"https:\/\/www.fundacao-ais.pt\/noticias\/detail\/id\/5378\/\" target=\"_blank\" rel=\"noopener noreferrer\">lembra<\/a> que, \u201ch\u00e1 pouco mais de um ano\u201d, a Nig\u00e9ria se \u201ccomoveu\u201d com a\u00a0morte de dois sacerdotes cat\u00f3licos e 15 fi\u00e9is, da Par\u00f3quia de Santo In\u00e1cio na Diocese de Makurdi, assassinados por pastores mu\u00e7ulmanos Fulani durante a Eucaristia.<\/p>\n<p>Durante os ataques dos Fulani morreram mais de 100 mortes e cerca de 50 casas foram destru\u00eddas, nos primeiros quatro meses de 2018.<\/p>\n","protected":false},"excerpt":{"rendered":"<p>A Funda\u00e7\u00e3o Ajuda \u00e0 Igreja que Sofre (AIS) informa que pastores Fulani assassinaram na \u00faltima quinta-feira o padre Paul Offu, \u201cum dos jovens e mais ativos sacerdotes\u201d da Diocese de Enugu na Nig\u00e9ria. \u201cEm plena estrada, enquanto estava a fazer uma visita a um amigo seu, sacerdote em Ihe Agbudu. Que mundo perverso e demon\u00edaco\u201d, [&hellip;]<\/p>\n","protected":false},"author":1,"featured_media":51998,"comment_status":"open","ping_status":"closed","sticky":false,"template":"","format":"standard","meta":{"footnotes":""},"categories":[4],"tags":[],"class_list":["post-51997","post","type-post","status-publish","format-standard","has-post-thumbnail","hentry","category-cotidiano"],"_links":{"self":[{"href":"https:\/\/catolicanet.net\/wp-cnet\/wp-json\/wp\/v2\/posts\/51997","targetHints":{"allow":["GET"]}}],"collection":[{"href":"https:\/\/catolicanet.net\/wp-cnet\/wp-json\/wp\/v2\/posts"}],"about":[{"href":"https:\/\/catolicanet.net\/wp-cnet\/wp-json\/wp\/v2\/types\/post"}],"author":[{"embeddable":true,"href":"https:\/\/catolicanet.net\/wp-cnet\/wp-json\/wp\/v2\/users\/1"}],"replies":[{"embeddable":true,"href":"https:\/\/catolicanet.net\/wp-cnet\/wp-json\/wp\/v2\/comments?post=51997"}],"version-history":[{"count":1,"href":"https:\/\/catolicanet.net\/wp-cnet\/wp-json\/wp\/v2\/posts\/51997\/revisions"}],"predecessor-version":[{"id":51999,"href":"https:\/\/catolicanet.net\/wp-cnet\/wp-json\/wp\/v2\/posts\/51997\/revisions\/51999"}],"wp:featuredmedia":[{"embeddable":true,"href":"https:\/\/catolicanet.net\/wp-cnet\/wp-json\/wp\/v2\/media\/51998"}],"wp:attachment":[{"href":"https:\/\/catolicanet.net\/wp-cnet\/wp-json\/wp\/v2\/media?parent=51997"}],"wp:term":[{"taxonomy":"category","embeddable":true,"href":"https:\/\/catolicanet.net\/wp-cnet\/wp-json\/wp\/v2\/categories?post=51997"},{"taxonomy":"post_tag","embeddable":true,"href":"https:\/\/catolicanet.net\/wp-cnet\/wp-json\/wp\/v2\/tags?post=51997"}],"curies":[{"name":"wp","href":"https:\/\/api.w.org\/{rel}","templated":true}]}}