{"id":51995,"date":"2019-08-05T15:15:29","date_gmt":"2019-08-05T18:15:29","guid":{"rendered":"http:\/\/catolicanet.net\/wp-cnet\/?p=51995"},"modified":"2019-08-05T15:18:59","modified_gmt":"2019-08-05T18:18:59","slug":"fatima-milhares-de-pessoas-levaram-festa-africana-a-cova-da-iria","status":"publish","type":"post","link":"https:\/\/catolicanet.net\/wp-cnet\/fatima-milhares-de-pessoas-levaram-festa-africana-a-cova-da-iria\/","title":{"rendered":"F\u00e1tima: Milhares de pessoas levaram festa africana \u00e0 Cova da Iria"},"content":{"rendered":"<p>O Santu\u00e1rio de F\u00e1tima viveu hoje um dia de festa com a 25\u00aa peregrina\u00e7\u00e3o das comunidades cat\u00f3licas africanas, sob a presid\u00eancia do cardeal cabo-verdiana D. Arlindo Furtado.<\/p>\n<p>\u201cF\u00e1tima \u00e9 um altar do mundo, tamb\u00e9m para o mundo lus\u00f3fono. Sempre foi para n\u00f3s uma refer\u00eancia fundamental\u201d, referiu o bispo de Santiago \u00e0 Ag\u00eancia ECCLESIA.<\/p>\n<p>A iniciativa promovida pela Capelania das Comunidades Cat\u00f3licas Africanas de Lisboa teve como tema \u2018A Virgem Maria, disc\u00edpula do Senhor\u2019, num programa de ora\u00e7\u00e3o, encontro e conv\u00edvio.<\/p>\n<p>O cardeal D. Arlindo Furtado sublinha a import\u00e2ncia deste encontro como tempo de \u201crevigoramento da f\u00e9 e de encontro social\u201d, entre amigos, com import\u00e2ncia \u201chumana e social\u201d.<\/p>\n<p>O respons\u00e1vel destaca a dimens\u00e3o de peregrina\u00e7\u00e3o, na vida dos cat\u00f3licos, onde quer que se encontrem, como marca de \u201ccomunh\u00e3o humana e cidadania comum\u201d, tanto os \u201cportugueses que s\u00e3o emigrantes\u201d como \u201cos estrangeiros que est\u00e3o em Portugal\u201d.<\/p>\n<p>\u201cSomos membros de uma \u00fanica fam\u00edlia e isso \u00e9 muito bonito e \u00e9 muito importante\u201d, declarou.<\/p>\n<p>O programa da peregrina\u00e7\u00e3o ao santu\u00e1rio mariano da Cova da Iria proporciona diversos momentos de encontro, celebra\u00e7\u00e3o e comemora\u00e7\u00e3o, desde 1994.<\/p>\n<p>A capelania dos africanos insere-se no apoio dos Mission\u00e1rios Espiritanos aos imigrantes desde os in\u00edcios dos anos 80; com o decorrer dos anos e com o fluxo imigrat\u00f3rio em Portugal sentiu-se a necessidade duma reorganiza\u00e7\u00e3o da atividade pastoral junto dos imigrantes.<\/p>\n<p>O respons\u00e1vel pela capelania, padre Andrew Prince, falou num dia de \u201calegria\u201d, que re\u00fane em F\u00e1tima pessoas de v\u00e1rias nacionalidades e mesmo quem se afastou at\u00e9 da vida eclesial.<\/p>\n<p>\u201cH\u00e1 necessidade de sair, de encontrar outras pessoas, outras realidades, para poder transmitir a f\u00e9\u201d, afirma o religioso espiritano.<\/p>\n","protected":false},"excerpt":{"rendered":"<p>O Santu\u00e1rio de F\u00e1tima viveu hoje um dia de festa com a 25\u00aa peregrina\u00e7\u00e3o das comunidades cat\u00f3licas africanas, sob a presid\u00eancia do cardeal cabo-verdiana D. Arlindo Furtado. \u201cF\u00e1tima \u00e9 um altar do mundo, tamb\u00e9m para o mundo lus\u00f3fono. Sempre foi para n\u00f3s uma refer\u00eancia fundamental\u201d, referiu o bispo de Santiago \u00e0 Ag\u00eancia ECCLESIA. A iniciativa [&hellip;]<\/p>\n","protected":false},"author":1,"featured_media":51996,"comment_status":"open","ping_status":"closed","sticky":false,"template":"","format":"standard","meta":{"footnotes":""},"categories":[4],"tags":[],"class_list":["post-51995","post","type-post","status-publish","format-standard","has-post-thumbnail","hentry","category-cotidiano"],"_links":{"self":[{"href":"https:\/\/catolicanet.net\/wp-cnet\/wp-json\/wp\/v2\/posts\/51995","targetHints":{"allow":["GET"]}}],"collection":[{"href":"https:\/\/catolicanet.net\/wp-cnet\/wp-json\/wp\/v2\/posts"}],"about":[{"href":"https:\/\/catolicanet.net\/wp-cnet\/wp-json\/wp\/v2\/types\/post"}],"author":[{"embeddable":true,"href":"https:\/\/catolicanet.net\/wp-cnet\/wp-json\/wp\/v2\/users\/1"}],"replies":[{"embeddable":true,"href":"https:\/\/catolicanet.net\/wp-cnet\/wp-json\/wp\/v2\/comments?post=51995"}],"version-history":[{"count":1,"href":"https:\/\/catolicanet.net\/wp-cnet\/wp-json\/wp\/v2\/posts\/51995\/revisions"}],"predecessor-version":[{"id":52017,"href":"https:\/\/catolicanet.net\/wp-cnet\/wp-json\/wp\/v2\/posts\/51995\/revisions\/52017"}],"wp:featuredmedia":[{"embeddable":true,"href":"https:\/\/catolicanet.net\/wp-cnet\/wp-json\/wp\/v2\/media\/51996"}],"wp:attachment":[{"href":"https:\/\/catolicanet.net\/wp-cnet\/wp-json\/wp\/v2\/media?parent=51995"}],"wp:term":[{"taxonomy":"category","embeddable":true,"href":"https:\/\/catolicanet.net\/wp-cnet\/wp-json\/wp\/v2\/categories?post=51995"},{"taxonomy":"post_tag","embeddable":true,"href":"https:\/\/catolicanet.net\/wp-cnet\/wp-json\/wp\/v2\/tags?post=51995"}],"curies":[{"name":"wp","href":"https:\/\/api.w.org\/{rel}","templated":true}]}}