{"id":51930,"date":"2019-08-02T10:55:07","date_gmt":"2019-08-02T13:55:07","guid":{"rendered":"http:\/\/catolicanet.net\/wp-cnet\/?p=51930"},"modified":"2019-08-02T10:55:07","modified_gmt":"2019-08-02T13:55:07","slug":"presidencia-do-regional-norte-2-participa-da-festa-de-sao-liborio-na-alemanha","status":"publish","type":"post","link":"https:\/\/catolicanet.net\/wp-cnet\/presidencia-do-regional-norte-2-participa-da-festa-de-sao-liborio-na-alemanha\/","title":{"rendered":"Presid\u00eancia do regional Norte 2 participa da festa de S\u00e3o Lib\u00f3rio, na Alemanha"},"content":{"rendered":"<p>O bispo de \u00d3bidos (PA) e presidente do regional Norte 2 da Confer\u00eancia Nacional dos Bispos do Brasil (CNBB), dom Bernardo Johannes Bahlmann, e o arcebispo de Bel\u00e9m (PA) e vice-presidente da CNBB Norte 2, dom Alberto Taveira Corr\u00eaa, participaram no fim do m\u00eas de julho da tradicional LiborioFest, os festejos em honra a S\u00e3o Lib\u00f3rio, patrono da arquidiocese de Paderborn, na Alemanha.<\/p>\n<p>O presidente e o vice-presidente do regional foram recebidos pelo arcebispo local, dom Hans-Josef Becker, que foi presenteado com uma r\u00e9plica da imagem peregrina de Nossa Senhora de Nazar\u00e9, entregue por dom Alberto, que tamb\u00e9m pediu ora\u00e7\u00f5es pelo S\u00ednodo para a Amaz\u00f4nia.<\/p>\n<p>A comitiva de bispos brasileiros tamb\u00e9m contou com o bispo de Paranava\u00ed (PR), dom M\u00e1rio Spaki, e o bispo de Coroat\u00e1 (MA), dom Sebasti\u00e3o Bandeira Coelho.<\/p>\n<p><a href=\"http:\/\/cnbbn2.com.br\/presidencia-do-regional-norte-2-participa-da-festa-de-sao-liborio-na-alemanha\/\">Confira a not\u00edcia completa.\u00a0<\/a><\/p>\n","protected":false},"excerpt":{"rendered":"<p>O bispo de \u00d3bidos (PA) e presidente do regional Norte 2 da Confer\u00eancia Nacional dos Bispos do Brasil (CNBB), dom Bernardo Johannes Bahlmann, e o arcebispo de Bel\u00e9m (PA) e vice-presidente da CNBB Norte 2, dom Alberto Taveira Corr\u00eaa, participaram no fim do m\u00eas de julho da tradicional LiborioFest, os festejos em honra a S\u00e3o [&hellip;]<\/p>\n","protected":false},"author":1,"featured_media":51931,"comment_status":"open","ping_status":"closed","sticky":false,"template":"","format":"standard","meta":{"footnotes":""},"categories":[7],"tags":[],"class_list":["post-51930","post","type-post","status-publish","format-standard","has-post-thumbnail","hentry","category-cnbb"],"_links":{"self":[{"href":"https:\/\/catolicanet.net\/wp-cnet\/wp-json\/wp\/v2\/posts\/51930","targetHints":{"allow":["GET"]}}],"collection":[{"href":"https:\/\/catolicanet.net\/wp-cnet\/wp-json\/wp\/v2\/posts"}],"about":[{"href":"https:\/\/catolicanet.net\/wp-cnet\/wp-json\/wp\/v2\/types\/post"}],"author":[{"embeddable":true,"href":"https:\/\/catolicanet.net\/wp-cnet\/wp-json\/wp\/v2\/users\/1"}],"replies":[{"embeddable":true,"href":"https:\/\/catolicanet.net\/wp-cnet\/wp-json\/wp\/v2\/comments?post=51930"}],"version-history":[{"count":1,"href":"https:\/\/catolicanet.net\/wp-cnet\/wp-json\/wp\/v2\/posts\/51930\/revisions"}],"predecessor-version":[{"id":51932,"href":"https:\/\/catolicanet.net\/wp-cnet\/wp-json\/wp\/v2\/posts\/51930\/revisions\/51932"}],"wp:featuredmedia":[{"embeddable":true,"href":"https:\/\/catolicanet.net\/wp-cnet\/wp-json\/wp\/v2\/media\/51931"}],"wp:attachment":[{"href":"https:\/\/catolicanet.net\/wp-cnet\/wp-json\/wp\/v2\/media?parent=51930"}],"wp:term":[{"taxonomy":"category","embeddable":true,"href":"https:\/\/catolicanet.net\/wp-cnet\/wp-json\/wp\/v2\/categories?post=51930"},{"taxonomy":"post_tag","embeddable":true,"href":"https:\/\/catolicanet.net\/wp-cnet\/wp-json\/wp\/v2\/tags?post=51930"}],"curies":[{"name":"wp","href":"https:\/\/api.w.org\/{rel}","templated":true}]}}