{"id":51912,"date":"2019-08-01T15:43:11","date_gmt":"2019-08-01T18:43:11","guid":{"rendered":"http:\/\/catolicanet.net\/wp-cnet\/?p=51912"},"modified":"2019-08-01T15:43:11","modified_gmt":"2019-08-01T18:43:11","slug":"assim-o-grande-santo-afonso-maria-de-ligorio-converteu-um-muculmano","status":"publish","type":"post","link":"https:\/\/catolicanet.net\/wp-cnet\/assim-o-grande-santo-afonso-maria-de-ligorio-converteu-um-muculmano\/","title":{"rendered":"Assim o grande Santo Afonso Maria de Lig\u00f3rio converteu um mu\u00e7ulmano"},"content":{"rendered":"<p>No dia em que a igreja celebra a festa do grande Santo Afonso Maria de Lig\u00f3rio, recordamos um acontecimento especial durante a juventude desse santo italiano, quando conseguiu a convers\u00e3o de um mu\u00e7ulmano.<\/p>\n<p>Dr. Taylor Marshall, te\u00f3logo, fil\u00f3sofo e autor de v\u00e1rios livros, conta que, quando o santo italiano tinha entre 16 e 20 anos de idade, &#8220;um fato maravilhoso ocorreu em sua vida&#8221;.<\/p>\n<p>A fam\u00edlia de Santo Afonso \u201ccontratou um empregado mu\u00e7ulmano na casa. Ao morar perto dele e observando a sua rotina di\u00e1ria, o mu\u00e7ulmano pediu para ser batizado na f\u00e9 cat\u00f3lica\u201d.<\/p>\n<p>\u201cQuando perguntaram para ele por que, o mu\u00e7ulmano respondeu: \u2018Uma religi\u00e3o que produz uma virtude como a dele (Santo Afonso) s\u00f3 pode ser verdadeira\u2019\u201d.<\/p>\n<p>O te\u00f3logo norte-americano e pai de oito filhos comenta que esta hist\u00f3ria \u201cdeve nos ensinar que \u00e9 a santidade que converte os cora\u00e7\u00f5es que n\u00e3o acreditam em Cristo. Questiono-me quando penso em aplicar isso na minha vida\u201d.<\/p>\n<p>Este fato, acrescentou, \u201c\u00e9 um alerta para o Ocidente. Por que os mu\u00e7ulmanos n\u00e3o se convertem \u00e0 f\u00e9 cat\u00f3lica? A resposta poderia ter a ver o fato de que eles n\u00e3o veem que o cristianismo produz uma grande virtude\u201d.<\/p>\n<p>Santo Afonso Maria de Lig\u00f3rio \u00e9 um santo italiano e um dos 33 doutores da Igreja. Tamb\u00e9m \u00e9 padroeiro da teologia moral.<\/p>\n<p>Sua biografia, explica o especialista, \u201c\u00e9 impressionante. Aqui alguns exemplos disso. Fez um voto solene a Deus de n\u00e3o perder um minuto de sua vida na dor do pecado mortal (&#8230;) Fundou os Redentoristas com muito esfor\u00e7o e seus confessores disseram que ele nunca cometeu um pecado mortal desde o seu batismo at\u00e9 a sua morte pac\u00edfica\u201d.<\/p>\n<p>\u201cSanto Afonso recebeu permiss\u00e3o para praticar o direito aos 16 anos. Imagine ter um rapaz a esta idade representando-os no tribunal. No entanto, Afonso foi um dos advogados mais procurados de seu tempo em N\u00e1poles\u201d.<\/p>\n<p>O santo morreu aos 90 anos, na noite de 31 de julho para 1\u00ba de agosto de 1787. Foi canonizado em 1839 e declarado Doutor da Igreja em 1871.<\/p>\n","protected":false},"excerpt":{"rendered":"<p>No dia em que a igreja celebra a festa do grande Santo Afonso Maria de Lig\u00f3rio, recordamos um acontecimento especial durante a juventude desse santo italiano, quando conseguiu a convers\u00e3o de um mu\u00e7ulmano. Dr. Taylor Marshall, te\u00f3logo, fil\u00f3sofo e autor de v\u00e1rios livros, conta que, quando o santo italiano tinha entre 16 e 20 anos [&hellip;]<\/p>\n","protected":false},"author":1,"featured_media":51914,"comment_status":"open","ping_status":"closed","sticky":false,"template":"","format":"standard","meta":{"footnotes":""},"categories":[4],"tags":[],"class_list":["post-51912","post","type-post","status-publish","format-standard","has-post-thumbnail","hentry","category-cotidiano"],"_links":{"self":[{"href":"https:\/\/catolicanet.net\/wp-cnet\/wp-json\/wp\/v2\/posts\/51912","targetHints":{"allow":["GET"]}}],"collection":[{"href":"https:\/\/catolicanet.net\/wp-cnet\/wp-json\/wp\/v2\/posts"}],"about":[{"href":"https:\/\/catolicanet.net\/wp-cnet\/wp-json\/wp\/v2\/types\/post"}],"author":[{"embeddable":true,"href":"https:\/\/catolicanet.net\/wp-cnet\/wp-json\/wp\/v2\/users\/1"}],"replies":[{"embeddable":true,"href":"https:\/\/catolicanet.net\/wp-cnet\/wp-json\/wp\/v2\/comments?post=51912"}],"version-history":[{"count":1,"href":"https:\/\/catolicanet.net\/wp-cnet\/wp-json\/wp\/v2\/posts\/51912\/revisions"}],"predecessor-version":[{"id":51915,"href":"https:\/\/catolicanet.net\/wp-cnet\/wp-json\/wp\/v2\/posts\/51912\/revisions\/51915"}],"wp:featuredmedia":[{"embeddable":true,"href":"https:\/\/catolicanet.net\/wp-cnet\/wp-json\/wp\/v2\/media\/51914"}],"wp:attachment":[{"href":"https:\/\/catolicanet.net\/wp-cnet\/wp-json\/wp\/v2\/media?parent=51912"}],"wp:term":[{"taxonomy":"category","embeddable":true,"href":"https:\/\/catolicanet.net\/wp-cnet\/wp-json\/wp\/v2\/categories?post=51912"},{"taxonomy":"post_tag","embeddable":true,"href":"https:\/\/catolicanet.net\/wp-cnet\/wp-json\/wp\/v2\/tags?post=51912"}],"curies":[{"name":"wp","href":"https:\/\/api.w.org\/{rel}","templated":true}]}}