{"id":51909,"date":"2019-08-01T15:27:45","date_gmt":"2019-08-01T18:27:45","guid":{"rendered":"http:\/\/catolicanet.net\/wp-cnet\/?p=51909"},"modified":"2019-08-01T15:30:40","modified_gmt":"2019-08-01T18:30:40","slug":"intencoes-de-oracao-de-agosto-o-papa-reza-por-um-mundo-com-familias","status":"publish","type":"post","link":"https:\/\/catolicanet.net\/wp-cnet\/intencoes-de-oracao-de-agosto-o-papa-reza-por-um-mundo-com-familias\/","title":{"rendered":"Inten\u00e7\u00f5es de ora\u00e7\u00e3o de agosto: o Papa reza por um mundo com fam\u00edlias"},"content":{"rendered":"<div>\n<p><iframe loading=\"lazy\" width=\"696\" height=\"392\" src=\"https:\/\/www.youtube.com\/embed\/mmXtlZ_g4Uk?feature=oembed\" frameborder=\"0\" allow=\"accelerometer; autoplay; encrypted-media; gyroscope; picture-in-picture\" allowfullscreen><\/iframe><\/p>\n<\/div>\n<div class=\"article__subTitle\">Em uma mensagem v\u00eddeo o Santo Padre pede pelas fam\u00edlias e que se reze por elas, para que possam se tornar \u201cescolas de verdadeiro crescimento humano\u201d, nas quais as pessoas possam aprender uma vida de ora\u00e7\u00e3o e amor<\/div>\n<div class=\"title__separator\"><\/div>\n<div class=\"article__text\">\n<p>Foi divulgada, nesta quinta-feira (01\/08), a mensagem v\u00eddeo do Papa Francisco com a inten\u00e7\u00e3o de ora\u00e7\u00e3o para o m\u00eas de agosto com o tema \u201cAs fam\u00edlias, um laborat\u00f3rio de humaniza\u00e7\u00e3o\u201d.<\/p>\n<div>\n<div class=\"article__embed article__embed--unwrap article__embed--dark\">\n<div class=\"article__innerTitle\">Ou\u00e7a e compartilhe!<\/div>\n<!--[if lt IE 9]><script>document.createElement('audio');<\/script><![endif]-->\n<audio class=\"wp-audio-shortcode\" id=\"audio-51909-1\" preload=\"none\" style=\"width: 100%;\" controls=\"controls\"><source type=\"audio\/mpeg\" src=\"https:\/\/media.vaticannews.va\/media\/audio\/s1\/2019\/08\/01\/17\/135158325_F135158325.mp3?_=1\" \/><a href=\"https:\/\/media.vaticannews.va\/media\/audio\/s1\/2019\/08\/01\/17\/135158325_F135158325.mp3\">https:\/\/media.vaticannews.va\/media\/audio\/s1\/2019\/08\/01\/17\/135158325_F135158325.mp3<\/a><\/audio>\n<\/div>\n<\/div>\n<p>O Papa volta o olhar para as fam\u00edlias e nos pede que orientemos nossas inten\u00e7\u00f5es de ora\u00e7\u00e3o para tudo que favore\u00e7a as fam\u00edlias, para que elas se tornem verdadeiros lugares de crescimento humano. Para o Santo Padre, as fam\u00edlias s\u00e3o \u201co melhor legado poss\u00edvel\u201d que podemos deixar para o mundo e o futuro.<\/p>\n<p>&#8220;Que mundo queremos deixar para o futuro?&#8221;, pergunta-nos o Papa. &#8220;Deixemos um mundo com fam\u00edlias. Cuidemos das fam\u00edlias, porque s\u00e3o verdadeiras escolas do amanh\u00e3&#8221;.<\/p>\n<p>Francisco nos recorda: &#8220;Rezemos pelas fam\u00edlias para que gra\u00e7as a uma vida de amor se tornem cada vez mais laborat\u00f3rios de humaniza\u00e7\u00e3o&#8221;.<\/p>\n<p>&nbsp;<\/p>\n<\/div>\n","protected":false},"excerpt":{"rendered":"<p>Em uma mensagem v\u00eddeo o Santo Padre pede pelas fam\u00edlias e que se reze por elas, para que possam se tornar \u201cescolas de verdadeiro crescimento humano\u201d, nas quais as pessoas possam aprender uma vida de ora\u00e7\u00e3o e amor Foi divulgada, nesta quinta-feira (01\/08), a mensagem v\u00eddeo do Papa Francisco com a inten\u00e7\u00e3o de ora\u00e7\u00e3o para [&hellip;]<\/p>\n","protected":false},"author":1,"featured_media":51910,"comment_status":"open","ping_status":"closed","sticky":false,"template":"","format":"standard","meta":{"footnotes":""},"categories":[13],"tags":[],"class_list":["post-51909","post","type-post","status-publish","format-standard","has-post-thumbnail","hentry","category-featured"],"_links":{"self":[{"href":"https:\/\/catolicanet.net\/wp-cnet\/wp-json\/wp\/v2\/posts\/51909","targetHints":{"allow":["GET"]}}],"collection":[{"href":"https:\/\/catolicanet.net\/wp-cnet\/wp-json\/wp\/v2\/posts"}],"about":[{"href":"https:\/\/catolicanet.net\/wp-cnet\/wp-json\/wp\/v2\/types\/post"}],"author":[{"embeddable":true,"href":"https:\/\/catolicanet.net\/wp-cnet\/wp-json\/wp\/v2\/users\/1"}],"replies":[{"embeddable":true,"href":"https:\/\/catolicanet.net\/wp-cnet\/wp-json\/wp\/v2\/comments?post=51909"}],"version-history":[{"count":2,"href":"https:\/\/catolicanet.net\/wp-cnet\/wp-json\/wp\/v2\/posts\/51909\/revisions"}],"predecessor-version":[{"id":51913,"href":"https:\/\/catolicanet.net\/wp-cnet\/wp-json\/wp\/v2\/posts\/51909\/revisions\/51913"}],"wp:featuredmedia":[{"embeddable":true,"href":"https:\/\/catolicanet.net\/wp-cnet\/wp-json\/wp\/v2\/media\/51910"}],"wp:attachment":[{"href":"https:\/\/catolicanet.net\/wp-cnet\/wp-json\/wp\/v2\/media?parent=51909"}],"wp:term":[{"taxonomy":"category","embeddable":true,"href":"https:\/\/catolicanet.net\/wp-cnet\/wp-json\/wp\/v2\/categories?post=51909"},{"taxonomy":"post_tag","embeddable":true,"href":"https:\/\/catolicanet.net\/wp-cnet\/wp-json\/wp\/v2\/tags?post=51909"}],"curies":[{"name":"wp","href":"https:\/\/api.w.org\/{rel}","templated":true}]}}