{"id":51893,"date":"2019-08-01T11:17:44","date_gmt":"2019-08-01T14:17:44","guid":{"rendered":"http:\/\/catolicanet.net\/wp-cnet\/?p=51893"},"modified":"2019-08-01T11:17:44","modified_gmt":"2019-08-01T14:17:44","slug":"itaipu-bispos-do-paraguai-pedem-que-seja-esclarecido-o-acordo-com-o-brasil","status":"publish","type":"post","link":"https:\/\/catolicanet.net\/wp-cnet\/itaipu-bispos-do-paraguai-pedem-que-seja-esclarecido-o-acordo-com-o-brasil\/","title":{"rendered":"Itaipu. Bispos do Paraguai pedem que seja esclarecido o acordo com o Brasil"},"content":{"rendered":"<div class=\"article__subTitle\">Os Bispos do Paraguai lan\u00e7aram um comunicado pedindo ao governo paraguaio \u201cesclarecimentos e transpar\u00eancia\u201d sobre o acordo assinado com o Brasil sobre a hidrel\u00e9trica de Itaipu. O acordo gerou protesto no pa\u00eds e baixas no governo<\/div>\n<div class=\"title__separator\"><\/div>\n<div class=\"article__text\">\n<p><b>Cidade do Vaticano<\/b><\/p>\n<p>Foi um acordo secreto que gerou muitos protestos no pa\u00eds. E agora, o pedido de esclarecimentos por parte dos bispos. O Paraguai est\u00e1 em grande agita\u00e7\u00e3o pelo caso do acordo com o Brasil sobre a fornecimento de energia atrav\u00e9s da Usina de Itaipu, a maior hidrel\u00e9trica do mundo.<\/p>\n<h2><b>Buscar o bem e a transpar\u00eancia<\/b><\/h2>\n<p>&#8220;Pedimos que haja esclarecimentos e transpar\u00eancia sobre tudo o que fizeram at\u00e9 agora, e que sejam assumidas as responsabilidades devidas de um fato que gerou uma importante crise nas esferas pol\u00edticas do pa\u00eds\u201d, indicaram os bispos em um comunicado de 30 de julho, enviado da casa de retiro Ema\u00fas, onde realizam sua 222\u00aa assembleia plen\u00e1ria extraordin\u00e1ria.<\/p>\n<p>\u201cA Confer\u00eancia Episcopal do Paraguai aplaude o gesto patri\u00f3tico do povo, que implica estar informado e interessado pelo bem comum, garantia da salvaguarda da soberania nacional\u201d, acrescenta o texto.<\/p>\n<p>Sobre o acordo da hidrel\u00e9trica de Itaipu, os bispos indicaram que \u00e9 um \u201ctema sens\u00edvel e estrat\u00e9gico para o Paraguai. Por isso, \u00e9 fundamental que esse tipo de acordo e negocia\u00e7\u00e3o seja realizado com um alto n\u00edvel de patriotismo, participa\u00e7\u00e3o e socializa\u00e7\u00e3o\u201d.<\/p>\n<p>\u201cAcreditamos que a crise provocada, nessas circunst\u00e2ncias, \u00e9 raz\u00e3o suficiente para apostar e promover, ainda mais, o trabalho interdisciplinar (jur\u00eddico, t\u00e9cnico, econ\u00f4mico e pol\u00edtico) de alto n\u00edvel, com pessoas competentes, com fortes convic\u00e7\u00f5es \u00e9ticas e patri\u00f3ticas; isso pode garantir condi\u00e7\u00f5es justas e transparentes para os interesses do Paraguai\u201d, ressaltaram.<\/p>\n<h2><b>Assinado um &#8220;acordo secreto&#8221; com o Brasil<\/b><\/h2>\n<p>No dia 24 de maio foi assinado um \u201cacordo secreto\u201d entre o governo paraguaio, de M\u00e1rio Abdo Ben\u00edtez, e o Brasil. O tratado estabelece novos termos para a contrata\u00e7\u00e3o anual de pot\u00eancia energ\u00e9tica da hidrel\u00e9trica, compartilhada pelos dois pa\u00edses. Mas depois que o conte\u00fado foi conhecido houve muitas baixas no governo local, pois afirmam que o compromisso obrigava o Paraguai a comprar mais energia do que necessita e que isso dependia de uma atitude extorsiva por parte da companhia el\u00e9trica brasileira Eletrobr\u00e1s. Tudo isso levou a numerosas manifesta\u00e7\u00f5es e protestos, que levaram o Senado a votar uma mo\u00e7\u00e3o contra o acordo obrigando o governo a renegoci\u00e1-lo.<\/p>\n<h2><b>Pela soberania do pa\u00eds<\/b><\/h2>\n<p>\u201cComo pastores da Igreja, acompanhamos este processo com nossa ora\u00e7\u00e3o e pedimos a intercess\u00e3o de Nossa Senhora da Assun\u00e7\u00e3o, Padroeira do Paraguai, de S\u00e3o Roque Gonz\u00e1lez de Santa Cruz e da Beata Maria Fel\u00edcia de Jesus Sacramentado, \u2018Chiquitunga\u2019, para que Deus ilumine nossas autoridades e nos ajude todos a cuidar juntos da soberania de nosso pa\u00eds juntos\u201d, conclu\u00edram.<\/p>\n<\/div>\n","protected":false},"excerpt":{"rendered":"<p>Os Bispos do Paraguai lan\u00e7aram um comunicado pedindo ao governo paraguaio \u201cesclarecimentos e transpar\u00eancia\u201d sobre o acordo assinado com o Brasil sobre a hidrel\u00e9trica de Itaipu. O acordo gerou protesto no pa\u00eds e baixas no governo Cidade do Vaticano Foi um acordo secreto que gerou muitos protestos no pa\u00eds. E agora, o pedido de esclarecimentos [&hellip;]<\/p>\n","protected":false},"author":1,"featured_media":51895,"comment_status":"open","ping_status":"closed","sticky":false,"template":"","format":"standard","meta":{"footnotes":""},"categories":[3],"tags":[],"class_list":["post-51893","post","type-post","status-publish","format-standard","has-post-thumbnail","hentry","category-vaticano"],"_links":{"self":[{"href":"https:\/\/catolicanet.net\/wp-cnet\/wp-json\/wp\/v2\/posts\/51893","targetHints":{"allow":["GET"]}}],"collection":[{"href":"https:\/\/catolicanet.net\/wp-cnet\/wp-json\/wp\/v2\/posts"}],"about":[{"href":"https:\/\/catolicanet.net\/wp-cnet\/wp-json\/wp\/v2\/types\/post"}],"author":[{"embeddable":true,"href":"https:\/\/catolicanet.net\/wp-cnet\/wp-json\/wp\/v2\/users\/1"}],"replies":[{"embeddable":true,"href":"https:\/\/catolicanet.net\/wp-cnet\/wp-json\/wp\/v2\/comments?post=51893"}],"version-history":[{"count":1,"href":"https:\/\/catolicanet.net\/wp-cnet\/wp-json\/wp\/v2\/posts\/51893\/revisions"}],"predecessor-version":[{"id":51898,"href":"https:\/\/catolicanet.net\/wp-cnet\/wp-json\/wp\/v2\/posts\/51893\/revisions\/51898"}],"wp:featuredmedia":[{"embeddable":true,"href":"https:\/\/catolicanet.net\/wp-cnet\/wp-json\/wp\/v2\/media\/51895"}],"wp:attachment":[{"href":"https:\/\/catolicanet.net\/wp-cnet\/wp-json\/wp\/v2\/media?parent=51893"}],"wp:term":[{"taxonomy":"category","embeddable":true,"href":"https:\/\/catolicanet.net\/wp-cnet\/wp-json\/wp\/v2\/categories?post=51893"},{"taxonomy":"post_tag","embeddable":true,"href":"https:\/\/catolicanet.net\/wp-cnet\/wp-json\/wp\/v2\/tags?post=51893"}],"curies":[{"name":"wp","href":"https:\/\/api.w.org\/{rel}","templated":true}]}}