{"id":5185,"date":"2014-10-07T03:00:00","date_gmt":"2014-10-07T06:00:00","guid":{"rendered":"http:\/\/catolicanet.net\/wp-cnet\/dom-aloisio-lorscheider-nascia-ha-90-anos\/"},"modified":"2017-04-06T15:19:18","modified_gmt":"2017-04-06T18:19:18","slug":"dom-aloisio-lorscheider-nascia-ha-90-anos","status":"publish","type":"post","link":"https:\/\/catolicanet.net\/wp-cnet\/dom-aloisio-lorscheider-nascia-ha-90-anos\/","title":{"rendered":"Dom Alo\u00edsio Lorscheider nascia h\u00e1 90 anos"},"content":{"rendered":"<p style=\"text-align: justify;\">Bendito seja Deus que amou tanto o mundo que nos deu o seu Filho unig\u00eanito (cf. Jo 3,16); que tamb\u00e9m nos deu um bispo, um pastor, um te\u00f3logo e um Cardeal exemplar como Dom Alo\u00edsio Lorscheider, filho de Jos\u00e9 Aloysio Lorscheider e de Ver\u00f4nica Gerhard Lorscheider, nascido em Linha Geraldo, munic\u00edpio de Estrela, no estado do Rio Grande do Sul, em 08 de outubro de 1924. Foi um ser humano extraordin\u00e1rio, que a partir do projeto de Deus, soube compreender nossa realidade em toda sua conjuntura, por isso se posicionava sempre de maneira clara e bem definida, fazendo profundas an\u00e1lises e conclus\u00f5es teol\u00f3gicas pastorais, o que passava para as pessoas de boa vontade, um clima que favorecia e gerava uma confian\u00e7a generalizada. De acordo com Dom Edmilson da Cruz: \u201c\u00c9 este dom Alo\u00edsio que o Cear\u00e1 guarda no cora\u00e7\u00e3o como uma imagem de Nosso Senhor Jesus Cristo, uma presen\u00e7a viva de S\u00e3o Francisco de Assis: o Cardeal Arcebispo, o Mestre, o Amigo dos pobres, o Pastor e o Profeta. Por toda esta imensa gra\u00e7a do c\u00e9u que nos foi dada\u201d.<br \/>Dom Alo\u00edsio, filho de S\u00e3o Francisco de Assis, soube descobrir a verdadeira face de Deus, na qual refletia-se vividamente o tra\u00e7ado de seus passos, a partir dessa realidade misteriosa, ao afirmar numa tonalidade po\u00e9tica e com profunda sabedoria: \u201cSempre fiquei muito impressionado e atra\u00eddo pelo amor quente e apaixonado que S\u00e3o Francisco dedica a Deus. Parece que no beijo do leproso ele entendeu, como Saulo no caminho de Damasco, a doa\u00e7\u00e3o total de Deus a n\u00f3s em seu Filho Jesus Cristo. Custou a Francisco n\u00e3o s\u00f3 descer do cavalo fogoso que no momento montava, mas muito mais do cavalo do orgulho e da vaidade com que ele queria conquistar o t\u00edtulo de grande e nobre\u201d.<br \/>Foi exatamente a virtude da simplicidade, da humildade, que o transformou no Cardeal que mais se destacou em todos os Conclaves e S\u00ednodos, dos quais participou, gerando sempre para o mundo inteiro e, especialmente para a imprensa, uma grande expectativa ao se manifestar. Sua palavra corajosa e prof\u00e9tica era acolhida por todos como uma boa not\u00edcia, como uma d\u00e1diva que descia do c\u00e9u! Eis que disse o Senador Pedro Simon a respeito de Dom Alo\u00edsio: \u201c[&#8230;] sua voz, naturalmente doce, alternava-se quando era preciso confrontar os vendilh\u00f5es da justi\u00e7a, quando todos os jardins da democracia corriam o risco de ser alvo de bombas atiradas pelos olhares fixos da repress\u00e3o. Sua voz ecoou pelos corredores das pris\u00f5es [&#8230;]\u201d. <br \/>Esta impoluta figura humana dizia que \u201c[&#8230;] Para aprofundar e anunciar os mist\u00e9rios da nossa f\u00e9 \u00e9 preciso entrar no sil\u00eancio de Deus\u201d. Homem de grande coer\u00eancia entre a\u00e7\u00f5es e palavras, de fato era notadamente vis\u00edvel seu habitual sorriso nos l\u00e1bios, que revelavam a do\u00e7ura e ternura em pessoa que verdadeiramente era, e se vivo fosse, estaria completando noventa anos neste dia oito de outubro de 2014.\u00a0 Dom Alo\u00edsio Lorscheider, que pela gra\u00e7a de Deus, fez-se disc\u00edpulo de S\u00e3o Francisco de Assis em toda sua plenitude, ao dizer com seguran\u00e7a sobre o pobrezinho de Assis: \u201cUm homem livre, amarrado a ningu\u00e9m, levando-o a redescobrir a pureza original das criaturas. Indubitavelmente, o C\u00e2ntico das Criaturas expressa esta liberdade interior e exterior conseguida pelo Santo de Assis. S\u00f3 uma vida inteiramente aberta a Deus e ao irm\u00e3o \u00e9 capaz de dar \u00e0 criatura humana o gozo da liberta\u00e7\u00e3o, que conduz \u00e0 liberdade pura e santa com que Deus nos criou\u201d.<br \/>Nomeado aos 04\/04\/1974 pelo Papa Paulo VI arcebispo de Fortaleza \u2013 CE, com a miss\u00e3o de suceder Dom Jos\u00e9 de Medeiros Delgado, tomou posse em 05 de agosto do mesmo ano. Menos de dois anos depois, aos 24 de abril de 1976 chegou alvissareira not\u00edcia de que fora elevado a cardeal Presb\u00edtero com t\u00edtulo de S\u00e3o Pedro \u201cin Montorio\u201d, pelo mesmo Romano Pont\u00edfice e, como tal, tomou parte nos dois conclaves, nos quais foram eleitos os papas Jo\u00e3o Paulo I e Jo\u00e3o Paulo II, nesta ordem. Homem profundamente marcado pela m\u00edstica franciscana, um dom e presente de Deus, o suficiente para mergulhar no Mist\u00e9rio da Encarna\u00e7\u00e3o e da Paix\u00e3o do Senhor Jesus Cristo, Dom Alo\u00edsio nos revelou o rosto de uma Igreja verdadeiramente pascal, em seus sentidos mais profundos da liberdade e da perfeita alegria crist\u00e3. Tendo como alicerce a simbologia do manto da paz, da justi\u00e7a e da solidariedade, desmanchou montanhas de orgulho e de ego\u00edsmo, o que nos faz pensar que o consumismo, o ego\u00edsmo e o individualismo n\u00e3o podem ofuscar o florescimento da alegre esperan\u00e7a de nossos irm\u00e3os e irm\u00e3s, \u00e1vidos a sempre mais redescobrir, numa bela e maravilhosa aventura, que Deus \u00e9 amor.<br \/>Dom Alo\u00edsio verbalizou com todas as letras, no IV Encontro Regional do Clero do Nordeste sua experi\u00eancia: \u201cAssim deve ser nossa pr\u00e1tica pastoral: encarnada na vida do povo, quen\u00f3tica, esvaziada de si mesmo, entregue nas m\u00e3os de Deus e do povo simples, sem temer as tens\u00f5es, aprendendo a conviver com os conflitos, crescendo na f\u00e9\u201d. Para encerrar esta reflex\u00e3o cito mais uma vez seu grande e fiel amigo, Dom Edmilson da Cruz, nascido cinco dias antes: \u201cNele o permanente era o trabalho \u00e0s vezes prolongado noite adentro, o atendimento \u00e0s pessoas, sempre atencioso e amigo, a reflex\u00e3o, a reda\u00e7\u00e3o de textos e documentos, que novos rumos iam imprimindo \u00e0s diversas Pastorais, novas luzes que iluminavam o c\u00e9u da caminhada em rigorosa fidelidade ao Evangelho e \u00e0 melhor tradi\u00e7\u00e3o da Santa Igreja\u201d. Ap\u00f3s uma vida inteiramente devotada por amor ao Cristo, revelada para ele na face dos menos favorecidos, o Cardeal Lorscheider, aos 23 de dezembro de 2007, no Hospital S\u00e3o Francisco, em Porto Alegre, no qual estava internado havia quase um m\u00eas, parte para o seio do Pai.\u00a0 Assim seja!<\/p>\n","protected":false},"excerpt":{"rendered":"<p>Bendito seja Deus que amou tanto o mundo que nos deu o seu Filho unig\u00eanito (cf. Jo 3,16); que tamb\u00e9m nos deu um bispo, um pastor, um te\u00f3logo e um Cardeal exemplar como Dom Alo\u00edsio Lorscheider, filho de Jos\u00e9 Aloysio Lorscheider e de Ver\u00f4nica Gerhard Lorscheider, nascido em Linha Geraldo, munic\u00edpio de Estrela, no estado [&hellip;]<\/p>\n","protected":false},"author":6,"featured_media":0,"comment_status":"closed","ping_status":"closed","sticky":false,"template":"","format":"standard","meta":{"footnotes":""},"categories":[9],"tags":[],"class_list":["post-5185","post","type-post","status-publish","format-standard","hentry","category-artigos"],"_links":{"self":[{"href":"https:\/\/catolicanet.net\/wp-cnet\/wp-json\/wp\/v2\/posts\/5185","targetHints":{"allow":["GET"]}}],"collection":[{"href":"https:\/\/catolicanet.net\/wp-cnet\/wp-json\/wp\/v2\/posts"}],"about":[{"href":"https:\/\/catolicanet.net\/wp-cnet\/wp-json\/wp\/v2\/types\/post"}],"author":[{"embeddable":true,"href":"https:\/\/catolicanet.net\/wp-cnet\/wp-json\/wp\/v2\/users\/6"}],"replies":[{"embeddable":true,"href":"https:\/\/catolicanet.net\/wp-cnet\/wp-json\/wp\/v2\/comments?post=5185"}],"version-history":[{"count":1,"href":"https:\/\/catolicanet.net\/wp-cnet\/wp-json\/wp\/v2\/posts\/5185\/revisions"}],"predecessor-version":[{"id":10041,"href":"https:\/\/catolicanet.net\/wp-cnet\/wp-json\/wp\/v2\/posts\/5185\/revisions\/10041"}],"wp:attachment":[{"href":"https:\/\/catolicanet.net\/wp-cnet\/wp-json\/wp\/v2\/media?parent=5185"}],"wp:term":[{"taxonomy":"category","embeddable":true,"href":"https:\/\/catolicanet.net\/wp-cnet\/wp-json\/wp\/v2\/categories?post=5185"},{"taxonomy":"post_tag","embeddable":true,"href":"https:\/\/catolicanet.net\/wp-cnet\/wp-json\/wp\/v2\/tags?post=5185"}],"curies":[{"name":"wp","href":"https:\/\/api.w.org\/{rel}","templated":true}]}}